{"id":9995,"date":"2016-07-01T14:18:37","date_gmt":"2016-07-01T12:18:37","guid":{"rendered":"http:\/\/semndecarte.metarsis.ro\/?p=9995"},"modified":"2016-07-01T14:20:17","modified_gmt":"2016-07-01T12:20:17","slug":"resitareschitza-245-ani-jahre","status":"publish","type":"post","link":"https:\/\/semndecarte.metarsis.ro\/?p=9995","title":{"rendered":"Re\u0219i\u021ba\/Reschitza &#8211; 245 ani\/ Jahre"},"content":{"rendered":"<p style=\"text-align: justify;\"><strong>Expo fotografie veche Lucian DUCA<\/strong><\/p>\n<p style=\"text-align: justify;\"><a href=\"http:\/\/semndecarte.metarsis.ro\/wp-content\/uploads\/2016\/07\/C360_2016-07-01-13-52-29-672.jpg\" rel=\"lightbox[9995]\"><img loading=\"lazy\" class=\"alignleft size-full wp-image-9996\" src=\"http:\/\/semndecarte.metarsis.ro\/wp-content\/uploads\/2016\/07\/C360_2016-07-01-13-52-29-672.jpg\" alt=\"C360_2016-07-01-13-52-29-672\" width=\"520\" height=\"200\" srcset=\"https:\/\/semndecarte.metarsis.ro\/wp-content\/uploads\/2016\/07\/C360_2016-07-01-13-52-29-672.jpg 520w, https:\/\/semndecarte.metarsis.ro\/wp-content\/uploads\/2016\/07\/C360_2016-07-01-13-52-29-672-160x62.jpg 160w, https:\/\/semndecarte.metarsis.ro\/wp-content\/uploads\/2016\/07\/C360_2016-07-01-13-52-29-672-163x63.jpg 163w\" sizes=\"(max-width: 520px) 100vw, 520px\" \/><\/a>S\u00e2mb\u0103t\u0103, 2 iulie 2016, orele 18:00, la Centrul Social \u201eFr\u00e9d\u00e9ric Ozanam\u201d al Asocia\u021biei Caritative \u201eSfantul Vincentiu de Paul\u201d din Re\u0219i\u021ba va avea loc vernisajul expozitiei de fotografie veche, printuri pe p\u00e2nz\u0103 canvas. Realizatorul, Lucian DUCA, readuce \u00een memoria colectiv\u0103 o parte din patrimoniul imobil social, cultural, ecumenic \u0219i industrial al ora\u0219ului de pe B\u00e2rzava, file de istorie ce stau m\u0103rturie a valorilor b\u0103n\u0103\u021bene m\u0103rturisite \u00eentregii lumi.\u00a0&#8222;F\u0103r\u0103 de ele orice cultur\u0103 \u015fi civiliza\u0163ie se afl\u0103 \u00een pericol de moarte&#8221;, spunea p\u0103rintele Nicolae Delarohia- Steinhardt.<\/p>\n<p style=\"text-align: justify;\">Momentul artistic va fi asigurat de Ansamblul \u201eBanater Bergland\u201c, corul \u201eFranz St\u00fcrmer\u201c \u0219i echipa de dansuri populare germane \u201eEnzian\u201c.<!--more--><\/p>\n<p style=\"text-align: justify;\">Programul face parte din evenimentul amplu dedicat urbei, la aniversare: Re\u0219i\u021ba\/Reschitza &#8211; 245 ani\/ Jahre.<\/p>\n<p style=\"text-align: justify;\">2. Juli 2016, 18:00 Uhr, \u201eFr\u00e9d\u00e9ric Ozanam\u201c-Sozialzentrum Reschitza:<\/p>\n<p style=\"text-align: justify;\">Projekt \u201eRe\u0219i\u021ba\/Reschitza &#8211; 245 Jahre\u201c: Alte-Ansichtskarten- Ausstellung Lucian Duca. Mit Beteiligung des \u201eBanater Bergland\u201c-Musikensembles, des \u201eFranz St\u00fcrmer\u201c-Chors und der deutschen \u201eEnzian\u201c-Volkstanzgruppe, alle aus Reschitza.<\/p>\n<p style=\"text-align: justify;\">Eveniment organizat de Forumul Democratic al Germanilor din Banatul Montan, Asocia\u021bia German\u0103 de Cultur\u0103 \u0219i Educa\u021bie a Adul\u021bilor Re\u0219i\u021ba \u00een parteneriat cu Societatea pentru Cultur\u0103 \u201dMetarsis\u201d-activit\u0103\u021bi \u0219i servicii de cultur\u0103 urban\u0103 \u0219i art\u0103 contemporan\u0103 \u0219i libr\u0103ria Semn de Carte.<\/p>\n","protected":false},"excerpt":{"rendered":"<p>S\u00e2mb\u0103t\u0103, 2 iulie 2016, orele 18:00, la Centrul Social \u201eFr\u00e9d\u00e9ric Ozanam\u201d al Asocia\u021biei Caritative \u201eSfantul Vincentiu de Paul\u201d din Re\u0219i\u021ba va avea loc vernisajul expozitiei de fotografie veche, printuri pe p\u00e2nz\u0103 canvas. Realizatorul, Lucian DUCA, readuce \u00een memoria colectiv\u0103 o parte din patrimoniul imobil social, cultural, ecumenic \u0219i industrial al ora\u0219ului de pe B\u00e2rzava, file de istorie ce stau m\u0103rturie a valorilor b\u0103n\u0103\u021bene m\u0103rturisite \u00eentregii lumi. &#8222;F\u0103r\u0103 de ele orice cultur\u0103 \u015fi civiliza\u0163ie se afl\u0103 \u00een pericol de moarte&#8221;, spunea p\u0103rintele Nicolae Delarohia- Steinhardt.<\/p>\n","protected":false},"author":1,"featured_media":0,"comment_status":"open","ping_status":"open","sticky":false,"template":"","format":"standard","meta":[],"categories":[3],"tags":[56,241],"_links":{"self":[{"href":"https:\/\/semndecarte.metarsis.ro\/index.php?rest_route=\/wp\/v2\/posts\/9995"}],"collection":[{"href":"https:\/\/semndecarte.metarsis.ro\/index.php?rest_route=\/wp\/v2\/posts"}],"about":[{"href":"https:\/\/semndecarte.metarsis.ro\/index.php?rest_route=\/wp\/v2\/types\/post"}],"author":[{"embeddable":true,"href":"https:\/\/semndecarte.metarsis.ro\/index.php?rest_route=\/wp\/v2\/users\/1"}],"replies":[{"embeddable":true,"href":"https:\/\/semndecarte.metarsis.ro\/index.php?rest_route=%2Fwp%2Fv2%2Fcomments&post=9995"}],"version-history":[{"count":0,"href":"https:\/\/semndecarte.metarsis.ro\/index.php?rest_route=\/wp\/v2\/posts\/9995\/revisions"}],"wp:attachment":[{"href":"https:\/\/semndecarte.metarsis.ro\/index.php?rest_route=%2Fwp%2Fv2%2Fmedia&parent=9995"}],"wp:term":[{"taxonomy":"category","embeddable":true,"href":"https:\/\/semndecarte.metarsis.ro\/index.php?rest_route=%2Fwp%2Fv2%2Fcategories&post=9995"},{"taxonomy":"post_tag","embeddable":true,"href":"https:\/\/semndecarte.metarsis.ro\/index.php?rest_route=%2Fwp%2Fv2%2Ftags&post=9995"}],"curies":[{"name":"wp","href":"https:\/\/api.w.org\/{rel}","templated":true}]}}