{"id":9952,"date":"2016-06-30T22:00:23","date_gmt":"2016-06-30T20:00:23","guid":{"rendered":"http:\/\/semndecarte.metarsis.ro\/?p=9952"},"modified":"2016-06-30T22:00:23","modified_gmt":"2016-06-30T20:00:23","slug":"245-resita-15-tmk-2","status":"publish","type":"post","link":"https:\/\/semndecarte.metarsis.ro\/?p=9952","title":{"rendered":"245 RE\u0218I\u021aA \u2013 15 TMK"},"content":{"rendered":"<p style=\"text-align: justify;\"><strong>Expo pictur\u0103<\/strong><\/p>\n<p style=\"text-align: justify;\"><strong><a href=\"http:\/\/semndecarte.metarsis.ro\/wp-content\/uploads\/2016\/06\/Expo-_036.jpg\" rel=\"lightbox[9952]\"><img loading=\"lazy\" class=\"alignleft size-full wp-image-9954\" src=\"http:\/\/semndecarte.metarsis.ro\/wp-content\/uploads\/2016\/06\/Expo-_036.jpg\" alt=\"Expo _036\" width=\"520\" height=\"177\" srcset=\"https:\/\/semndecarte.metarsis.ro\/wp-content\/uploads\/2016\/06\/Expo-_036.jpg 520w, https:\/\/semndecarte.metarsis.ro\/wp-content\/uploads\/2016\/06\/Expo-_036-160x54.jpg 160w, https:\/\/semndecarte.metarsis.ro\/wp-content\/uploads\/2016\/06\/Expo-_036-163x55.jpg 163w\" sizes=\"(max-width: 520px) 100vw, 520px\" \/><\/a><\/strong>Un nou eveniment sub genericul 245 RE\u0218I\u021aA- 15 TMK a avut loc vineri, 24 iunie 2016, la Muzeul Banatului Montan din Re\u0219i\u021ba. Dup\u0103 \u201dfocul nestins\u201d surprins \u00een fotografii de o real\u0103 valoare artistic\u0103 \u0219i documentar\u0103 de c\u0103tre t\u00e2n\u0103rul artist <strong>Victor IOAN<\/strong>, de data aceasta, pe simezele Muzeului au fost expuse lucr\u0103ri de art\u0103 plastic\u0103 \u00a0semnate: <strong>Daniela Csiri Florescu, Sanda Murzea, Nicoleta Onofrei, Adriana Ilin Tomici, Tiberiu Balazs, Tiberiu Fazakas, Cristea Mircioane, Doru Vasiu\u0163i, Radu Ro\u015fianu, Dan Vifor Pichiu, Victor Ioan, Constantin G\u0103in\u0103, Horia Gherghina, Florin Scurtu<\/strong>, arti\u015ftii plastici din Re\u015fi\u0163a, Hunedoara \u015fi Timi\u015foara, participan\u021bi\u00a0 la Tab\u0103ra de art\u0103 plastic\u0103 organizat\u0103 de Funda\u021bia Iancu de Hunedoara la Cabana- Debarcader TMK, V\u0103liug, adu\u00e2nd \u00een fa\u021ba publicului 53 de lucr\u0103ri realizate pe carton \u0219i p\u00e2nz\u0103 \u00een acryl sau tehnic\u0103 mixt\u0103, 2 printuri \u0219i trei sculpturi \u00een lemn policrom. \u00a0<!--more--><\/p>\n<p style=\"text-align: justify;\">3 iulie 1771, la Re\u0219i\u021ba, au fost aprinse focurile \u00a0la furnalele \u201eFranziskus\u201d \u0219i \u201eJosephus\u201d, moment solemn la care au participat Joseph Desiderius Redange \u0219i Franz M\u00fcller von Reichenstein. Atunci au fost montate pe ambele furnale c\u00e2te o plac\u0103 turnat\u0103 inscrip\u021bionat\u0103: \u201dIussu Augustae Theresiae Currante Millerio atque Redangio Exsurerat Furnus Iste\/\u00a0 La ordinul Augustei Theresia sub \u00eengrijirea lui M\u00fcller \u0219i Redange s-a ridicat acest furnal.\u201d Eveniment tehnic extrem de important, aprinderea celor dou\u0103 furnale aici, pe malurile B\u00e2rzavei, la poalele mun\u021bilor Semenic, \u00een apropiere de Boc\u0219a, \u00een a doua jum\u0103tate a secolului al XVIII-lea a fost momentul de \u00eenceput al ascensiunii, pe plan social, practic al na\u0219terii ora\u0219ului Re\u0219i\u021ba. \u201dPeste ani se va uita ce a fost Re\u0219i\u021ba, mul\u021bi au \u00eenceput deja s\u0103 uite, s\u0103 ignore trecutul cu care chiar ei se m\u00e2ndreau p\u00e2n\u0103 mai ieri \u0219i al\u021bii chiar \u00ee\u0219i doresc uitarea dintr-o r\u0103utate greu de \u00een\u021beles, ca o form\u0103 de\u00a0<em>terapie pentru rezolvarea unor probleme.\u00a0<\/em>Cineva trebuie s\u0103 se implice, s\u0103 asigure echilibrul \u00eentre istorie, martori, eroi \u0219i uitare. \u00cen acest context grupul de arti\u0219ti plastici reuni\u021bi de\u00a0<em>Funda\u021bia Iancu\u00a0 de Hunedoara <\/em>dore\u0219te ca, prin acest eveniment, s\u0103 se insinueze in meandrele sufletului\u00a0 celor ce o privesc, apreciaz\u0103, iubesc arta vizual\u0103 \u0219i s\u0103 ating\u0103 coarda sensibil\u0103 a re\u0219i\u021beanului; membrii acestui grup cred \u0219i sus\u021bin cu t\u0103rie\u00a0 c\u0103 re\u0219i\u021benii trebuie s\u0103 fie m\u00e2ndri de trecutul industrial glorios al urbei lor!&#8230;Pentru ca expozi\u021bia de ast\u0103zi s\u0103-\u0219i ating\u0103 scopul propus, artistul sacrific\u0103 ceva din esen\u021ba global\u0103 a artei \u0219i abordeaz\u0103 tema industrial\u0103 care, la prima veere, este neatractiv\u0103&#8230; umbl\u0103 la coarda sensibil\u0103 a iubitorului de art\u0103 pentru a-l face s\u0103 spn\u0103 atunci c\u00e2nd evenimentul va fi \u00eencheiat: ce fatalitate\u00a0<em>\u0219i ce singur\u0103tate sa fii orb pe lumina zilei, \u0219i surd, ce singur\u0103tate, \u00een toiul c\u00e2ntecului<\/em>. \u201d \u2013\u00a0<strong>Romulus IOAN<\/strong>, pre\u0219esinte Funda\u021bia Iancu de Hunedoara, manager general TMK.<\/p>\n<p style=\"text-align: justify;\"><strong><a href=\"http:\/\/semndecarte.metarsis.ro\/wp-content\/uploads\/2016\/06\/Expo-_025.jpg\" rel=\"lightbox[9952]\"><img loading=\"lazy\" class=\"alignleft size-thumbnail wp-image-9955\" src=\"http:\/\/semndecarte.metarsis.ro\/wp-content\/uploads\/2016\/06\/Expo-_025-95x95.jpg\" alt=\"Expo _025\" width=\"95\" height=\"95\" \/><\/a> <a href=\"http:\/\/semndecarte.metarsis.ro\/wp-content\/uploads\/2016\/06\/Expo-_001.jpg\" rel=\"lightbox[9952]\"><img loading=\"lazy\" class=\"alignleft size-thumbnail wp-image-9956\" src=\"http:\/\/semndecarte.metarsis.ro\/wp-content\/uploads\/2016\/06\/Expo-_001-95x95.jpg\" alt=\"Expo _001\" width=\"95\" height=\"95\" \/><\/a> <a href=\"http:\/\/semndecarte.metarsis.ro\/wp-content\/uploads\/2016\/06\/Expo-_002.jpg\" rel=\"lightbox[9952]\"><img loading=\"lazy\" class=\"alignleft size-thumbnail wp-image-9957\" src=\"http:\/\/semndecarte.metarsis.ro\/wp-content\/uploads\/2016\/06\/Expo-_002-95x95.jpg\" alt=\"Expo _002\" width=\"95\" height=\"95\" \/><\/a> <a href=\"http:\/\/semndecarte.metarsis.ro\/wp-content\/uploads\/2016\/06\/Expo-_003.jpg\" rel=\"lightbox[9952]\"><img loading=\"lazy\" class=\"alignleft size-thumbnail wp-image-9958\" src=\"http:\/\/semndecarte.metarsis.ro\/wp-content\/uploads\/2016\/06\/Expo-_003-95x95.jpg\" alt=\"Expo _003\" width=\"95\" height=\"95\" \/><\/a> <a href=\"http:\/\/semndecarte.metarsis.ro\/wp-content\/uploads\/2016\/06\/Expo-_004.jpg\" rel=\"lightbox[9952]\"><img loading=\"lazy\" class=\"alignleft size-thumbnail wp-image-9959\" src=\"http:\/\/semndecarte.metarsis.ro\/wp-content\/uploads\/2016\/06\/Expo-_004-95x95.jpg\" alt=\"Expo _004\" width=\"95\" height=\"95\" \/><\/a> <a href=\"http:\/\/semndecarte.metarsis.ro\/wp-content\/uploads\/2016\/06\/Expo-_005.jpg\" rel=\"lightbox[9952]\"><img loading=\"lazy\" class=\"alignleft size-thumbnail wp-image-9960\" src=\"http:\/\/semndecarte.metarsis.ro\/wp-content\/uploads\/2016\/06\/Expo-_005-95x95.jpg\" alt=\"Expo _005\" width=\"95\" height=\"95\" \/><\/a> <a href=\"http:\/\/semndecarte.metarsis.ro\/wp-content\/uploads\/2016\/06\/Expo-_006.jpg\" rel=\"lightbox[9952]\"><img loading=\"lazy\" class=\"alignleft size-thumbnail wp-image-9961\" src=\"http:\/\/semndecarte.metarsis.ro\/wp-content\/uploads\/2016\/06\/Expo-_006-95x95.jpg\" alt=\"Expo _006\" width=\"95\" height=\"95\" \/><\/a> <a href=\"http:\/\/semndecarte.metarsis.ro\/wp-content\/uploads\/2016\/06\/Expo-_007.jpg\" rel=\"lightbox[9952]\"><img loading=\"lazy\" class=\"alignleft size-thumbnail wp-image-9962\" src=\"http:\/\/semndecarte.metarsis.ro\/wp-content\/uploads\/2016\/06\/Expo-_007-95x95.jpg\" alt=\"Expo _007\" width=\"95\" height=\"95\" \/><\/a> <a href=\"http:\/\/semndecarte.metarsis.ro\/wp-content\/uploads\/2016\/06\/Expo-_008.jpg\" rel=\"lightbox[9952]\"><img loading=\"lazy\" class=\"alignleft size-thumbnail wp-image-9963\" src=\"http:\/\/semndecarte.metarsis.ro\/wp-content\/uploads\/2016\/06\/Expo-_008-95x95.jpg\" alt=\"Expo _008\" width=\"95\" height=\"95\" \/><\/a> <a href=\"http:\/\/semndecarte.metarsis.ro\/wp-content\/uploads\/2016\/06\/Expo-_009.jpg\" rel=\"lightbox[9952]\"><img loading=\"lazy\" class=\"alignleft size-thumbnail wp-image-9964\" src=\"http:\/\/semndecarte.metarsis.ro\/wp-content\/uploads\/2016\/06\/Expo-_009-95x95.jpg\" alt=\"Expo _009\" width=\"95\" height=\"95\" \/><\/a> <a href=\"http:\/\/semndecarte.metarsis.ro\/wp-content\/uploads\/2016\/06\/Expo-_010.jpg\" rel=\"lightbox[9952]\"><img loading=\"lazy\" class=\"alignleft size-thumbnail wp-image-9965\" src=\"http:\/\/semndecarte.metarsis.ro\/wp-content\/uploads\/2016\/06\/Expo-_010-95x95.jpg\" alt=\"Expo _010\" width=\"95\" height=\"95\" \/><\/a> <a href=\"http:\/\/semndecarte.metarsis.ro\/wp-content\/uploads\/2016\/06\/Expo-_011.jpg\" rel=\"lightbox[9952]\"><img loading=\"lazy\" class=\"alignleft size-thumbnail wp-image-9966\" src=\"http:\/\/semndecarte.metarsis.ro\/wp-content\/uploads\/2016\/06\/Expo-_011-95x95.jpg\" alt=\"Expo _011\" width=\"95\" height=\"95\" \/><\/a> <a href=\"http:\/\/semndecarte.metarsis.ro\/wp-content\/uploads\/2016\/06\/Expo-_012.jpg\" rel=\"lightbox[9952]\"><img loading=\"lazy\" class=\"alignleft size-thumbnail wp-image-9967\" src=\"http:\/\/semndecarte.metarsis.ro\/wp-content\/uploads\/2016\/06\/Expo-_012-95x95.jpg\" alt=\"Expo _012\" width=\"95\" height=\"95\" \/><\/a> <a href=\"http:\/\/semndecarte.metarsis.ro\/wp-content\/uploads\/2016\/06\/Expo-_013.jpg\" rel=\"lightbox[9952]\"><img loading=\"lazy\" class=\"alignleft size-thumbnail wp-image-9968\" src=\"http:\/\/semndecarte.metarsis.ro\/wp-content\/uploads\/2016\/06\/Expo-_013-95x95.jpg\" alt=\"Expo _013\" width=\"95\" height=\"95\" \/><\/a> <a href=\"http:\/\/semndecarte.metarsis.ro\/wp-content\/uploads\/2016\/06\/Expo-_014.jpg\" rel=\"lightbox[9952]\"><img loading=\"lazy\" class=\"alignleft size-thumbnail wp-image-9969\" src=\"http:\/\/semndecarte.metarsis.ro\/wp-content\/uploads\/2016\/06\/Expo-_014-95x95.jpg\" alt=\"Expo _014\" width=\"95\" height=\"95\" \/><\/a> <a href=\"http:\/\/semndecarte.metarsis.ro\/wp-content\/uploads\/2016\/06\/Expo-_015.jpg\" rel=\"lightbox[9952]\"><img loading=\"lazy\" class=\"alignleft size-thumbnail wp-image-9970\" src=\"http:\/\/semndecarte.metarsis.ro\/wp-content\/uploads\/2016\/06\/Expo-_015-95x95.jpg\" alt=\"Expo _015\" width=\"95\" height=\"95\" \/><\/a> <a href=\"http:\/\/semndecarte.metarsis.ro\/wp-content\/uploads\/2016\/06\/Expo-_016.jpg\" rel=\"lightbox[9952]\"><img loading=\"lazy\" class=\"alignleft size-thumbnail wp-image-9971\" src=\"http:\/\/semndecarte.metarsis.ro\/wp-content\/uploads\/2016\/06\/Expo-_016-95x95.jpg\" alt=\"Expo _016\" width=\"95\" height=\"95\" \/><\/a> <a href=\"http:\/\/semndecarte.metarsis.ro\/wp-content\/uploads\/2016\/06\/Expo-_017.jpg\" rel=\"lightbox[9952]\"><img loading=\"lazy\" class=\"alignleft size-thumbnail wp-image-9972\" src=\"http:\/\/semndecarte.metarsis.ro\/wp-content\/uploads\/2016\/06\/Expo-_017-95x95.jpg\" alt=\"Expo _017\" width=\"95\" height=\"95\" \/><\/a> <a href=\"http:\/\/semndecarte.metarsis.ro\/wp-content\/uploads\/2016\/06\/Expo-_018.jpg\" rel=\"lightbox[9952]\"><img loading=\"lazy\" class=\"alignleft size-thumbnail wp-image-9973\" src=\"http:\/\/semndecarte.metarsis.ro\/wp-content\/uploads\/2016\/06\/Expo-_018-95x95.jpg\" alt=\"Expo _018\" width=\"95\" height=\"95\" \/><\/a> <a href=\"http:\/\/semndecarte.metarsis.ro\/wp-content\/uploads\/2016\/06\/Expo-_019.jpg\" rel=\"lightbox[9952]\"><img loading=\"lazy\" class=\"alignleft size-thumbnail wp-image-9974\" src=\"http:\/\/semndecarte.metarsis.ro\/wp-content\/uploads\/2016\/06\/Expo-_019-95x95.jpg\" alt=\"Expo _019\" width=\"95\" height=\"95\" \/><\/a> <a href=\"http:\/\/semndecarte.metarsis.ro\/wp-content\/uploads\/2016\/06\/Expo-_020.jpg\" rel=\"lightbox[9952]\"><img loading=\"lazy\" class=\"alignleft size-thumbnail wp-image-9975\" src=\"http:\/\/semndecarte.metarsis.ro\/wp-content\/uploads\/2016\/06\/Expo-_020-95x95.jpg\" alt=\"Expo _020\" width=\"95\" height=\"95\" \/><\/a> <a href=\"http:\/\/semndecarte.metarsis.ro\/wp-content\/uploads\/2016\/06\/Expo-_021.jpg\" rel=\"lightbox[9952]\"><img loading=\"lazy\" class=\"alignleft size-thumbnail wp-image-9976\" src=\"http:\/\/semndecarte.metarsis.ro\/wp-content\/uploads\/2016\/06\/Expo-_021-95x95.jpg\" alt=\"Expo _021\" width=\"95\" height=\"95\" \/><\/a> <a href=\"http:\/\/semndecarte.metarsis.ro\/wp-content\/uploads\/2016\/06\/Expo-_022.jpg\" rel=\"lightbox[9952]\"><img loading=\"lazy\" class=\"alignleft size-thumbnail wp-image-9977\" src=\"http:\/\/semndecarte.metarsis.ro\/wp-content\/uploads\/2016\/06\/Expo-_022-95x95.jpg\" alt=\"Expo _022\" width=\"95\" height=\"95\" \/><\/a> <a href=\"http:\/\/semndecarte.metarsis.ro\/wp-content\/uploads\/2016\/06\/Expo-_023.jpg\" rel=\"lightbox[9952]\"><img loading=\"lazy\" class=\"alignleft size-thumbnail wp-image-9978\" src=\"http:\/\/semndecarte.metarsis.ro\/wp-content\/uploads\/2016\/06\/Expo-_023-95x95.jpg\" alt=\"Expo _023\" width=\"95\" height=\"95\" \/><\/a> <a href=\"http:\/\/semndecarte.metarsis.ro\/wp-content\/uploads\/2016\/06\/Expo-_024.jpg\" rel=\"lightbox[9952]\"><img loading=\"lazy\" class=\"alignleft size-thumbnail wp-image-9979\" src=\"http:\/\/semndecarte.metarsis.ro\/wp-content\/uploads\/2016\/06\/Expo-_024-95x95.jpg\" alt=\"Expo _024\" width=\"95\" height=\"95\" \/><\/a>Ada D. Cruceanu<\/strong>\u00a0 a spus, printre altele: \u201d Lucr\u0103rile realizate \u00een tabara de anul acesta \u0219i in ceilalti ani, pentru c\u0103 am \u00een\u021beles c\u0103 sunt \u0219i lucr\u0103ri din anii 2014-2015, sunt lucr\u0103ri care, din punctul meu de vedere, pot fi clasate \u00een maniera absolut realist\u0103 \u0219i cu nuan\u021be naive- cele de pe panourile principale &#8230;Expozitia aceasta poate fi discutat\u0103 \u00a0\u0219i din manier\u0103 simbolic\u0103 pe care, cu siguran\u021b\u0103, o va atinge colegul Calin Chincea specializat in arta simbolului&#8230; undeva intre aceste dou\u0103 maniere se pot incadra celelte lucr\u0103ri&#8230; Tratarea impune o dezlegare de obiectul propriu-zis \u0219i impune, totu\u0219i, \u00een centrul imaginii, prezen\u021ba FOCULUI, a focului-simbol, fie c\u0103 arde Roma, fie ca arde \u00een cuptor este reluat \u00een c\u00e2teva dintre imaginile pe care le avem fie \u00een manier\u0103 fotografic\u0103 fie \u00een \u00a0manier\u0103 realist abstactizat\u0103&#8230; Din p\u0103cate, pentru to\u021bi colegii cei care au fost \u00een tab\u0103r\u0103, pentru to\u021bi cei care au trecut prin Re\u0219i\u021ba de ast\u0103zi, poate c\u0103 prezen\u021ba uzinei \u0219i a simbolului acesteia- Furnalul 2 care a r\u0103mas \u00een picioare ca un magnet, ar fi fost un \u00a0motiv \u00een plus de \u00a0s\u0103rb\u0103toare. Din p\u0103cate tocmai acest simbol nu este&#8230; sunt furnale fie ale anilor 1920 , fie furnale ale anilor 1889-1890 de la Hunedoara,&#8230; Focul este, p\u00e2na la urm\u0103, o esen\u021b\u0103 a vie\u021bii&#8230; Expozi\u021bia ar binemerita un circuit \u0219i poate va ajunge \u0219i la Gala\u021bi- acolo se mai g\u0103se\u0219te siderurgie vie, poate va ajunge \u0219i la C\u0103l\u0103ra\u0219i, acolo unde nu se mai g\u0103se\u0219te nimic din siderurgia vie de alt\u0103dat\u0103, poate va ajunge la T\u00e2rgovi\u0219te&#8230; merg\u00e2nd din loc \u00een loc aceast\u0103 expozi\u021bie spune mai mult dec\u00e2t ar putea spune orice istorie descriptiv\u0103, va spune c\u0103 exist\u0103 \u0219i o nostalgie a \u00a0ceea ce a fost \u0219i ce a \u00eensemnat siderurgia&#8230; printr-o formul\u0103 simbolic\u0103 \u0219i alegoric\u0103, fie ca descrip\u021bie direct\u0103 cu u\u0219oare nuan\u021be naive, remarcabile, de altfel&#8230;\u201d \u00a0<strong>C\u0103lin Chincea<\/strong>: \u201eExpozi\u0163ia este un eveniment artistic. Ea nu este un omagiu adus, propriu-zis, industriei, ci este un omagiu adus spiritului creator al omului. Este \u015fi un omagiu adus adev\u0103rului \u015fi un omagiu adus existen\u0163ei muncii, muncii \u00eend\u00e2rjite, care face ca un popor s\u0103 fie cunoscut \u00een lume. Uzinele din Re\u015fi\u0163a erau recunoscute \u00een toat\u0103 lumea&#8230; E o poveste despre existen\u0163a metalului \u00een contemporaneitate, este povestea de ast\u0103zi, spus\u0103 dumnezeie\u015fte! Este acest o\u0163el inoxidabil, care poart\u0103 ni\u015fte inscrip\u0163ii, ca o trimitere spre nori, spre lumin\u0103, spre dumnezeire, vorbe\u015fte despre o lume aparent artificial\u0103, dar, fundamental\u0103&#8230; Cel mai important lucru al acestei expozi\u0163ii este faptul c\u0103 laud\u0103 capacitatea omului-artist de a vedea ce este dincolo de metal, ceea ce este dincolo de materie, ceea ce este \u00een idee! Nu este vorba de triste\u0163e aici, ci de foarte mult optimism&#8230;!\u201d<\/p>\n<p style=\"text-align: justify;\">Au mai luat cuv\u00e2ntul Dumitru \u021aeicu- director al Muzeului Banatului Montan, Nicolae Vladulescu, pictor si director al Teatrului de Vest Re\u0219i\u021ba, Victor Manolescu \u2013ex director al Combinatului Siderurgic Re\u0219i\u021ba, Iulian Georgevici- specialist \u00een metalurgie, Sabin Pautza, pre\u0219edinte al Societ\u0103\u021bii pentru Cultur\u0103 Metarsis.\u00a0Expozi\u021bia a fost declarat\u0103 deschis\u0103 de vicepre\u0219edintele Funda\u021biei Iancu de Hunedoara, principal organizator, pictorul Dan Vifor Pichiu.<\/p>\n<p style=\"text-align: justify;\">Eveniment organizat de Funda\u021bia Iancu de Hunedoara\u00a0\u00een parteneriat cu Muzeul Banatului Montan, TMK Re\u0219i\u021ba, Jurnal de Cara\u0219 Severin \u0219i Societatea pentru Cultur\u0103 Metarsis prin libr\u0103ria Semn de Carte.<\/p>\n<p style=\"text-align: justify;\"><a href=\"http:\/\/semndecarte.metarsis.ro\/wp-content\/uploads\/2016\/06\/Expo-_089.jpg\" rel=\"lightbox[9952]\"><img loading=\"lazy\" class=\"alignleft size-thumbnail wp-image-9980\" src=\"http:\/\/semndecarte.metarsis.ro\/wp-content\/uploads\/2016\/06\/Expo-_089-95x95.jpg\" alt=\"Expo _089\" width=\"95\" height=\"95\" \/><\/a> <a href=\"http:\/\/semndecarte.metarsis.ro\/wp-content\/uploads\/2016\/06\/Expo-_028.jpg\" rel=\"lightbox[9952]\"><img loading=\"lazy\" class=\"alignleft size-thumbnail wp-image-9981\" src=\"http:\/\/semndecarte.metarsis.ro\/wp-content\/uploads\/2016\/06\/Expo-_028-95x95.jpg\" alt=\"Expo _028\" width=\"95\" height=\"95\" \/><\/a> <a href=\"http:\/\/semndecarte.metarsis.ro\/wp-content\/uploads\/2016\/06\/Expo-_029.jpg\" rel=\"lightbox[9952]\"><img loading=\"lazy\" class=\"alignleft size-thumbnail wp-image-9982\" src=\"http:\/\/semndecarte.metarsis.ro\/wp-content\/uploads\/2016\/06\/Expo-_029-95x95.jpg\" alt=\"Expo _029\" width=\"95\" height=\"95\" \/><\/a> <a href=\"http:\/\/semndecarte.metarsis.ro\/wp-content\/uploads\/2016\/06\/Expo-_033.jpg\" rel=\"lightbox[9952]\"><img loading=\"lazy\" class=\"alignleft size-thumbnail wp-image-9983\" src=\"http:\/\/semndecarte.metarsis.ro\/wp-content\/uploads\/2016\/06\/Expo-_033-95x95.jpg\" alt=\"Expo _033\" width=\"95\" height=\"95\" \/><\/a> <a href=\"http:\/\/semndecarte.metarsis.ro\/wp-content\/uploads\/2016\/06\/Expo-_034.jpg\" rel=\"lightbox[9952]\"><img loading=\"lazy\" class=\"alignleft size-thumbnail wp-image-9984\" src=\"http:\/\/semndecarte.metarsis.ro\/wp-content\/uploads\/2016\/06\/Expo-_034-95x95.jpg\" alt=\"Expo _034\" width=\"95\" height=\"95\" \/><\/a> <a href=\"http:\/\/semndecarte.metarsis.ro\/wp-content\/uploads\/2016\/06\/Expo-_035.jpg\" rel=\"lightbox[9952]\"><img loading=\"lazy\" class=\"alignleft size-thumbnail wp-image-9985\" src=\"http:\/\/semndecarte.metarsis.ro\/wp-content\/uploads\/2016\/06\/Expo-_035-95x95.jpg\" alt=\"Expo _035\" width=\"95\" height=\"95\" \/><\/a> <a href=\"http:\/\/semndecarte.metarsis.ro\/wp-content\/uploads\/2016\/06\/Expo-_037.jpg\" rel=\"lightbox[9952]\"><img loading=\"lazy\" class=\"alignleft size-thumbnail wp-image-9986\" src=\"http:\/\/semndecarte.metarsis.ro\/wp-content\/uploads\/2016\/06\/Expo-_037-95x95.jpg\" alt=\"Expo _037\" width=\"95\" height=\"95\" \/><\/a> <a href=\"http:\/\/semndecarte.metarsis.ro\/wp-content\/uploads\/2016\/06\/Expo-_046.jpg\" rel=\"lightbox[9952]\"><img loading=\"lazy\" class=\"alignleft size-thumbnail wp-image-9987\" src=\"http:\/\/semndecarte.metarsis.ro\/wp-content\/uploads\/2016\/06\/Expo-_046-95x95.jpg\" alt=\"Expo _046\" width=\"95\" height=\"95\" \/><\/a> <a href=\"http:\/\/semndecarte.metarsis.ro\/wp-content\/uploads\/2016\/06\/Expo-_047.jpg\" rel=\"lightbox[9952]\"><img loading=\"lazy\" class=\"alignleft size-thumbnail wp-image-9988\" src=\"http:\/\/semndecarte.metarsis.ro\/wp-content\/uploads\/2016\/06\/Expo-_047-95x95.jpg\" alt=\"Expo _047\" width=\"95\" height=\"95\" \/><\/a> <a href=\"http:\/\/semndecarte.metarsis.ro\/wp-content\/uploads\/2016\/06\/Expo-_048.jpg\" rel=\"lightbox[9952]\"><img loading=\"lazy\" class=\"alignleft size-thumbnail wp-image-9989\" src=\"http:\/\/semndecarte.metarsis.ro\/wp-content\/uploads\/2016\/06\/Expo-_048-95x95.jpg\" alt=\"Expo _048\" width=\"95\" height=\"95\" \/><\/a> <a href=\"http:\/\/semndecarte.metarsis.ro\/wp-content\/uploads\/2016\/06\/Expo-_057.jpg\" rel=\"lightbox[9952]\"><img loading=\"lazy\" class=\"alignleft size-thumbnail wp-image-9990\" src=\"http:\/\/semndecarte.metarsis.ro\/wp-content\/uploads\/2016\/06\/Expo-_057-95x95.jpg\" alt=\"Expo _057\" width=\"95\" height=\"95\" \/><\/a> <a href=\"http:\/\/semndecarte.metarsis.ro\/wp-content\/uploads\/2016\/06\/Expo-_059.jpg\" rel=\"lightbox[9952]\"><img loading=\"lazy\" class=\"alignleft size-thumbnail wp-image-9991\" src=\"http:\/\/semndecarte.metarsis.ro\/wp-content\/uploads\/2016\/06\/Expo-_059-95x95.jpg\" alt=\"Expo _059\" width=\"95\" height=\"95\" \/><\/a> <a href=\"http:\/\/semndecarte.metarsis.ro\/wp-content\/uploads\/2016\/06\/Expo-_060.jpg\" rel=\"lightbox[9952]\"><img loading=\"lazy\" class=\"alignleft size-thumbnail wp-image-9992\" src=\"http:\/\/semndecarte.metarsis.ro\/wp-content\/uploads\/2016\/06\/Expo-_060-95x95.jpg\" alt=\"Expo _060\" width=\"95\" height=\"95\" \/><\/a> <a href=\"http:\/\/semndecarte.metarsis.ro\/wp-content\/uploads\/2016\/06\/Expo-_073.jpg\" rel=\"lightbox[9952]\"><img loading=\"lazy\" class=\"alignleft size-thumbnail wp-image-9993\" src=\"http:\/\/semndecarte.metarsis.ro\/wp-content\/uploads\/2016\/06\/Expo-_073-95x95.jpg\" alt=\"Expo _073\" width=\"95\" height=\"95\" \/><\/a> <a href=\"http:\/\/semndecarte.metarsis.ro\/wp-content\/uploads\/2016\/06\/Expo-_087.jpg\" rel=\"lightbox[9952]\"><img loading=\"lazy\" class=\"alignleft size-thumbnail wp-image-9994\" src=\"http:\/\/semndecarte.metarsis.ro\/wp-content\/uploads\/2016\/06\/Expo-_087-95x95.jpg\" alt=\"Expo _087\" width=\"95\" height=\"95\" \/><\/a><\/p>\n","protected":false},"excerpt":{"rendered":"<p>Un nou eveniment sub genericul 245 RE\u0218I\u021aA- 15 TMK a avut loc vineri, 24 iunie 2016, la Muzeul Banatului Montan din Re\u0219i\u021ba. Dup\u0103 \u201dfocul nestins\u201d surprins \u00een fotografii de o real\u0103 valoare artistic\u0103 \u0219i documentar\u0103 de c\u0103tre t\u00e2n\u0103rul artist Victor IOAN, de data aceasta, pe simezele Muzeului au fost expuse lucr\u0103ri de art\u0103 plastic\u0103  semnate: Daniela Csiri Florescu, Sanda Murzea, Nicoleta Onofrei, Adriana Ilin Tomici, Tiberiu Balazs, Tiberiu Fazakas, Cristea Mircioane, Doru Vasiu\u0163i, Radu Ro\u015fianu, Dan Vifor Pichiu, Victor Ioan, Constantin G\u0103in\u0103, Horia Gherghina, Florin Scurtu<\/p>\n","protected":false},"author":1,"featured_media":0,"comment_status":"open","ping_status":"open","sticky":false,"template":"","format":"standard","meta":[],"categories":[7],"tags":[127,241],"_links":{"self":[{"href":"https:\/\/semndecarte.metarsis.ro\/index.php?rest_route=\/wp\/v2\/posts\/9952"}],"collection":[{"href":"https:\/\/semndecarte.metarsis.ro\/index.php?rest_route=\/wp\/v2\/posts"}],"about":[{"href":"https:\/\/semndecarte.metarsis.ro\/index.php?rest_route=\/wp\/v2\/types\/post"}],"author":[{"embeddable":true,"href":"https:\/\/semndecarte.metarsis.ro\/index.php?rest_route=\/wp\/v2\/users\/1"}],"replies":[{"embeddable":true,"href":"https:\/\/semndecarte.metarsis.ro\/index.php?rest_route=%2Fwp%2Fv2%2Fcomments&post=9952"}],"version-history":[{"count":0,"href":"https:\/\/semndecarte.metarsis.ro\/index.php?rest_route=\/wp\/v2\/posts\/9952\/revisions"}],"wp:attachment":[{"href":"https:\/\/semndecarte.metarsis.ro\/index.php?rest_route=%2Fwp%2Fv2%2Fmedia&parent=9952"}],"wp:term":[{"taxonomy":"category","embeddable":true,"href":"https:\/\/semndecarte.metarsis.ro\/index.php?rest_route=%2Fwp%2Fv2%2Fcategories&post=9952"},{"taxonomy":"post_tag","embeddable":true,"href":"https:\/\/semndecarte.metarsis.ro\/index.php?rest_route=%2Fwp%2Fv2%2Ftags&post=9952"}],"curies":[{"name":"wp","href":"https:\/\/api.w.org\/{rel}","templated":true}]}}