{"id":9934,"date":"2016-06-30T11:29:59","date_gmt":"2016-06-30T09:29:59","guid":{"rendered":"http:\/\/semndecarte.metarsis.ro\/?p=9934"},"modified":"2016-07-04T12:23:39","modified_gmt":"2016-07-04T10:23:39","slug":"focul-nestins-al-fotografiei-arde-in-continuare","status":"publish","type":"post","link":"https:\/\/semndecarte.metarsis.ro\/?p=9934","title":{"rendered":"Focul nestins al fotografiei arde \u00een continuare&#8230;"},"content":{"rendered":"<p style=\"text-align: justify;\"><a href=\"http:\/\/semndecarte.metarsis.ro\/wp-content\/uploads\/2016\/06\/Expo-Mato_021.jpg\" rel=\"lightbox[9934]\"><img loading=\"lazy\" class=\"alignleft size-full wp-image-9950\" src=\"http:\/\/semndecarte.metarsis.ro\/wp-content\/uploads\/2016\/06\/Expo-Mato_021.jpg\" alt=\"Expo Mato_021\" width=\"520\" height=\"200\" srcset=\"https:\/\/semndecarte.metarsis.ro\/wp-content\/uploads\/2016\/06\/Expo-Mato_021.jpg 520w, https:\/\/semndecarte.metarsis.ro\/wp-content\/uploads\/2016\/06\/Expo-Mato_021-160x62.jpg 160w, https:\/\/semndecarte.metarsis.ro\/wp-content\/uploads\/2016\/06\/Expo-Mato_021-163x63.jpg 163w\" sizes=\"(max-width: 520px) 100vw, 520px\" \/><\/a>Libr\u0103ria \u201cSemn de carte\u201d a g\u0103zduit ieri, 27 iunie 2016, dup\u0103 amiaz\u0103, o nou\u0103 manifestare din seria evenimentelor omagiale dedicate Focului nestins al Re\u0219i\u021bei. Premiera expozi\u021bional\u0103 de art\u0103 fotografic\u0103, a adus pe simezele acestui spa\u021biu lucr\u0103ri ale seniorului Ioan Mato,dar \u0219i pe ale fiului s\u0103u Ioan Mato junior. Este pentru prima oar\u0103, c\u00e2nd tat\u0103l \u0219i fiul expun \u00eempreun\u0103. Lucr\u0103rile alb negru \u0219i color ale remarcabilului fotograf Ioan Mato senior, au readus \u00een memoria celor prezen\u021bi imagini ale Re\u0219i\u021bei industriale, ale unei cet\u0103\u021bi \u00een care focul a fost nestins. Sunt fotografii care aduc \u00een prim plan activitatea desf\u0103\u0219urat\u0103 la Combinatul Siderurgic Re\u0219i\u021ba, actualul TMK. <!--more--><a href=\"http:\/\/semndecarte.metarsis.ro\/wp-content\/uploads\/2016\/06\/expo_023.jpg\" rel=\"lightbox[9934]\"><img loading=\"lazy\" class=\"size-thumbnail wp-image-10003 aligncenter\" src=\"http:\/\/semndecarte.metarsis.ro\/wp-content\/uploads\/2016\/06\/expo_023-95x95.jpg\" alt=\"expo_023\" width=\"95\" height=\"95\" \/><\/a>Ioan Mato sr. a fost mai bine de 50 de ani fotograful oficial al CSR-ului. Lucr\u0103rile sale de art\u0103 fotografic\u0103 realizate \u00eenainte de 1989, au reamintit celor prezen\u021bi de activitatea intens\u0103 a o\u021belarului, de istoria industrial\u0103 a acestui ora\u0219 \u00een care, fiecare a avut bunici, p\u0103rin\u021bi, fra\u021bi, surori, care au contribuit \u00eentr-un fel la men\u021binerea vie a focului din cetate. Pasiunea pentru arta fotografic\u0103, a fost transmis\u0103 \u0219i fiului s\u0103u, Ioan Mato Jr., care a adus \u00een expozi\u021bie peisaje \u0219i imagini minunate din Banatul de Munte.<\/p>\n<p style=\"text-align: justify;\"><a href=\"http:\/\/semndecarte.metarsis.ro\/wp-content\/uploads\/2016\/06\/expo_001.jpg\" rel=\"lightbox[9934]\"><img loading=\"lazy\" class=\"alignleft size-thumbnail wp-image-10005\" src=\"http:\/\/semndecarte.metarsis.ro\/wp-content\/uploads\/2016\/06\/expo_001-95x95.jpg\" alt=\"expo_001\" width=\"95\" height=\"95\" \/><\/a> <a href=\"http:\/\/semndecarte.metarsis.ro\/wp-content\/uploads\/2016\/06\/expo_004.jpg\" rel=\"lightbox[9934]\"><img loading=\"lazy\" class=\"alignleft size-thumbnail wp-image-10006\" src=\"http:\/\/semndecarte.metarsis.ro\/wp-content\/uploads\/2016\/06\/expo_004-95x95.jpg\" alt=\"expo_004\" width=\"95\" height=\"95\" \/><\/a> <a href=\"http:\/\/semndecarte.metarsis.ro\/wp-content\/uploads\/2016\/06\/expo_007.jpg\" rel=\"lightbox[9934]\"><img loading=\"lazy\" class=\"alignleft size-thumbnail wp-image-10007\" src=\"http:\/\/semndecarte.metarsis.ro\/wp-content\/uploads\/2016\/06\/expo_007-95x95.jpg\" alt=\"expo_007\" width=\"95\" height=\"95\" \/><\/a> <a href=\"http:\/\/semndecarte.metarsis.ro\/wp-content\/uploads\/2016\/06\/expo_013.jpg\" rel=\"lightbox[9934]\"><img loading=\"lazy\" class=\"alignleft size-thumbnail wp-image-10008\" src=\"http:\/\/semndecarte.metarsis.ro\/wp-content\/uploads\/2016\/06\/expo_013-95x95.jpg\" alt=\"expo_013\" width=\"95\" height=\"95\" \/><\/a> <a href=\"http:\/\/semndecarte.metarsis.ro\/wp-content\/uploads\/2016\/06\/expo_020.jpg\" rel=\"lightbox[9934]\"><img loading=\"lazy\" class=\"alignleft size-thumbnail wp-image-10009\" src=\"http:\/\/semndecarte.metarsis.ro\/wp-content\/uploads\/2016\/06\/expo_020-95x95.jpg\" alt=\"expo_020\" width=\"95\" height=\"95\" \/><\/a><a href=\"http:\/\/semndecarte.metarsis.ro\/wp-content\/uploads\/2016\/06\/expo_014.jpg\" rel=\"lightbox[9934]\"><img loading=\"lazy\" class=\"alignleft size-thumbnail wp-image-10010\" src=\"http:\/\/semndecarte.metarsis.ro\/wp-content\/uploads\/2016\/06\/expo_014-95x95.jpg\" alt=\"expo_014\" width=\"95\" height=\"95\" \/><\/a> <a href=\"http:\/\/semndecarte.metarsis.ro\/wp-content\/uploads\/2016\/06\/expo_015.jpg\" rel=\"lightbox[9934]\"><img loading=\"lazy\" class=\"alignleft size-thumbnail wp-image-10011\" src=\"http:\/\/semndecarte.metarsis.ro\/wp-content\/uploads\/2016\/06\/expo_015-95x95.jpg\" alt=\"expo_015\" width=\"95\" height=\"95\" \/><\/a> <a href=\"http:\/\/semndecarte.metarsis.ro\/wp-content\/uploads\/2016\/06\/expo_017.jpg\" rel=\"lightbox[9934]\"><img loading=\"lazy\" class=\"alignleft size-thumbnail wp-image-10012\" src=\"http:\/\/semndecarte.metarsis.ro\/wp-content\/uploads\/2016\/06\/expo_017-95x95.jpg\" alt=\"expo_017\" width=\"95\" height=\"95\" \/><\/a> <a href=\"http:\/\/semndecarte.metarsis.ro\/wp-content\/uploads\/2016\/06\/expo_028.jpg\" rel=\"lightbox[9934]\"><img loading=\"lazy\" class=\"alignleft size-thumbnail wp-image-10013\" src=\"http:\/\/semndecarte.metarsis.ro\/wp-content\/uploads\/2016\/06\/expo_028-95x95.jpg\" alt=\"expo_028\" width=\"95\" height=\"95\" \/><\/a> <a href=\"http:\/\/semndecarte.metarsis.ro\/wp-content\/uploads\/2016\/06\/expo_029.jpg\" rel=\"lightbox[9934]\"><img loading=\"lazy\" class=\"alignleft size-thumbnail wp-image-10014\" src=\"http:\/\/semndecarte.metarsis.ro\/wp-content\/uploads\/2016\/06\/expo_029-95x95.jpg\" alt=\"expo_029\" width=\"95\" height=\"95\" \/><\/a> Acest eveniment expozi\u021bional a fost organizat sub egida Forumului Democratic al Germanilor din Banatul Montan cu sprijinul Societ\u0103\u021bii pentru Cultur\u0103 Metarsis-activit\u0103\u021bi \u0219i servicii de cultur\u0103 urban\u0103 \u0219i art\u0103 contemporan\u0103.<\/p>\n<p style=\"text-align: justify;\">Erwin \u021aigla, pre\u0219edintele forumului,\u00a0 a vorbit despre ideea acestei ac\u021biuni care reflect\u0103 istoria focului nestins al Re\u0219i\u021bei prin poze document, aduse pe simeze de Mato senior, unul din oamenii care a iubit fotografia \u0219i a d\u0103ruit cuno\u0219tin\u021bele sale multor genera\u021bii de copii, \u00eendr\u0103gosti\u021bi mai apoi de arta fotografic\u0103.<\/p>\n<p style=\"text-align: justify;\"><a href=\"http:\/\/semndecarte.metarsis.ro\/wp-content\/uploads\/2016\/06\/expo_027.jpg\" rel=\"lightbox[9934]\"><img loading=\"lazy\" class=\"alignleft size-thumbnail wp-image-10024\" src=\"http:\/\/semndecarte.metarsis.ro\/wp-content\/uploads\/2016\/06\/expo_027-95x95.jpg\" alt=\"expo_027\" width=\"95\" height=\"95\" \/><\/a> <a href=\"http:\/\/semndecarte.metarsis.ro\/wp-content\/uploads\/2016\/06\/expo_022.jpg\" rel=\"lightbox[9934]\"><img loading=\"lazy\" class=\"alignleft size-thumbnail wp-image-10023\" src=\"http:\/\/semndecarte.metarsis.ro\/wp-content\/uploads\/2016\/06\/expo_022-95x95.jpg\" alt=\"expo_022\" width=\"95\" height=\"95\" \/><\/a> <a href=\"http:\/\/semndecarte.metarsis.ro\/wp-content\/uploads\/2016\/06\/expo_021.jpg\" rel=\"lightbox[9934]\"><img loading=\"lazy\" class=\"alignleft size-thumbnail wp-image-10022\" src=\"http:\/\/semndecarte.metarsis.ro\/wp-content\/uploads\/2016\/06\/expo_021-95x95.jpg\" alt=\"expo_021\" width=\"95\" height=\"95\" \/><\/a> <a href=\"http:\/\/semndecarte.metarsis.ro\/wp-content\/uploads\/2016\/06\/expo_012.jpg\" rel=\"lightbox[9934]\"><img loading=\"lazy\" class=\"alignleft size-thumbnail wp-image-10021\" src=\"http:\/\/semndecarte.metarsis.ro\/wp-content\/uploads\/2016\/06\/expo_012-95x95.jpg\" alt=\"expo_012\" width=\"95\" height=\"95\" \/><\/a> <a href=\"http:\/\/semndecarte.metarsis.ro\/wp-content\/uploads\/2016\/06\/expo_011.jpg\" rel=\"lightbox[9934]\"><img loading=\"lazy\" class=\"alignleft size-thumbnail wp-image-10020\" src=\"http:\/\/semndecarte.metarsis.ro\/wp-content\/uploads\/2016\/06\/expo_011-95x95.jpg\" alt=\"expo_011\" width=\"95\" height=\"95\" \/><\/a> <a href=\"http:\/\/semndecarte.metarsis.ro\/wp-content\/uploads\/2016\/06\/expo_003.jpg\" rel=\"lightbox[9934]\"><img loading=\"lazy\" class=\"alignleft size-thumbnail wp-image-10015\" src=\"http:\/\/semndecarte.metarsis.ro\/wp-content\/uploads\/2016\/06\/expo_003-95x95.jpg\" alt=\"expo_003\" width=\"95\" height=\"95\" \/><\/a> <a href=\"http:\/\/semndecarte.metarsis.ro\/wp-content\/uploads\/2016\/06\/expo_005.jpg\" rel=\"lightbox[9934]\"><img loading=\"lazy\" class=\"alignleft size-thumbnail wp-image-10016\" src=\"http:\/\/semndecarte.metarsis.ro\/wp-content\/uploads\/2016\/06\/expo_005-95x95.jpg\" alt=\"expo_005\" width=\"95\" height=\"95\" \/><\/a> <a href=\"http:\/\/semndecarte.metarsis.ro\/wp-content\/uploads\/2016\/06\/expo_006.jpg\" rel=\"lightbox[9934]\"><img loading=\"lazy\" class=\"alignleft size-thumbnail wp-image-10017\" src=\"http:\/\/semndecarte.metarsis.ro\/wp-content\/uploads\/2016\/06\/expo_006-95x95.jpg\" alt=\"expo_006\" width=\"95\" height=\"95\" \/><\/a> <a href=\"http:\/\/semndecarte.metarsis.ro\/wp-content\/uploads\/2016\/06\/expo_008.jpg\" rel=\"lightbox[9934]\"><img loading=\"lazy\" class=\"alignleft size-thumbnail wp-image-10018\" src=\"http:\/\/semndecarte.metarsis.ro\/wp-content\/uploads\/2016\/06\/expo_008-95x95.jpg\" alt=\"expo_008\" width=\"95\" height=\"95\" \/><\/a> <a href=\"http:\/\/semndecarte.metarsis.ro\/wp-content\/uploads\/2016\/06\/expo_009.jpg\" rel=\"lightbox[9934]\"><img loading=\"lazy\" class=\"alignleft size-thumbnail wp-image-10019\" src=\"http:\/\/semndecarte.metarsis.ro\/wp-content\/uploads\/2016\/06\/expo_009-95x95.jpg\" alt=\"expo_009\" width=\"95\" height=\"95\" \/><\/a>\u201cIancsi\u201d,\u00a0 a\u0219a cum \u00eei spunem to\u021bi lui Ioan Mato junior, ne prezint\u0103 \u00een cadrul expozi\u021biei, \u00een imagini ,frumuse\u021bea locurilor din Banatul Montan. El a \u021binut s\u0103 ne spun\u0103 c\u0103 pasiunea pentru arta fotografic\u0103 va continua, el o va transmite cu drag nepotului s\u0103u Luca, care a fost prezent la expozi\u021bie \u0219i crede c\u0103: \u201cfocul nestins al fotografiei, va arde, \u00een continuare\u201c.<\/p>\n<p style=\"text-align: justify;\">Poate nu \u00eent\u00e2mpl\u0103tor \u00een 28 iunie, ziua \u00een care a avut loc vernisajul, s-au \u00eemplinit doisprezece ani, de c\u00e2nd Ioan Mato senior a plecat s\u0103 descopere frumuse\u021bile Raiului. (Adriana Telescu)<\/p>\n<p style=\"text-align: justify;\"><a href=\"http:\/\/semndecarte.metarsis.ro\/wp-content\/uploads\/2016\/06\/expo_030.jpg\" rel=\"lightbox[9934]\"><img loading=\"lazy\" class=\"alignleft size-thumbnail wp-image-10025\" src=\"http:\/\/semndecarte.metarsis.ro\/wp-content\/uploads\/2016\/06\/expo_030-95x95.jpg\" alt=\"expo_030\" width=\"95\" height=\"95\" \/><\/a> <a href=\"http:\/\/semndecarte.metarsis.ro\/wp-content\/uploads\/2016\/06\/expo_032.jpg\" rel=\"lightbox[9934]\"><img loading=\"lazy\" class=\"alignleft size-thumbnail wp-image-10026\" src=\"http:\/\/semndecarte.metarsis.ro\/wp-content\/uploads\/2016\/06\/expo_032-95x95.jpg\" alt=\"expo_032\" width=\"95\" height=\"95\" \/><\/a> <a href=\"http:\/\/semndecarte.metarsis.ro\/wp-content\/uploads\/2016\/06\/expo_033.jpg\" rel=\"lightbox[9934]\"><img loading=\"lazy\" class=\"alignleft size-thumbnail wp-image-10027\" src=\"http:\/\/semndecarte.metarsis.ro\/wp-content\/uploads\/2016\/06\/expo_033-95x95.jpg\" alt=\"expo_033\" width=\"95\" height=\"95\" \/><\/a> <a href=\"http:\/\/semndecarte.metarsis.ro\/wp-content\/uploads\/2016\/06\/expo_034.jpg\" rel=\"lightbox[9934]\"><img loading=\"lazy\" class=\"alignleft size-thumbnail wp-image-10028\" src=\"http:\/\/semndecarte.metarsis.ro\/wp-content\/uploads\/2016\/06\/expo_034-95x95.jpg\" alt=\"expo_034\" width=\"95\" height=\"95\" \/><\/a> <a href=\"http:\/\/semndecarte.metarsis.ro\/wp-content\/uploads\/2016\/06\/expo_035.jpg\" rel=\"lightbox[9934]\"><img loading=\"lazy\" class=\"alignleft size-thumbnail wp-image-10029\" src=\"http:\/\/semndecarte.metarsis.ro\/wp-content\/uploads\/2016\/06\/expo_035-95x95.jpg\" alt=\"expo_035\" width=\"95\" height=\"95\" \/><\/a> <a href=\"http:\/\/semndecarte.metarsis.ro\/wp-content\/uploads\/2016\/06\/expo_036.jpg\" rel=\"lightbox[9934]\"><img loading=\"lazy\" class=\"alignleft size-thumbnail wp-image-10030\" src=\"http:\/\/semndecarte.metarsis.ro\/wp-content\/uploads\/2016\/06\/expo_036-95x95.jpg\" alt=\"expo_036\" width=\"95\" height=\"95\" \/><\/a> <a href=\"http:\/\/semndecarte.metarsis.ro\/wp-content\/uploads\/2016\/06\/expo_037.jpg\" rel=\"lightbox[9934]\"><img loading=\"lazy\" class=\"alignleft size-thumbnail wp-image-10031\" src=\"http:\/\/semndecarte.metarsis.ro\/wp-content\/uploads\/2016\/06\/expo_037-95x95.jpg\" alt=\"expo_037\" width=\"95\" height=\"95\" \/><\/a> <a href=\"http:\/\/semndecarte.metarsis.ro\/wp-content\/uploads\/2016\/06\/expo_038.jpg\" rel=\"lightbox[9934]\"><img loading=\"lazy\" class=\"alignleft size-thumbnail wp-image-10032\" src=\"http:\/\/semndecarte.metarsis.ro\/wp-content\/uploads\/2016\/06\/expo_038-95x95.jpg\" alt=\"expo_038\" width=\"95\" height=\"95\" \/><\/a> <a href=\"http:\/\/semndecarte.metarsis.ro\/wp-content\/uploads\/2016\/06\/expo_039.jpg\" rel=\"lightbox[9934]\"><img loading=\"lazy\" class=\"alignleft size-thumbnail wp-image-10033\" src=\"http:\/\/semndecarte.metarsis.ro\/wp-content\/uploads\/2016\/06\/expo_039-95x95.jpg\" alt=\"expo_039\" width=\"95\" height=\"95\" \/><\/a><\/p>\n<p style=\"text-align: justify;\"><a href=\"http:\/\/semndecarte.metarsis.ro\/wp-content\/uploads\/2016\/06\/Iancsi-Mato_025.jpg\" rel=\"lightbox[9934]\"><img loading=\"lazy\" class=\"alignleft size-thumbnail wp-image-9949\" src=\"http:\/\/semndecarte.metarsis.ro\/wp-content\/uploads\/2016\/06\/Iancsi-Mato_025-95x95.jpg\" alt=\"Iancsi Mato_025\" width=\"95\" height=\"95\" \/><\/a> <a href=\"http:\/\/semndecarte.metarsis.ro\/wp-content\/uploads\/2016\/06\/Iancsi-Mato_024.jpg\" rel=\"lightbox[9934]\"><img loading=\"lazy\" class=\"alignleft size-thumbnail wp-image-9948\" src=\"http:\/\/semndecarte.metarsis.ro\/wp-content\/uploads\/2016\/06\/Iancsi-Mato_024-95x95.jpg\" alt=\"Iancsi Mato_024\" width=\"95\" height=\"95\" \/><\/a> <a href=\"http:\/\/semndecarte.metarsis.ro\/wp-content\/uploads\/2016\/06\/Iancsi-Mato_020.jpg\" rel=\"lightbox[9934]\"><img loading=\"lazy\" class=\"alignleft size-thumbnail wp-image-9947\" src=\"http:\/\/semndecarte.metarsis.ro\/wp-content\/uploads\/2016\/06\/Iancsi-Mato_020-95x95.jpg\" alt=\"Iancsi Mato_020\" width=\"95\" height=\"95\" \/><\/a> <a href=\"http:\/\/semndecarte.metarsis.ro\/wp-content\/uploads\/2016\/06\/Iancsi-Mato_018.jpg\" rel=\"lightbox[9934]\"><img loading=\"lazy\" class=\"alignleft size-thumbnail wp-image-9946\" src=\"http:\/\/semndecarte.metarsis.ro\/wp-content\/uploads\/2016\/06\/Iancsi-Mato_018-95x95.jpg\" alt=\"Iancsi Mato_018\" width=\"95\" height=\"95\" \/><\/a> <a href=\"http:\/\/semndecarte.metarsis.ro\/wp-content\/uploads\/2016\/06\/Iancsi-Mato_017.jpg\" rel=\"lightbox[9934]\"><img loading=\"lazy\" class=\"alignleft size-thumbnail wp-image-9945\" src=\"http:\/\/semndecarte.metarsis.ro\/wp-content\/uploads\/2016\/06\/Iancsi-Mato_017-95x95.jpg\" alt=\"Iancsi Mato_017\" width=\"95\" height=\"95\" \/><\/a> <a href=\"http:\/\/semndecarte.metarsis.ro\/wp-content\/uploads\/2016\/06\/Iancsi-Mato_014.jpg\" rel=\"lightbox[9934]\"><img loading=\"lazy\" class=\"alignleft size-thumbnail wp-image-9944\" src=\"http:\/\/semndecarte.metarsis.ro\/wp-content\/uploads\/2016\/06\/Iancsi-Mato_014-95x95.jpg\" alt=\"Iancsi Mato_014\" width=\"95\" height=\"95\" \/><\/a> <a href=\"http:\/\/semndecarte.metarsis.ro\/wp-content\/uploads\/2016\/06\/Iancsi-Mato_013.jpg\" rel=\"lightbox[9934]\"><img loading=\"lazy\" class=\"alignleft size-thumbnail wp-image-9943\" src=\"http:\/\/semndecarte.metarsis.ro\/wp-content\/uploads\/2016\/06\/Iancsi-Mato_013-95x95.jpg\" alt=\"Iancsi Mato_013\" width=\"95\" height=\"95\" \/><\/a> <a href=\"http:\/\/semndecarte.metarsis.ro\/wp-content\/uploads\/2016\/06\/Iancsi-Mato_012.jpg\" rel=\"lightbox[9934]\"><img loading=\"lazy\" class=\"alignleft size-thumbnail wp-image-9942\" src=\"http:\/\/semndecarte.metarsis.ro\/wp-content\/uploads\/2016\/06\/Iancsi-Mato_012-95x95.jpg\" alt=\"Iancsi Mato_012\" width=\"95\" height=\"95\" \/><\/a> <a href=\"http:\/\/semndecarte.metarsis.ro\/wp-content\/uploads\/2016\/06\/Iancsi-Mato_009.jpg\" rel=\"lightbox[9934]\"><img loading=\"lazy\" class=\"alignleft size-thumbnail wp-image-9941\" src=\"http:\/\/semndecarte.metarsis.ro\/wp-content\/uploads\/2016\/06\/Iancsi-Mato_009-95x95.jpg\" alt=\"Iancsi Mato_009\" width=\"95\" height=\"95\" \/><\/a> <a href=\"http:\/\/semndecarte.metarsis.ro\/wp-content\/uploads\/2016\/06\/Iancsi-Mato_007.jpg\" rel=\"lightbox[9934]\"><img loading=\"lazy\" class=\"alignleft size-thumbnail wp-image-9940\" src=\"http:\/\/semndecarte.metarsis.ro\/wp-content\/uploads\/2016\/06\/Iancsi-Mato_007-95x95.jpg\" alt=\"Iancsi Mato_007\" width=\"95\" height=\"95\" \/><\/a> <a href=\"http:\/\/semndecarte.metarsis.ro\/wp-content\/uploads\/2016\/06\/Iancsi-Mato_006.jpg\" rel=\"lightbox[9934]\"><img loading=\"lazy\" class=\"alignleft size-thumbnail wp-image-9939\" src=\"http:\/\/semndecarte.metarsis.ro\/wp-content\/uploads\/2016\/06\/Iancsi-Mato_006-95x95.jpg\" alt=\"Iancsi Mato_006\" width=\"95\" height=\"95\" \/><\/a> <a href=\"http:\/\/semndecarte.metarsis.ro\/wp-content\/uploads\/2016\/06\/Iancsi-Mato_004.jpg\" rel=\"lightbox[9934]\"><img loading=\"lazy\" class=\"alignleft size-thumbnail wp-image-9938\" src=\"http:\/\/semndecarte.metarsis.ro\/wp-content\/uploads\/2016\/06\/Iancsi-Mato_004-95x95.jpg\" alt=\"Iancsi Mato_004\" width=\"95\" height=\"95\" \/><\/a> <a href=\"http:\/\/semndecarte.metarsis.ro\/wp-content\/uploads\/2016\/06\/Iancsi-Mato_003.jpg\" rel=\"lightbox[9934]\"><img loading=\"lazy\" class=\"alignleft size-thumbnail wp-image-9937\" src=\"http:\/\/semndecarte.metarsis.ro\/wp-content\/uploads\/2016\/06\/Iancsi-Mato_003-95x95.jpg\" alt=\"Iancsi Mato_003\" width=\"95\" height=\"95\" \/><\/a> <a href=\"http:\/\/semndecarte.metarsis.ro\/wp-content\/uploads\/2016\/06\/Iancsi-Mato_002.jpg\" rel=\"lightbox[9934]\"><img loading=\"lazy\" class=\"alignleft size-thumbnail wp-image-9936\" src=\"http:\/\/semndecarte.metarsis.ro\/wp-content\/uploads\/2016\/06\/Iancsi-Mato_002-95x95.jpg\" alt=\"Iancsi Mato_002\" width=\"95\" height=\"95\" \/><\/a> <a href=\"http:\/\/semndecarte.metarsis.ro\/wp-content\/uploads\/2016\/06\/Iancsi-Mato_001.jpg\" rel=\"lightbox[9934]\"><img loading=\"lazy\" class=\"alignleft size-thumbnail wp-image-9935\" src=\"http:\/\/semndecarte.metarsis.ro\/wp-content\/uploads\/2016\/06\/Iancsi-Mato_001-95x95.jpg\" alt=\"Iancsi Mato_001\" width=\"95\" height=\"95\" \/><\/a><\/p>\n","protected":false},"excerpt":{"rendered":"<p>Libr\u0103ria \u201cSemn de carte\u201d a g\u0103zduit ieri, 27 iunie 2016, dup\u0103 amiaz\u0103, o nou\u0103 manifestare din seria evenimentelor omagiale dedicate Focului nestins al Re\u0219i\u021bei. Premiera expozi\u021bional\u0103 de art\u0103 fotografic\u0103, a adus pe simezele acestui spa\u021biu lucr\u0103ri ale seniorului Ioan Mato,dar \u0219i pe ale fiului s\u0103u Ioan Mato junior. Este pentru prima oar\u0103, c\u00e2nd tat\u0103l \u0219i fiul expun \u00eempreun\u0103.<\/p>\n","protected":false},"author":1,"featured_media":0,"comment_status":"open","ping_status":"open","sticky":false,"template":"","format":"standard","meta":[],"categories":[7],"tags":[56,241],"_links":{"self":[{"href":"https:\/\/semndecarte.metarsis.ro\/index.php?rest_route=\/wp\/v2\/posts\/9934"}],"collection":[{"href":"https:\/\/semndecarte.metarsis.ro\/index.php?rest_route=\/wp\/v2\/posts"}],"about":[{"href":"https:\/\/semndecarte.metarsis.ro\/index.php?rest_route=\/wp\/v2\/types\/post"}],"author":[{"embeddable":true,"href":"https:\/\/semndecarte.metarsis.ro\/index.php?rest_route=\/wp\/v2\/users\/1"}],"replies":[{"embeddable":true,"href":"https:\/\/semndecarte.metarsis.ro\/index.php?rest_route=%2Fwp%2Fv2%2Fcomments&post=9934"}],"version-history":[{"count":0,"href":"https:\/\/semndecarte.metarsis.ro\/index.php?rest_route=\/wp\/v2\/posts\/9934\/revisions"}],"wp:attachment":[{"href":"https:\/\/semndecarte.metarsis.ro\/index.php?rest_route=%2Fwp%2Fv2%2Fmedia&parent=9934"}],"wp:term":[{"taxonomy":"category","embeddable":true,"href":"https:\/\/semndecarte.metarsis.ro\/index.php?rest_route=%2Fwp%2Fv2%2Fcategories&post=9934"},{"taxonomy":"post_tag","embeddable":true,"href":"https:\/\/semndecarte.metarsis.ro\/index.php?rest_route=%2Fwp%2Fv2%2Ftags&post=9934"}],"curies":[{"name":"wp","href":"https:\/\/api.w.org\/{rel}","templated":true}]}}