{"id":9932,"date":"2016-06-27T19:55:32","date_gmt":"2016-06-27T17:55:32","guid":{"rendered":"http:\/\/semndecarte.metarsis.ro\/?p=9932"},"modified":"2016-06-27T19:55:32","modified_gmt":"2016-06-27T17:55:32","slug":"focul-nestins-si-ioan-mato","status":"publish","type":"post","link":"https:\/\/semndecarte.metarsis.ro\/?p=9932","title":{"rendered":"Focul nestins \u0219i Ioan Mato"},"content":{"rendered":"<p><strong><a href=\"http:\/\/semndecarte.metarsis.ro\/wp-content\/uploads\/2016\/06\/35457_f_90915000.jpg\" rel=\"lightbox[9932]\"><img loading=\"lazy\" class=\"alignleft size-full wp-image-9933\" src=\"http:\/\/semndecarte.metarsis.ro\/wp-content\/uploads\/2016\/06\/35457_f_90915000.jpg\" alt=\"35457_f_90915000\" width=\"519\" height=\"200\" srcset=\"https:\/\/semndecarte.metarsis.ro\/wp-content\/uploads\/2016\/06\/35457_f_90915000.jpg 519w, https:\/\/semndecarte.metarsis.ro\/wp-content\/uploads\/2016\/06\/35457_f_90915000-160x62.jpg 160w, https:\/\/semndecarte.metarsis.ro\/wp-content\/uploads\/2016\/06\/35457_f_90915000-163x63.jpg 163w\" sizes=\"(max-width: 519px) 100vw, 519px\" \/><\/a>Dubl\u0103 expozi\u021bie de fotografie:\u00a0\u201eRe\u0219i\u021ba &#8211; 245 de ani\u201d<\/strong><\/p>\n<p style=\"text-align: justify;\">Un nou eveniment din seria celor omagiale dedicate FOCULUI NESTINS al Re\u0219i\u021bei va avea loc marti, 28 iunie 2016 de la ora 18:00 la libraria re\u0219i\u021beana Semn de Carte, str. Libert\u0103\u021bii 13. Expozi\u021bia panotat\u0103 pe simezele ceain\u0103riei este o premier\u0103. Pentru prima data, tat\u0103 \u0219i fiu expun, \u00eempreun\u0103, fotografii. Dac\u0103 Ioan MATO jr. a avut prima personal\u0103 la Semn de Carte \u00een 22 noiembrie 2011 sub genericul\u00a0\u201dCulorile toamnei\u201d, expozi\u021bie primit\u0103 foarte bine de critica de specialitate, iat\u0103 c\u0103 momentul aniversar este cel mai bun prilej de a aduce \u00een fa\u021ba publicului, excelente lucr\u0103ri de fotografie semnate Ioan MATO sr.., cel care, mai bine de 50 de ani, a fost fotograful oficial al Combinatului Siderurgic Re\u0219i\u021ba, actual TMK (din februarie 2004 este parte a Truvnaya Metallurgieskaya Kompanya).<\/p>\n<p style=\"text-align: justify;\">V\u0103 invit\u0103m la vernisajul unei expozi\u0163ii duble de fotografie, inedit\u0103, Ioan MATO sr. fa\u021b\u0103 \u00een fa\u021b\u0103 cu fiul c\u0103ruia i-a transmis pasiunea sa pentru fotografie, Ioan MATO jr. <!--more-->Ve\u021bi avea prilejul s\u0103 admira\u021bi 50 de fotografii alb- negru \u0219i color ale Seniorului, fotografii care surprind Focul nestins al Re\u0219itei industriale de p\u00e2n\u0103 \u00een 1989, \u0219i 29 de fotografii color care surprind fabulosul Banat Montan, instantanee realizate din pasiunile pentru fotografie \u0219i drume\u021bit ale Juniorului.<\/p>\n<p style=\"text-align: justify;\">\u0218i poate, nu \u00eent\u00e2mplator, \u00een 28 iunie 2004, Ioan MATO sr. era redat, trupe\u0219te, pam\u00e2ntului, plecat fiind s\u0103 descopere frumuse\u021bile Raiului.<\/p>\n<p style=\"text-align: justify;\">Dubla expozi\u021bie Ioan MATO sr. \u0219i Ioan MATO jr. este parte a proiectelor \u201eLuna iunie &#8211; luna expozi\u021biilor\u201d (edi\u021bia a IX-a) \u0219i \u201eRe\u0219i\u021ba &#8211; 245 de ani\u201d\/ \u201eJuni &#8211; unser Ausstellungsmonat\u201c (IX. Auflage) und \u201eRe\u0219i\u021ba \/ Reschitza &#8211; 245 Jahre\u201c sub egida Forumului Democratic al Germanilor din Banatul Montan cu sprijinul Societ\u0103\u021bii pentru Cultur\u0103\u00a0<em>Metarsis<\/em>\u00a0\u2013activit\u0103\u021bi \u0219i servicii de cultur\u0103 urban\u0103 \u0219i art\u0103 contemporan\u0103 prin libr\u0103ria Semn de Carte.<\/p>\n","protected":false},"excerpt":{"rendered":"<p>Un nou eveniment din seria celor omagiale dedicate FOCULUI NESTINS al Re\u0219i\u021bei va avea loc marti, 28 iunie 2016 de la ora 18:00 la libraria re\u0219i\u021beana Semn de Carte, str. Libert\u0103\u021bii 13. Expozi\u021bia panotat\u0103 pe simezele ceain\u0103riei este o premier\u0103. Pentru prima data, tat\u0103 \u0219i fiu expun, \u00eempreun\u0103, fotografii. <\/p>\n","protected":false},"author":1,"featured_media":0,"comment_status":"open","ping_status":"open","sticky":false,"template":"","format":"standard","meta":[],"categories":[3],"tags":[56,241],"_links":{"self":[{"href":"https:\/\/semndecarte.metarsis.ro\/index.php?rest_route=\/wp\/v2\/posts\/9932"}],"collection":[{"href":"https:\/\/semndecarte.metarsis.ro\/index.php?rest_route=\/wp\/v2\/posts"}],"about":[{"href":"https:\/\/semndecarte.metarsis.ro\/index.php?rest_route=\/wp\/v2\/types\/post"}],"author":[{"embeddable":true,"href":"https:\/\/semndecarte.metarsis.ro\/index.php?rest_route=\/wp\/v2\/users\/1"}],"replies":[{"embeddable":true,"href":"https:\/\/semndecarte.metarsis.ro\/index.php?rest_route=%2Fwp%2Fv2%2Fcomments&post=9932"}],"version-history":[{"count":0,"href":"https:\/\/semndecarte.metarsis.ro\/index.php?rest_route=\/wp\/v2\/posts\/9932\/revisions"}],"wp:attachment":[{"href":"https:\/\/semndecarte.metarsis.ro\/index.php?rest_route=%2Fwp%2Fv2%2Fmedia&parent=9932"}],"wp:term":[{"taxonomy":"category","embeddable":true,"href":"https:\/\/semndecarte.metarsis.ro\/index.php?rest_route=%2Fwp%2Fv2%2Fcategories&post=9932"},{"taxonomy":"post_tag","embeddable":true,"href":"https:\/\/semndecarte.metarsis.ro\/index.php?rest_route=%2Fwp%2Fv2%2Ftags&post=9932"}],"curies":[{"name":"wp","href":"https:\/\/api.w.org\/{rel}","templated":true}]}}