{"id":9879,"date":"2016-06-26T19:55:31","date_gmt":"2016-06-26T17:55:31","guid":{"rendered":"http:\/\/semndecarte.metarsis.ro\/?p=9879"},"modified":"2016-06-26T19:55:31","modified_gmt":"2016-06-26T17:55:31","slug":"copii-in-ii-2","status":"publish","type":"post","link":"https:\/\/semndecarte.metarsis.ro\/?p=9879","title":{"rendered":"COPII \u00ceN II"},"content":{"rendered":"<p><strong>Hai M\u0103\u0103\u0103\u0103\u0103\u0103\u0103rii, la S\u00e2nziene!<\/strong><\/p>\n<p style=\"text-align: justify;\"><a href=\"http:\/\/semndecarte.metarsis.ro\/wp-content\/uploads\/2016\/06\/Sanziene-2016_015.jpg\" rel=\"lightbox[9879]\"><img loading=\"lazy\" class=\"alignleft size-full wp-image-9931\" src=\"http:\/\/semndecarte.metarsis.ro\/wp-content\/uploads\/2016\/06\/Sanziene-2016_015.jpg\" alt=\"Sanziene 2016_015\" width=\"520\" height=\"202\" srcset=\"https:\/\/semndecarte.metarsis.ro\/wp-content\/uploads\/2016\/06\/Sanziene-2016_015.jpg 520w, https:\/\/semndecarte.metarsis.ro\/wp-content\/uploads\/2016\/06\/Sanziene-2016_015-160x62.jpg 160w, https:\/\/semndecarte.metarsis.ro\/wp-content\/uploads\/2016\/06\/Sanziene-2016_015-163x63.jpg 163w\" sizes=\"(max-width: 520px) 100vw, 520px\" \/><\/a>24 iunie, \u00een Calendarul Ortodox,\u00a0este ziua\u00a0na\u0219terii Sf\u00e2ntului Ioan Botez\u0103torul, cunoscut\u0103 \u00een popor ca S\u00c2NZIENE sau DR\u0102GAICA. S\u0103rbatoarea este una biblic\u0103 fiind consemnat\u0103 \u00een Evanghela lui Luca, na\u0219terea aceasta av\u00e2nd loc cu 6 luni \u00eenaintea na\u0219terii Domnului Iisus Hristos. S\u0103rb\u0103toarea are multe conota\u021bii populare \u00een special legate de dragoste \u0219i fertilitate, cuprinde o serie de ritualuri legate de s\u0103n\u0103tate \u0219i bel\u0219ug \u00een gospod\u0103rie, de practici ale feteleor pentru a-\u0219i afla sortitul \u0219i momentul \u00een care se vor m\u0103rita. Se spune c\u0103 jocul ielelor din noaptea de S\u00e2nziene \u00eel va l\u0103sa mut sau nebun pe cel care \u00eel\u00a0va privi.\u00a0Iar coroni\u021bele \u00eempletite din flori de s\u00e2nziene vor aduce bun\u0103stare. Dincolo de supersti\u021bii \u0219i tradi\u021bii, cert este c\u0103 \u0219i aceast\u0103 s\u0103rb\u0103toare face leg\u0103tura dintre genera\u021bii, leg\u0103tura \u00eentre oameni \u0219i p\u0103m\u00e2nt, subliniaz\u0103 apartenen\u021ba noastr\u0103 la un popor ales \u00eent\u0103rindu-ne r\u0103d\u0103cinile, d\u00e2ndu-ne identitate distinct\u0103.\u00a0<!--more--> Micile flori galbene, delicate \u0219i parfumate, m\u0103runte, formate din patru petale- motiv pentru care se spune c\u0103 aceast\u0103 plant\u0103 este binecuv\u00e2ntat\u0103 de Dumnezeu, fiecare petal\u0103 din floare purt\u00e2nd \u00een ea un semn al Sfintei Cruci- \u00eempletite, joi 23 iunie 2016, \u00een cununi pe care le vom \u021bine la u\u0219i, ferestre, pe acoperi\u0219 sau \u00eentr-un copac timp de un an, pentru sporul casei \u0219i s\u0103n\u0103tatea \u00eentregii familii,\u00a0au completat fericit vernisajul expozi\u021biei COPII \u00ceN II panotat\u0103 \u00een ceain\u0103ria libr\u0103riei Semn de Carte din Re\u0219i\u021ba. Expozi\u021bia surprinde, prin aparatele de fotografiat m\u00e2nuite de Lucian \u015fi Vlad-Elian Duca,\u00a0Bujorel Purice \u0219i Cristina Ardelean, copii mari, mici \u0219i foarte mici \u00eembr\u0103ca\u021bi \u00een tradi\u021bionale c\u0103m\u0103\u0219i populare rom\u00e2ne\u0219ti. De la Re\u0219i\u021ba la Bucure\u0219ti, de la Herculane la Baden-Baden (Germaia), de la Muzeul \u021a\u0103ranului Rom\u00e2n \u0219i Palatul Cotroceni la Caterdala din Strasbourg,\u00a0IA- aceast\u0103 c\u0103ma\u0219\u0103 popular\u0103 cusut\u0103 cu suflet \u0219i dor rom\u00e2nesc- brand al acestei minunate \u021b\u0103ri, purtat\u0103 cu m\u00e2ndrie, m\u0103rturise\u0219te \u00een fa\u021ba \u00eentregii lumi cultura noastr\u0103 identitar\u0103.<\/p>\n<p style=\"text-align: justify;\">Prin expozi\u021bia COPII \u00ceN II suntem \u0219i anul acesta al\u0103uri de\u00a0 prima comunitate online dedicata IEI la care au aderat aproape 140.00 de romani de pretutindeni. S\u0103rb\u0103toarea de S\u00e2nziene a c\u0103p\u0103tat anvergur\u0103 odat\u0103 cu \u00eenfiin\u0163area comunit\u0103\u0163ii\u00a0<strong>La Blouse Roumaine<\/strong>, \u00een 7 noiembrie 2012. Comunitatea, denumit\u0103 dup\u0103 pictura celebr\u0103 a lui Henri Matisse, a propus ca ziua de 24 iunie 2013, S\u00e2nzienele, s\u0103 fie declarat\u0103 Ziua Universal\u0103 a Iei, iar IA s\u0103 devin\u0103 brand de \u0163ar\u0103. Ideea a avut un succes fulger\u0103tor, \u00eempr\u0103\u015ftiindu-se pe 6 continente, \u00een peste 50 \u0163\u0103ri din lume. Prima administra\u021bie care a recunoscut oficial Ziua Universal\u0103 a Iei prin proclama\u0163ia emis\u0103 de Prim\u0103ria din Washington (SUA) la 24 iunie 2015 au foast Statele Unite ale Americii prin demersurile lui Bogdan Banu, absolvent al Universit\u0103\u0163ii George Washington. Anul acesta, proclama\u0163ia a fost emis\u0103 din nou gra\u0163ie implic\u0103rii Ambasadei Rom\u00e2niei la Washington. \u00cen Olanda, rom\u00e2nii s-au mobilizat exemplar \u0219i au f\u0103cut un tur pe biciclete \u00een 6 ora\u015fe \u00eemp\u0103r\u0163ind flutura\u015fi despre \u00eensemn\u0103tatea s\u0103rb\u0103torii tradi\u0163ionale. \u201eRom\u00e2ni de pretutindeni fac un efort incredibil pentru sus\u0163inerea acestui eveniment\u00a0 ce reprezint\u0103 o investi\u0163ie \u00een imaginea Rom\u00e2niei. IA este matricea noastr\u0103 cultural\u0103, este simbol al identit\u0103\u0163ii \u015fi creativit\u0103\u0163ii spa\u0163iului rom\u00e2nesc, care d\u0103inuie din timpuri str\u0103vechi. Le sunt tuturor extrem de recunosc\u0103toare\u201c, m\u0103rturise\u015fte Andreea Diana T\u0103n\u0103sescu, fondatoarea comunit\u0103\u0163ii La Blouse Roumaine.<\/p>\n<p style=\"text-align: justify;\">Un simbol identitar care reu\u0219e\u0219te s\u0103 uneasc\u0103 rom\u00e2ni de pretutindeni.<\/p>\n<p style=\"text-align: justify;\">IA, este promovat\u0103 local din 2013 de \u00ceNTREAGA PRES\u0102\u00a0C\u0102R\u0102\u0218AN\u0102\u00a0 la ini\u021biativa so\u021bilor Paula \u0219i Vasile Neam\u021bu. Din din 2014 i s-a ad\u0103ugat un simbol regional- br\u00e2ul b\u0103n\u0103\u021bean- subliinind Timpul \u0219i Contratimpul \u00een identitatea Banatului Montan. Simboluri care spun pove\u0219ti \u0219i emo\u021bioneaz\u0103. Care unesc.<\/p>\n<p style=\"text-align: justify;\">La COPII IN II, la Semn de Carte, \u00een ajun de S\u00e2nziene, prieteni buni din presa c\u0103r\u0103\u0219an\u0103 \u015fi nu numai, purt\u00e2nd ii, am \u00eempletit cununi din magicele flori de S\u00e2nion, s\u0103 ne fie de s\u0103n\u0103tate,bel\u0219ug \u0219i bun\u0103 \u00eentelegere,\u00a0s\u0103 ne fie de FAL\u0102 b\u0103n\u0103\u021bean\u0103, s\u0103 ne ocroteasc\u0103, s\u0103 ne fie de BINE.<\/p>\n<p style=\"text-align: justify;\">Eveniment organizat de Societatea pentru Cultur\u0103 Metarsis \u2013 activit\u0103\u0163i \u015fi servicii de cultur\u0103 urban\u0103 \u015fi art\u0103 contemporan\u0103 prin libr\u0103ria Semn de Carte.<\/p>\n<p style=\"text-align: justify;\"><a href=\"http:\/\/semndecarte.metarsis.ro\/wp-content\/uploads\/2016\/06\/Sanziene-2016_131.jpg\" rel=\"lightbox[9879]\"><img loading=\"lazy\" class=\"alignleft size-thumbnail wp-image-9911\" src=\"http:\/\/semndecarte.metarsis.ro\/wp-content\/uploads\/2016\/06\/Sanziene-2016_131-95x95.jpg\" alt=\"Sanziene 2016_131\" width=\"95\" height=\"95\" \/><\/a> <a href=\"http:\/\/semndecarte.metarsis.ro\/wp-content\/uploads\/2016\/06\/Sanziene-2016_003.jpg\" rel=\"lightbox[9879]\"><img loading=\"lazy\" class=\"alignleft size-thumbnail wp-image-9912\" src=\"http:\/\/semndecarte.metarsis.ro\/wp-content\/uploads\/2016\/06\/Sanziene-2016_003-95x95.jpg\" alt=\"Sanziene 2016_003\" width=\"95\" height=\"95\" \/><\/a> <a href=\"http:\/\/semndecarte.metarsis.ro\/wp-content\/uploads\/2016\/06\/Sanziene-2016_023.jpg\" rel=\"lightbox[9879]\"><img loading=\"lazy\" class=\"alignleft size-thumbnail wp-image-9913\" src=\"http:\/\/semndecarte.metarsis.ro\/wp-content\/uploads\/2016\/06\/Sanziene-2016_023-95x95.jpg\" alt=\"Sanziene 2016_023\" width=\"95\" height=\"95\" \/><\/a> <a href=\"http:\/\/semndecarte.metarsis.ro\/wp-content\/uploads\/2016\/06\/Sanziene-2016_035.jpg\" rel=\"lightbox[9879]\"><img loading=\"lazy\" class=\"alignleft size-thumbnail wp-image-9914\" src=\"http:\/\/semndecarte.metarsis.ro\/wp-content\/uploads\/2016\/06\/Sanziene-2016_035-95x95.jpg\" alt=\"Sanziene 2016_035\" width=\"95\" height=\"95\" \/><\/a> <a href=\"http:\/\/semndecarte.metarsis.ro\/wp-content\/uploads\/2016\/06\/Sanziene-2016_038.jpg\" rel=\"lightbox[9879]\"><img loading=\"lazy\" class=\"alignleft size-thumbnail wp-image-9915\" src=\"http:\/\/semndecarte.metarsis.ro\/wp-content\/uploads\/2016\/06\/Sanziene-2016_038-95x95.jpg\" alt=\"Sanziene 2016_038\" width=\"95\" height=\"95\" \/><\/a> <a href=\"http:\/\/semndecarte.metarsis.ro\/wp-content\/uploads\/2016\/06\/Sanziene-2016_041.jpg\" rel=\"lightbox[9879]\"><img loading=\"lazy\" class=\"alignleft size-thumbnail wp-image-9916\" src=\"http:\/\/semndecarte.metarsis.ro\/wp-content\/uploads\/2016\/06\/Sanziene-2016_041-95x95.jpg\" alt=\"Sanziene 2016_041\" width=\"95\" height=\"95\" \/><\/a> <a href=\"http:\/\/semndecarte.metarsis.ro\/wp-content\/uploads\/2016\/06\/Sanziene-2016_050.jpg\" rel=\"lightbox[9879]\"><img loading=\"lazy\" class=\"alignleft size-thumbnail wp-image-9917\" src=\"http:\/\/semndecarte.metarsis.ro\/wp-content\/uploads\/2016\/06\/Sanziene-2016_050-95x95.jpg\" alt=\"Sanziene 2016_050\" width=\"95\" height=\"95\" \/><\/a> <a href=\"http:\/\/semndecarte.metarsis.ro\/wp-content\/uploads\/2016\/06\/Sanziene-2016_051.jpg\" rel=\"lightbox[9879]\"><img loading=\"lazy\" class=\"alignleft size-thumbnail wp-image-9918\" src=\"http:\/\/semndecarte.metarsis.ro\/wp-content\/uploads\/2016\/06\/Sanziene-2016_051-95x95.jpg\" alt=\"Sanziene 2016_051\" width=\"95\" height=\"95\" \/><\/a> <a href=\"http:\/\/semndecarte.metarsis.ro\/wp-content\/uploads\/2016\/06\/Sanziene-2016_052.jpg\" rel=\"lightbox[9879]\"><img loading=\"lazy\" class=\"alignleft size-thumbnail wp-image-9919\" src=\"http:\/\/semndecarte.metarsis.ro\/wp-content\/uploads\/2016\/06\/Sanziene-2016_052-95x95.jpg\" alt=\"Sanziene 2016_052\" width=\"95\" height=\"95\" \/><\/a> <a href=\"http:\/\/semndecarte.metarsis.ro\/wp-content\/uploads\/2016\/06\/Sanziene-2016_053.jpg\" rel=\"lightbox[9879]\"><img loading=\"lazy\" class=\"alignleft size-thumbnail wp-image-9920\" src=\"http:\/\/semndecarte.metarsis.ro\/wp-content\/uploads\/2016\/06\/Sanziene-2016_053-95x95.jpg\" alt=\"Sanziene 2016_053\" width=\"95\" height=\"95\" \/><\/a> <a href=\"http:\/\/semndecarte.metarsis.ro\/wp-content\/uploads\/2016\/06\/Sanziene-2016_056.jpg\" rel=\"lightbox[9879]\"><img loading=\"lazy\" class=\"alignleft size-thumbnail wp-image-9921\" src=\"http:\/\/semndecarte.metarsis.ro\/wp-content\/uploads\/2016\/06\/Sanziene-2016_056-95x95.jpg\" alt=\"Sanziene 2016_056\" width=\"95\" height=\"95\" \/><\/a> <a href=\"http:\/\/semndecarte.metarsis.ro\/wp-content\/uploads\/2016\/06\/Sanziene-2016_058.jpg\" rel=\"lightbox[9879]\"><img loading=\"lazy\" class=\"alignleft size-thumbnail wp-image-9922\" src=\"http:\/\/semndecarte.metarsis.ro\/wp-content\/uploads\/2016\/06\/Sanziene-2016_058-95x95.jpg\" alt=\"Sanziene 2016_058\" width=\"95\" height=\"95\" \/><\/a> <a href=\"http:\/\/semndecarte.metarsis.ro\/wp-content\/uploads\/2016\/06\/Sanziene-2016_059.jpg\" rel=\"lightbox[9879]\"><img loading=\"lazy\" class=\"alignleft size-thumbnail wp-image-9923\" src=\"http:\/\/semndecarte.metarsis.ro\/wp-content\/uploads\/2016\/06\/Sanziene-2016_059-95x95.jpg\" alt=\"Sanziene 2016_059\" width=\"95\" height=\"95\" \/><\/a> <a href=\"http:\/\/semndecarte.metarsis.ro\/wp-content\/uploads\/2016\/06\/Sanziene-2016_071.jpg\" rel=\"lightbox[9879]\"><img loading=\"lazy\" class=\"alignleft size-thumbnail wp-image-9924\" src=\"http:\/\/semndecarte.metarsis.ro\/wp-content\/uploads\/2016\/06\/Sanziene-2016_071-95x95.jpg\" alt=\"Sanziene 2016_071\" width=\"95\" height=\"95\" \/><\/a> <a href=\"http:\/\/semndecarte.metarsis.ro\/wp-content\/uploads\/2016\/06\/Sanziene-2016_073.jpg\" rel=\"lightbox[9879]\"><img loading=\"lazy\" class=\"alignleft size-thumbnail wp-image-9925\" src=\"http:\/\/semndecarte.metarsis.ro\/wp-content\/uploads\/2016\/06\/Sanziene-2016_073-95x95.jpg\" alt=\"Sanziene 2016_073\" width=\"95\" height=\"95\" \/><\/a> <a href=\"http:\/\/semndecarte.metarsis.ro\/wp-content\/uploads\/2016\/06\/Sanziene-2016_085.jpg\" rel=\"lightbox[9879]\"><img loading=\"lazy\" class=\"alignleft size-thumbnail wp-image-9926\" src=\"http:\/\/semndecarte.metarsis.ro\/wp-content\/uploads\/2016\/06\/Sanziene-2016_085-95x95.jpg\" alt=\"Sanziene 2016_085\" width=\"95\" height=\"95\" \/><\/a> <a href=\"http:\/\/semndecarte.metarsis.ro\/wp-content\/uploads\/2016\/06\/Sanziene-2016_088.jpg\" rel=\"lightbox[9879]\"><img loading=\"lazy\" class=\"alignleft size-thumbnail wp-image-9927\" src=\"http:\/\/semndecarte.metarsis.ro\/wp-content\/uploads\/2016\/06\/Sanziene-2016_088-95x95.jpg\" alt=\"Sanziene 2016_088\" width=\"95\" height=\"95\" \/><\/a> <a href=\"http:\/\/semndecarte.metarsis.ro\/wp-content\/uploads\/2016\/06\/Sanziene-2016_096.jpg\" rel=\"lightbox[9879]\"><img loading=\"lazy\" class=\"alignleft size-thumbnail wp-image-9928\" src=\"http:\/\/semndecarte.metarsis.ro\/wp-content\/uploads\/2016\/06\/Sanziene-2016_096-95x95.jpg\" alt=\"Sanziene 2016_096\" width=\"95\" height=\"95\" \/><\/a> <a href=\"http:\/\/semndecarte.metarsis.ro\/wp-content\/uploads\/2016\/06\/Sanziene-2016_106.jpg\" rel=\"lightbox[9879]\"><img loading=\"lazy\" class=\"alignleft size-thumbnail wp-image-9929\" src=\"http:\/\/semndecarte.metarsis.ro\/wp-content\/uploads\/2016\/06\/Sanziene-2016_106-95x95.jpg\" alt=\"Sanziene 2016_106\" width=\"95\" height=\"95\" \/><\/a> <a href=\"http:\/\/semndecarte.metarsis.ro\/wp-content\/uploads\/2016\/06\/Sanziene-2016_112.jpg\" rel=\"lightbox[9879]\"><img loading=\"lazy\" class=\"alignleft size-thumbnail wp-image-9930\" src=\"http:\/\/semndecarte.metarsis.ro\/wp-content\/uploads\/2016\/06\/Sanziene-2016_112-95x95.jpg\" alt=\"Sanziene 2016_112\" width=\"95\" height=\"95\" \/><\/a><\/p>\n","protected":false},"excerpt":{"rendered":"<p>24 iunie, \u00een Calendarul Ortodox, este ziua na\u0219terii Sf\u00e2ntului Ioan Botez\u0103torul, cunoscut\u0103 \u00een popor ca S\u00c2NZIENE sau DR\u0102GAICA. S\u0103rbatoarea este una biblic\u0103 fiind consemnat\u0103 \u00een Evanghela lui Luca, na\u0219terea aceasta av\u00e2nd loc cu 6 luni \u00eenaintea na\u0219terii Domnului Iisus Hristos. S\u0103rb\u0103toarea are multe conota\u021bii populare \u00een special legate de dragoste \u0219i fertilitate, cuprinde o serie de ritualuri legate de s\u0103n\u0103tate \u0219i bel\u0219ug \u00een gospod\u0103rie, de practici ale feteleor pentru a-\u0219i afla sortitul \u0219i momentul \u00een care se vor m\u0103rita. <\/p>\n","protected":false},"author":1,"featured_media":0,"comment_status":"open","ping_status":"open","sticky":false,"template":"","format":"standard","meta":[],"categories":[7],"tags":[498],"_links":{"self":[{"href":"https:\/\/semndecarte.metarsis.ro\/index.php?rest_route=\/wp\/v2\/posts\/9879"}],"collection":[{"href":"https:\/\/semndecarte.metarsis.ro\/index.php?rest_route=\/wp\/v2\/posts"}],"about":[{"href":"https:\/\/semndecarte.metarsis.ro\/index.php?rest_route=\/wp\/v2\/types\/post"}],"author":[{"embeddable":true,"href":"https:\/\/semndecarte.metarsis.ro\/index.php?rest_route=\/wp\/v2\/users\/1"}],"replies":[{"embeddable":true,"href":"https:\/\/semndecarte.metarsis.ro\/index.php?rest_route=%2Fwp%2Fv2%2Fcomments&post=9879"}],"version-history":[{"count":0,"href":"https:\/\/semndecarte.metarsis.ro\/index.php?rest_route=\/wp\/v2\/posts\/9879\/revisions"}],"wp:attachment":[{"href":"https:\/\/semndecarte.metarsis.ro\/index.php?rest_route=%2Fwp%2Fv2%2Fmedia&parent=9879"}],"wp:term":[{"taxonomy":"category","embeddable":true,"href":"https:\/\/semndecarte.metarsis.ro\/index.php?rest_route=%2Fwp%2Fv2%2Fcategories&post=9879"},{"taxonomy":"post_tag","embeddable":true,"href":"https:\/\/semndecarte.metarsis.ro\/index.php?rest_route=%2Fwp%2Fv2%2Ftags&post=9879"}],"curies":[{"name":"wp","href":"https:\/\/api.w.org\/{rel}","templated":true}]}}