{"id":9876,"date":"2016-06-23T13:47:57","date_gmt":"2016-06-23T11:47:57","guid":{"rendered":"http:\/\/semndecarte.metarsis.ro\/?p=9876"},"modified":"2016-06-23T13:47:57","modified_gmt":"2016-06-23T11:47:57","slug":"245-resita-15-tmk","status":"publish","type":"post","link":"https:\/\/semndecarte.metarsis.ro\/?p=9876","title":{"rendered":"245 RE\u0218I\u021aA- 15 TMK"},"content":{"rendered":"<p style=\"text-align: justify;\"><strong><a href=\"http:\/\/semndecarte.metarsis.ro\/wp-content\/uploads\/2016\/06\/anunt.jpg\" rel=\"lightbox[9876]\"><img loading=\"lazy\" class=\"alignleft size-full wp-image-9877\" src=\"http:\/\/semndecarte.metarsis.ro\/wp-content\/uploads\/2016\/06\/anunt.jpg\" alt=\"anunt\" width=\"520\" height=\"183\" srcset=\"https:\/\/semndecarte.metarsis.ro\/wp-content\/uploads\/2016\/06\/anunt.jpg 520w, https:\/\/semndecarte.metarsis.ro\/wp-content\/uploads\/2016\/06\/anunt-160x56.jpg 160w, https:\/\/semndecarte.metarsis.ro\/wp-content\/uploads\/2016\/06\/anunt-163x57.jpg 163w\" sizes=\"(max-width: 520px) 100vw, 520px\" \/><\/a>Expozi\u021bie de pictur\u0103<\/strong><\/p>\n<p style=\"text-align: justify;\">Un nou eveniment sub genericul 245 RE\u0218I\u021aA- 15 TMK va avea loc vineri, 24 iunie 2016, orele 18:00, la Muzeul Banatului Montan din Re\u0219i\u021ba. Dup\u0103 \u201dfocul nestins\u201d surprins \u00een fotografii de o real\u0103 valoare artistic\u0103 \u0219i documentar\u0103 de c\u0103tre t\u00e2n\u0103rul artist Victor IOAN, pe simezele Muzeului vor expune:\u00a0Daniela Csiri Florescu, Sanda Murzea, Nicoleta Onofrei, Adriana Ilin Tomici, Tiberiu Balazs, Tiberiu Fazakas, Cristea Mircioane, Doru Vasiu\u0163i, Radu Ro\u015fianu, Dan Vifor Pichiu, Victor Ioan, Constantin G\u0103in\u0103, Horia Gherghina, Florin Scurtu, arti\u015ftii plastici din Re\u015fi\u0163a, Hunedoara \u015fi Timi\u015foara, participan\u021bi\u00a0 la Tab\u0103ra de art\u0103 plastic\u0103 organizat\u0103 de Funda\u021bia Iancu de Hunedoara la Cabana- Debarcader TMK, V\u0103liug.<!--more--><\/p>\n<p style=\"text-align: justify;\">\u00cen 3 iulie 1771, la Re\u0219i\u021ba, au fost aprinse 2 furnale: \u201eFranziskus\u201d \u0219i \u201eJosephus\u201d\u00a0pornind odiseea industriei fierului \u00een Banatul Montan. Focul arde, aici, de 245 de ani, fiind \u00eentre\u021binut, modern, din februarie 2004, de Truvnaya Metallurgieskaya Kompanya (TMK, \u00eenfiin\u021bat\u0103 \u00een aprilie 2001). De 245 de ani focul este, pentru Banatul Montan. destin, simbol al continuit\u0103\u021bii, lumin\u0103, v\u00e2lv\u0103taie mistuitoare, flac\u0103r\u0103 nestins\u0103, entuziasm, neast\u00e2mp\u0103r dar \u0219i sudoare, durere, chin, jale\u2026 Trebuie asumat \u0219i transmis genera\u021biiilor urm\u0103toare. \u00centre\u021binut, \u00eente\u021bit. Pentru c\u0103 ne define\u015fte identitar.<\/p>\n<p style=\"text-align: justify;\">Ce singur\u0103tate\/ s\u0103 nu \u00een\u0163elegi \u00een\u0163elesul\/ atunci c\u00e2nd exist\u0103 \u00een\u0163eles.\/\/ \u015ei ce singur\u0103tate\/<\/p>\n<p style=\"text-align: justify;\">s\u0103 fii orb pe lumina zilei,-\/ \u00a0\u015fi surd, ce singur\u0103tate\/ in toiul c\u00e2ntecului.\/\/ Dar s\u0103 nu-n\u0163elegi\/<\/p>\n<p style=\"text-align: justify;\">c\u00e2nd nu exist\u0103 \u00een\u0163eles\/ \u015fi s\u0103 fii orb la miezul nop\u0163ii\/\/\u00a0 \u015fi surd c\u00e2nd lini\u015ftea-i des\u0103v\u00e2r\u015fit\u0103,-\/\/<\/p>\n<p style=\"text-align: justify;\">o, singur\u0103tate a singur\u0103t\u0103\u0163ii!\/\/ \u00a0(Nichita Stanescu, Hieroglif\u0103)<\/p>\n<p style=\"text-align: justify;\">Invitat special: dr. fil. Ada D. CRUCEANU, critic de art\u0103, \u00a0dr.ing. Romulus IOAN, manager TMK, dr.muz. Sabin PAUTZA, pre\u0219edinte Metarsis.<\/p>\n<p style=\"text-align: justify;\">Moment muzical asigurat de elevi ai Liceului de Arte Sabin P\u0103u\u021ba Re\u0219i\u021ba.<\/p>\n<p style=\"text-align: justify;\">Eveniment organizat de Funda\u021bia Iancu de Hunedoara\u00a0 \u00een parteneriat cu Muzeul Banatului Montan, TMK Re\u0219i\u021ba, Jurnal de Cara\u0219 Severin \u0219i Societatea pentru Cultur\u0103 Metarsis prin libr\u0103ria Semn de Carte.<\/p>\n","protected":false},"excerpt":{"rendered":"<p>Un nou eveniment sub genericul 245 RE\u0218I\u021aA- 15 TMK va avea loc vineri, 24 iunie 2016, orele 18:00, la Muzeul Banatului Montan din Re\u0219i\u021ba. Dup\u0103 \u201dfocul nestins\u201d surprins \u00een fotografii de o real\u0103 valoare artistic\u0103 \u0219i documentar\u0103 de c\u0103tre t\u00e2n\u0103rul artist Victor IOAN, pe simezele Muzeului vor expune: Daniela Csiri Florescu, Sanda Murzea, Nicoleta Onofrei, Adriana Ilin Tomici, Tiberiu Balazs, Tiberiu Fazakas, Cristea Mircioane, Doru Vasiu\u0163i, Radu Ro\u015fianu, Dan Vifor Pichiu, Victor Ioan, Constantin G\u0103in\u0103, Horia Gherghina, Florin Scurtu, arti\u015ftii plastici din Re\u015fi\u0163a, Hunedoara \u015fi Timi\u015foara, participan\u021bi  la Tab\u0103ra de art\u0103 plastic\u0103 organizat\u0103 de Funda\u021bia Iancu de Hunedoara la Cabana- Debarcader TMK, V\u0103liug.<\/p>\n","protected":false},"author":1,"featured_media":0,"comment_status":"open","ping_status":"open","sticky":false,"template":"","format":"standard","meta":[],"categories":[3],"tags":[127,594,595,241],"_links":{"self":[{"href":"https:\/\/semndecarte.metarsis.ro\/index.php?rest_route=\/wp\/v2\/posts\/9876"}],"collection":[{"href":"https:\/\/semndecarte.metarsis.ro\/index.php?rest_route=\/wp\/v2\/posts"}],"about":[{"href":"https:\/\/semndecarte.metarsis.ro\/index.php?rest_route=\/wp\/v2\/types\/post"}],"author":[{"embeddable":true,"href":"https:\/\/semndecarte.metarsis.ro\/index.php?rest_route=\/wp\/v2\/users\/1"}],"replies":[{"embeddable":true,"href":"https:\/\/semndecarte.metarsis.ro\/index.php?rest_route=%2Fwp%2Fv2%2Fcomments&post=9876"}],"version-history":[{"count":0,"href":"https:\/\/semndecarte.metarsis.ro\/index.php?rest_route=\/wp\/v2\/posts\/9876\/revisions"}],"wp:attachment":[{"href":"https:\/\/semndecarte.metarsis.ro\/index.php?rest_route=%2Fwp%2Fv2%2Fmedia&parent=9876"}],"wp:term":[{"taxonomy":"category","embeddable":true,"href":"https:\/\/semndecarte.metarsis.ro\/index.php?rest_route=%2Fwp%2Fv2%2Fcategories&post=9876"},{"taxonomy":"post_tag","embeddable":true,"href":"https:\/\/semndecarte.metarsis.ro\/index.php?rest_route=%2Fwp%2Fv2%2Ftags&post=9876"}],"curies":[{"name":"wp","href":"https:\/\/api.w.org\/{rel}","templated":true}]}}