{"id":9873,"date":"2016-06-22T23:10:25","date_gmt":"2016-06-22T21:10:25","guid":{"rendered":"http:\/\/semndecarte.metarsis.ro\/?p=9873"},"modified":"2016-06-22T23:10:43","modified_gmt":"2016-06-22T21:10:43","slug":"copii-in-ii","status":"publish","type":"post","link":"https:\/\/semndecarte.metarsis.ro\/?p=9873","title":{"rendered":"COPII \u00ceN II"},"content":{"rendered":"<p style=\"text-align: justify;\"><strong>Hai, m\u0103, hai la s\u00e2nziene&#8230;.<\/strong><\/p>\n<p style=\"text-align: justify;\"><a href=\"http:\/\/semndecarte.metarsis.ro\/wp-content\/uploads\/2016\/06\/cop24.jpg\" rel=\"lightbox[9873]\"><img loading=\"lazy\" class=\"alignleft size-full wp-image-9874\" src=\"http:\/\/semndecarte.metarsis.ro\/wp-content\/uploads\/2016\/06\/cop24.jpg\" alt=\"cop24\" width=\"520\" height=\"200\" srcset=\"https:\/\/semndecarte.metarsis.ro\/wp-content\/uploads\/2016\/06\/cop24.jpg 520w, https:\/\/semndecarte.metarsis.ro\/wp-content\/uploads\/2016\/06\/cop24-160x62.jpg 160w, https:\/\/semndecarte.metarsis.ro\/wp-content\/uploads\/2016\/06\/cop24-163x63.jpg 163w\" sizes=\"(max-width: 520px) 100vw, 520px\" \/><\/a>Joi, 23 iunie 2016, orele 17:00, v\u0103 invit\u0103m la libr\u0103ria Semn de Carte din Re\u015fi\u0163a, str. Libert\u0103\u0163ii 13, la vernisajul expozi\u0163iei COPII \u00ceN II cu fotografii realizate de Bujorel Purice, Lucian \u015fi Vlad-Elian Duca, Cristina Ardelean.<\/p>\n<p style=\"text-align: justify;\">V\u0103 invit\u0103m s\u0103 celebr\u0103m \u00eempreun\u0103 S\u00e2nzienele (Dr\u0103gaica). La fel ca anii trecu\u0163i, \u00eembr\u0103ca\u0163i \u00een ii, vom \u00eempleti cununi de s\u00e2nziene. <!--more-->Din respect fa\u0163\u0103 de mo\u015fii \u015fi str\u0103mo\u015fii no\u015ftri vom duce tradi\u0163ia mai departe, \u00eemp\u0103rt\u0103\u015find-o copiilor \u015fi nepo\u0163ilor, d\u00e2ndu-le r\u0103d\u0103cini. Vom \u00a0invoca dragostea a\u015fa cum frumos cita, anul trecut Adriana Telescu: \u201cS\u00e2nz\u00e2iene \u00een cununi,\/ Obiceiu-i gin str\u0103buni,\/ Fecele-n m\u0103nunchi li leag\u0103\/ Cunun\u0103, cunun\u0103 drag\u0103!\u201d\u2026.\/ S\u00e2nziene flori ge var\u0103\/ Ge leac bun \u00een prag de sar\u0103,\/ Gesleag\u0103 bl\u0103st\u0103miile\/ \u0218i leag\u0103 dragostiile! (Ileana Cornelia Neaga).<\/p>\n<p style=\"text-align: justify;\">De la orele 18:00 vom raspunde invita\u0163iei jurnali\u015ftilor Paula \u015fi Vasile Neam\u0163u la o \u015fedin\u0163\u0103 foto -devenit\u0103 tradi\u0163ional\u0103- de promovare a c\u0103m\u0103\u015fii populare in peisajul de basm al Banatului Montan.<\/p>\n<p style=\"text-align: justify;\">Eveniment organizat de Societatea\u00a0pentru Cultur\u0103 <em>Metarsis \u2013 activitati si servicii de cultura urbana si arta contemporana prin\u00a0libraria Semn de Carte.<\/em><\/p>\n","protected":false},"excerpt":{"rendered":"<p>Joi, 23 iunie 2016, orele 17:00, v\u0103 invit\u0103m la libr\u0103ria Semn de Carte din Re\u015fi\u0163a, str. Libert\u0103\u0163ii 13, la vernisajul expozi\u0163iei COPII \u00ceN II cu fotografii realizate de Bujorel Purice, Lucian \u015fi Vlad-Elian Duca, Cristina Ardelean.<\/p>\n","protected":false},"author":1,"featured_media":0,"comment_status":"open","ping_status":"open","sticky":false,"template":"","format":"standard","meta":[],"categories":[3],"tags":[53,593,498],"_links":{"self":[{"href":"https:\/\/semndecarte.metarsis.ro\/index.php?rest_route=\/wp\/v2\/posts\/9873"}],"collection":[{"href":"https:\/\/semndecarte.metarsis.ro\/index.php?rest_route=\/wp\/v2\/posts"}],"about":[{"href":"https:\/\/semndecarte.metarsis.ro\/index.php?rest_route=\/wp\/v2\/types\/post"}],"author":[{"embeddable":true,"href":"https:\/\/semndecarte.metarsis.ro\/index.php?rest_route=\/wp\/v2\/users\/1"}],"replies":[{"embeddable":true,"href":"https:\/\/semndecarte.metarsis.ro\/index.php?rest_route=%2Fwp%2Fv2%2Fcomments&post=9873"}],"version-history":[{"count":0,"href":"https:\/\/semndecarte.metarsis.ro\/index.php?rest_route=\/wp\/v2\/posts\/9873\/revisions"}],"wp:attachment":[{"href":"https:\/\/semndecarte.metarsis.ro\/index.php?rest_route=%2Fwp%2Fv2%2Fmedia&parent=9873"}],"wp:term":[{"taxonomy":"category","embeddable":true,"href":"https:\/\/semndecarte.metarsis.ro\/index.php?rest_route=%2Fwp%2Fv2%2Fcategories&post=9873"},{"taxonomy":"post_tag","embeddable":true,"href":"https:\/\/semndecarte.metarsis.ro\/index.php?rest_route=%2Fwp%2Fv2%2Ftags&post=9873"}],"curies":[{"name":"wp","href":"https:\/\/api.w.org\/{rel}","templated":true}]}}