{"id":9870,"date":"2016-06-22T22:25:48","date_gmt":"2016-06-22T20:25:48","guid":{"rendered":"http:\/\/semndecarte.metarsis.ro\/?p=9870"},"modified":"2016-06-22T22:29:40","modified_gmt":"2016-06-22T20:29:40","slug":"povestea-mea-editia-a-iv-a","status":"publish","type":"post","link":"https:\/\/semndecarte.metarsis.ro\/?p=9870","title":{"rendered":"POVESTEA MEA , editia a IV-a"},"content":{"rendered":"<p style=\"text-align: justify;\"><a href=\"http:\/\/semndecarte.metarsis.ro\/wp-content\/uploads\/2016\/06\/afis.jpg\" rel=\"lightbox[9870]\"><img loading=\"lazy\" class=\"alignleft size-large wp-image-9872\" src=\"http:\/\/semndecarte.metarsis.ro\/wp-content\/uploads\/2016\/06\/afis-115x163.jpg\" alt=\"afis\" width=\"115\" height=\"163\" srcset=\"https:\/\/semndecarte.metarsis.ro\/wp-content\/uploads\/2016\/06\/afis-115x163.jpg 115w, https:\/\/semndecarte.metarsis.ro\/wp-content\/uploads\/2016\/06\/afis-113x160.jpg 113w, https:\/\/semndecarte.metarsis.ro\/wp-content\/uploads\/2016\/06\/afis.jpg 482w\" sizes=\"(max-width: 115px) 100vw, 115px\" \/><\/a>Joi, 23 iunie 2016, orele 14:00 la libr\u0103ria Semn de Carte Re\u015fi\u0163a, str. Libert\u0103\u0163ii 13, va avea loc festivitatea de premiere a Concursului Jude\u0163ean <strong>POVESTEA MEA<\/strong>, edi\u0163ia a IV-a, \u00a0proiect derulat sub egida Casei Corpului Didactic Cara\u015f-Severin. Va fi lansat volumul sub aceea\u015fi titulatur\u0103, o selec\u0163ie de crea\u0163ii literare clasele I-IV, volum ap\u0103rut la editura <em>Gheorghe Magas<\/em>, 2016, sub \u00eengrijirea prof. Nicoleta Marcu, prof. Daniela Potoceanu \u015fi Remus Mihai R\u00e2jni\u0163\u0103. Despre citit, scris, creativitate \u00eentr-un dialog deschis cu cei premia\u0163i, o lectura selectiv\u0103 sub genericul <em>Ghici ce poveste e?<\/em>, premii \u015fi surprize pentru colegii lor mai mici au ca ini\u0163iatori pe Teodora Potocean \u00a0\u015fi Valentin Molnar, membri ai Clubului de Dezbateri \u2013 Colegiul Na\u021bional Traian Lalescu Re\u0219i\u021ba.<!--more--><\/p>\n<p style=\"text-align: justify;\">Momentul muzical va fi sus\u0163inut de Corul Stelu\u021be al \u0218coalii Gimnaziale Nr. 2 Re\u0219i\u021ba, coordonator prof. Mariana Brebenariu.<\/p>\n<p style=\"text-align: justify;\">ARIcel ISTET, ariciul libr\u0103riei Semn de Carte, cel care iube\u0219te c\u0103r\u021bile \u0219i copiii, va anun\u0163a cele 4 desene c\u00e2\u015ftig\u0103toare dintre cele 44 realizate de elevii claselor a II-a B \u015fi a IV-a B de la \u015ecoala Gimnazial\u0103 nr. 2 care au ascultat piesa de teatru radiofonic pentru copii <em>Domnul Re Diez \u0219i Domni\u0219oara Mi Bemol <\/em>dup\u0103 Jules Verne, \u00een <em>S\u0103pt\u0103m\u00e2na altfel<\/em>.<\/p>\n<p style=\"text-align: justify;\">Eveniment organizat de Casa Corpului Didactic Cara\u015f-Severin cu sprijinul Societ\u0103\u0163ii pentru Cultur\u0103 <em>Metarsis &#8211; activitati si servicii de cultura urbana si arta contemporana prin\u00a0libraria Semn de Carte.<\/em><\/p>\n","protected":false},"excerpt":{"rendered":"<p>Joi, 23 iunie 2016, orele 14:00 la libr\u0103ria Semn de Carte Re\u015fi\u0163a, str. Libert\u0103\u0163ii 13, va avea loc festivitatea de premiere a Concursului Jude\u0163ean POVESTEA MEA, edi\u0163ia a IV-a,  proiect derulat sub egida Casei Corpului Didactic Cara\u015f-Severin.<\/p>\n","protected":false},"author":1,"featured_media":0,"comment_status":"open","ping_status":"open","sticky":false,"template":"","format":"standard","meta":[],"categories":[3],"tags":[151,37,285],"_links":{"self":[{"href":"https:\/\/semndecarte.metarsis.ro\/index.php?rest_route=\/wp\/v2\/posts\/9870"}],"collection":[{"href":"https:\/\/semndecarte.metarsis.ro\/index.php?rest_route=\/wp\/v2\/posts"}],"about":[{"href":"https:\/\/semndecarte.metarsis.ro\/index.php?rest_route=\/wp\/v2\/types\/post"}],"author":[{"embeddable":true,"href":"https:\/\/semndecarte.metarsis.ro\/index.php?rest_route=\/wp\/v2\/users\/1"}],"replies":[{"embeddable":true,"href":"https:\/\/semndecarte.metarsis.ro\/index.php?rest_route=%2Fwp%2Fv2%2Fcomments&post=9870"}],"version-history":[{"count":0,"href":"https:\/\/semndecarte.metarsis.ro\/index.php?rest_route=\/wp\/v2\/posts\/9870\/revisions"}],"wp:attachment":[{"href":"https:\/\/semndecarte.metarsis.ro\/index.php?rest_route=%2Fwp%2Fv2%2Fmedia&parent=9870"}],"wp:term":[{"taxonomy":"category","embeddable":true,"href":"https:\/\/semndecarte.metarsis.ro\/index.php?rest_route=%2Fwp%2Fv2%2Fcategories&post=9870"},{"taxonomy":"post_tag","embeddable":true,"href":"https:\/\/semndecarte.metarsis.ro\/index.php?rest_route=%2Fwp%2Fv2%2Ftags&post=9870"}],"curies":[{"name":"wp","href":"https:\/\/api.w.org\/{rel}","templated":true}]}}