{"id":9825,"date":"2016-06-06T20:17:17","date_gmt":"2016-06-06T18:17:17","guid":{"rendered":"http:\/\/semndecarte.metarsis.ro\/?p=9825"},"modified":"2016-06-09T19:21:23","modified_gmt":"2016-06-09T17:21:23","slug":"timp-si-contratimp-in-identitatea-banatului-de-munte-2","status":"publish","type":"post","link":"https:\/\/semndecarte.metarsis.ro\/?p=9825","title":{"rendered":"Timp \u0219i Contratimp \u00een identitatea Banatului de Munte"},"content":{"rendered":"<p>\u201cNatura omului se cuprinde \u00een suflet \u015fi \u00een trup\u201d Paul Iorgovici<\/p>\n<p style=\"text-align: justify;\"><a href=\"http:\/\/semndecarte.metarsis.ro\/wp-content\/uploads\/2016\/06\/proiect.jpg\" rel=\"lightbox[9825]\"><img loading=\"lazy\" class=\"alignleft size-full wp-image-9826\" src=\"http:\/\/semndecarte.metarsis.ro\/wp-content\/uploads\/2016\/06\/proiect.jpg\" alt=\"proiect\" width=\"519\" height=\"212\" srcset=\"https:\/\/semndecarte.metarsis.ro\/wp-content\/uploads\/2016\/06\/proiect.jpg 519w, https:\/\/semndecarte.metarsis.ro\/wp-content\/uploads\/2016\/06\/proiect-160x65.jpg 160w, https:\/\/semndecarte.metarsis.ro\/wp-content\/uploads\/2016\/06\/proiect-163x67.jpg 163w\" sizes=\"(max-width: 519px) 100vw, 519px\" \/><\/a> Presa c\u0103r\u0103\u015fan\u0103 promoveaz\u0103 ia \u0219i br\u00e2ul bana\u0163ean, edi\u021bia a IV-a<\/p>\n<p style=\"text-align: justify;\">Vineri, 10 iunie 2016 orele 18:00, \u00een Centrul Civic al municipiului Re\u015fi\u0163a,\u00a0IA ROM\u00c2NEASC\u0102 \u015fi BR\u00c2UL B\u0102N\u0102\u0162EAN- repere definitorii ale identit\u0103\u0163ii<a href=\"http:\/\/semndecarte.metarsis.ro\/wp-content\/uploads\/2016\/06\/afis-mic1.jpg\" rel=\"lightbox[9825]\"><img loading=\"lazy\" class=\"alignright size-large wp-image-9828\" src=\"http:\/\/semndecarte.metarsis.ro\/wp-content\/uploads\/2016\/06\/afis-mic1-115x163.jpg\" alt=\"afis-mic\" width=\"115\" height=\"163\" srcset=\"https:\/\/semndecarte.metarsis.ro\/wp-content\/uploads\/2016\/06\/afis-mic1-115x163.jpg 115w, https:\/\/semndecarte.metarsis.ro\/wp-content\/uploads\/2016\/06\/afis-mic1-113x160.jpg 113w, https:\/\/semndecarte.metarsis.ro\/wp-content\/uploads\/2016\/06\/afis-mic1.jpg 1062w\" sizes=\"(max-width: 115px) 100vw, 115px\" \/><\/a> noastre na\u0163ionale &#8211; vor fi puse \u00een valoare printr-un eveniment cultural puternic mediatizat de presa c\u0103r\u0103\u015fan\u0103 ajuns la cea de-a IV-a edi\u021bie.<\/p>\n<p style=\"text-align: justify;\">Pornit \u00een anul 2013 din ini\u0163iativa a doi jurnali\u015fti re\u015fi\u0163eni, so\u0163ii Paula \u015fi Vasile Neam\u0163u\u00a0sub genericul PRESA C\u0102R\u0102\u0218AN\u0102 PROMOVEAZ\u0102 IA evenimentul a fost unul de impact, \u00eentreaga pres\u0103 c\u0103r\u0103\u015fan\u0103 mediatiz\u00e2nd unul dintre reperele rom\u00e2ne\u015fti definitoriu peste TIMP. Din anul 2014 Societatea pentru Cultur\u0103 Metarsis \u2013activit\u0103\u021bi \u0219i servicii de cultur\u0103 urban\u0103 \u0219i art\u0103 contemporan\u0103\u00a0 a \u00eembr\u0103\u021bi\u0219at ideea \u0219i, la solicitarea celor doi so\u0163i s-a al\u0103turat logistic in organizarea manifest\u0103rilor. Tot de atunci\u00a0iilor \u0219i c\u0103m\u0103\u0219ilor rom\u00e2ne\u0219ti li s-a ad\u0103ugat\u00a0CONTRATIMPUL br\u00e2ului b\u0103n\u0103\u0163ean, joc din patrimoniul imaterial al Banatului de Munte pe care Eftimie Murgu \u00eel definea plastic \u201csar \u00een \u015fir to\u0163i deodat\u0103, astfel \u00eenc\u00e2t al treilea pas s\u0103 \u0163in\u0103 ritmul\u201d. <!--more-->IA\u00a0\u0219i BR\u00c2UL B\u0102N\u0102\u021aEAN,\u00a0transpuse ca TIMP\u00a0\u0219i CONTRATIMP \u00een identitatea Banatului de Munte ne vor aduna, \u00eempreun\u0103, vineri 10 iunie 2016 \u00eentre orele 18:00-19:00 \u00een Centrul Civic al municipiului Re\u0219i\u021ba unde ne vom prinde, \u201ccu fal\u0103\u201d \u00eentr-un br\u00e2u b\u0103n\u0103\u0163ean, \u00een semn de respect fa\u0163\u0103 de valorile na\u0163ionale \u015fi fa\u0163\u0103 de str\u0103mo\u015fii no\u015ftri. Pentru c\u0103 toate DORURILE nostre sunt eternizate \u00een IA rom\u00e2neasc\u0103 \u015fi toata FALA b\u0103n\u0103\u0163ean\u0103 este articulat\u0103 \u00een melodiile c\u00e2ntate pe \u201ctimp\u201d \u015fi jucate pe \u201ccontratimp\u201d \u00eentr-o rela\u0163ie des\u0103v\u00e2r\u015fit\u0103 dintre muzican\u0163i \u015fi dansatori.<\/p>\n<p style=\"text-align: justify;\">Veni\u0163i \u00eembr\u0103ca\u0163i \u00een ii sau c\u0103m\u0103\u0219i populare s\u0103 m\u0103rturisim demnitatea rom\u00e2neasc\u0103 \u015fi s\u0103 ar\u0103t\u0103m lumii \u00eentregi c\u0103 suntem ROM\u00c2NI.<\/p>\n<p style=\"text-align: justify;\">Ini\u021biativ\u0103 event Paula \u0219i Vasile Neam\u021bu.<\/p>\n<p style=\"text-align: justify;\">Organizatori METARSIS- activit\u0103\u021bi \u0219i servicii de cultur\u0103 urban\u0103 \u0219i art\u0103 contemporan\u0103<\/p>\n<p style=\"text-align: justify;\">Parteneri: Consiliul Jude\u0163ean CS \u015fi Prim\u0103ria Re\u015fi\u0163a<\/p>\n<p style=\"text-align: justify;\">Parteneri media: PRESA C\u0102R\u0102\u0218AN\u0102<\/p>\n","protected":false},"excerpt":{"rendered":"<p>Vineri, 10 iunie 2016 orele 18:00, \u00een Centrul Civic al municipiului Re\u015fi\u0163a, IA ROM\u00c2NEASC\u0102 \u015fi BR\u00c2UL B\u0102N\u0102\u0162EAN- repere definitorii ale identit\u0103\u0163ii noastre na\u0163ionale &#8211; vor fi puse \u00een valoare printr-un eveniment cultural puternic mediatizat de presa c\u0103r\u0103\u015fan\u0103 ajuns la cea de-a IV-a edi\u021bie.<\/p>\n","protected":false},"author":1,"featured_media":0,"comment_status":"open","ping_status":"open","sticky":false,"template":"","format":"standard","meta":[],"categories":[3],"tags":[496,495],"_links":{"self":[{"href":"https:\/\/semndecarte.metarsis.ro\/index.php?rest_route=\/wp\/v2\/posts\/9825"}],"collection":[{"href":"https:\/\/semndecarte.metarsis.ro\/index.php?rest_route=\/wp\/v2\/posts"}],"about":[{"href":"https:\/\/semndecarte.metarsis.ro\/index.php?rest_route=\/wp\/v2\/types\/post"}],"author":[{"embeddable":true,"href":"https:\/\/semndecarte.metarsis.ro\/index.php?rest_route=\/wp\/v2\/users\/1"}],"replies":[{"embeddable":true,"href":"https:\/\/semndecarte.metarsis.ro\/index.php?rest_route=%2Fwp%2Fv2%2Fcomments&post=9825"}],"version-history":[{"count":0,"href":"https:\/\/semndecarte.metarsis.ro\/index.php?rest_route=\/wp\/v2\/posts\/9825\/revisions"}],"wp:attachment":[{"href":"https:\/\/semndecarte.metarsis.ro\/index.php?rest_route=%2Fwp%2Fv2%2Fmedia&parent=9825"}],"wp:term":[{"taxonomy":"category","embeddable":true,"href":"https:\/\/semndecarte.metarsis.ro\/index.php?rest_route=%2Fwp%2Fv2%2Fcategories&post=9825"},{"taxonomy":"post_tag","embeddable":true,"href":"https:\/\/semndecarte.metarsis.ro\/index.php?rest_route=%2Fwp%2Fv2%2Ftags&post=9825"}],"curies":[{"name":"wp","href":"https:\/\/api.w.org\/{rel}","templated":true}]}}