{"id":9792,"date":"2016-06-03T15:01:15","date_gmt":"2016-06-03T13:01:15","guid":{"rendered":"http:\/\/semndecarte.metarsis.ro\/?p=9792"},"modified":"2016-06-03T16:35:33","modified_gmt":"2016-06-03T14:35:33","slug":"marea-spirala-asteapta-printre-sculpturi","status":"publish","type":"post","link":"https:\/\/semndecarte.metarsis.ro\/?p=9792","title":{"rendered":"MAREA SPIRAL\u0102 A\u0218TEAPT\u0102 printre sculpturi"},"content":{"rendered":"<p style=\"text-align: justify;\"><strong><a href=\"http:\/\/semndecarte.metarsis.ro\/wp-content\/uploads\/2016\/06\/IMG_20160603_160628.jpg\" rel=\"lightbox[9792]\"><img loading=\"lazy\" class=\"alignleft size-full wp-image-9793\" src=\"http:\/\/semndecarte.metarsis.ro\/wp-content\/uploads\/2016\/06\/IMG_20160603_160628.jpg\" alt=\"IMG_20160603_160628\" width=\"520\" height=\"200\" srcset=\"https:\/\/semndecarte.metarsis.ro\/wp-content\/uploads\/2016\/06\/IMG_20160603_160628.jpg 520w, https:\/\/semndecarte.metarsis.ro\/wp-content\/uploads\/2016\/06\/IMG_20160603_160628-160x62.jpg 160w, https:\/\/semndecarte.metarsis.ro\/wp-content\/uploads\/2016\/06\/IMG_20160603_160628-163x63.jpg 163w\" sizes=\"(max-width: 520px) 100vw, 520px\" \/><\/a>Dan. D. Farca\u0219 \u0219i \u201dJacob Neubauer\u201d<\/strong><\/p>\n<p style=\"text-align: justify;\">Pove\u0219ti \u0219tiin\u021bifico-fantastice \u0219i sculpturi mici\u00a0 \u00een lemn au fost subiectele serii de 2 iunie 2016 la libr\u0103ria Semn de Carte.<\/p>\n<p style=\"text-align: justify;\">Ajuns la cea de-a IX-a edi\u021bia \u201eLuna iunie \u2013 luna expozi\u021biilor\u201d- eveniment amplu sub egida Forumului Democratic al Germanilor din Banatul Montan- a prilejuit \u00eent\u00e2lnirea iubitorilor de frumos cu lucr\u0103ri semnate Adelin \u0219i Tatiana \u021aibru, Serafim, Arsenie \u0219i Grigorie Ciucur, Marianne Florea \u0219i George Molin, membri ai cercului de scuptur\u0103\u00a0 \u201eJakob Neubauer\u201d coordona\u021bi de George Molin. <strong>Cristian CHIONCEL<\/strong>, vicepre\u0219edinte al Forumului Democratic al Germanilor din Banatul Montan, a salutat asisten\u021ba, a subliniat importan\u021ba \u0219i rolul artelor creative \u00een via\u021ba comunit\u0103\u021bii felicit\u00e2nd expozan\u021bii \u0219i mul\u021bumindu-i lui George Molin pentru implicare \u0219i rezultate. Coordonatorul cercului de sculptur\u0103 de pe l\u00e2ng\u0103 Forumul Democratic al Germanilor din Banatul Montan <strong>George MOLIN <\/strong>a vorbit despre Jacob Neubauer- fondatorul cercului, despre implicare \u00een actul de cultur\u0103 \u0219i a recunoscut c\u0103 pasiunea pentru sculptur\u0103 i-a fost inoculat\u0103 \u0219i cultivat\u0103 \u00eenc\u0103 din copil\u0103ria petrecut\u0103 \u00een satul natal Ticvaniul Mare, zon\u0103 din Banatul Montan puternic definit\u0103\u00a0 de art\u0103 \u0219i cultur\u0103 care a dat, printre alte personalit\u0103\u021bi de marc\u0103, pe Romul Ladea.<\/p>\n<p style=\"text-align: justify;\">Dan D. Farca\u0219, doctor \u00een matematici, informatician, scriitor, cercet\u0103tor rom\u00e2n al fenomenului OZN \u0219i al civiliza\u021biilor extraterestre, pre\u0219edinte ASFAN (Asocia\u0163ia pentru Studiul Fenomenelor Aerospa\u0163iale Neidentificate), prezent acas\u0103 pentru \u00eent\u00e2lnirea cu colegii de liceu la a 60-a aniversare de la absolvirea \u201dBastiliei\u201d a lansat, \u00een prezen\u021ba prietenilor, colec\u021bia de povestiri \u0219tiin\u021bifico-fantastice <em>MAREA SPIRAL\u0102 A\u0218TEAPT\u0102<\/em>.<!--more--> \u201dCartea aceasta a ap\u0103rut la editura Tim dup\u0103 alte dou\u0103: <em>Hoin\u0103rind prin Re\u0219i\u021ba pierdut\u0103<\/em> \u2013o carte de memorialistic\u0103 extrem de interesant\u0103 din dou\u0103 perspective: a copilului care a tr\u0103it aici prin anii 1950-1960 \u0219i a adultului care rememoreaz\u0103 acele \u00eent\u00e2mpl\u0103ri ale copil\u0103riei \u0219i anii petrecu\u021bi la Re\u0219i\u021ba \u00eentr-o perspectiv\u0103 interesant\u0103 \u0219i obiectiv\u0103\u2026 <em>Fapte \u0219i r\u0103sp\u00e2ntii, <\/em>a doua carte\u00a0 ap\u0103rut\u0103 la editura Tim este o autobiografie cu date detaliate ale \u00eent\u00e2mpl\u0103rilor vie\u021bii duse dincolo de perioada re\u0219i\u021bean\u0103\u2026 Dan Farca\u0219 este un scriitor al Re\u0219i\u021bei \u0219i apare \u00een <em>Re\u0219i\u021ba literar\u0103<\/em>, o carte care \u00eencearc\u0103 s\u0103 fie o sintez\u0103 despre literatura Re\u0219i\u021bei&#8230; o carte care se va lansa m\u00e2ine la Timi\u0219oara la Uniunea Scriitorilor. Aici \u0219i Dan Farca\u0219 \u00ee\u0219i are portretul\u2026 Despre cartea de azi va vorbi mai aplicat Daniel Botgros pentru c\u0103 e specialist \u00een literatur\u0103 SF\u2026\u201d a spus editorul, jurnalistul \u0219i criticul <strong>Gheorghe JURMA<\/strong>. Scriitorul \u0219i jurnalistul <strong>Daniel BOTGROS<\/strong>, coordonator al Clubului de Anticipa\u021bie ATLANTIS de pe l\u00e2nga Biblioteca Jude\u021bean\u0103 Paul Iorgovici: \u201d\u2026Unele povestiri le-am mai citit \u00een colec\u021bia <em>Povestiri stiin\u021bifico-fantastice<\/em>\u00a0 c\u00e2nd eram pu\u0219ti, fiind atras de \u0219tiin\u021bele imagina\u021biei\u2026 Povestirtile sunt foarte bine elaborate, \u00eencep \u00een anii\u00a0 60 \u2013atunci se scria temeinic- \u0219i continu\u0103 p\u00e2n\u0103 \u00een anii 80. Sigur, \u00eentotdeauna povestirile de anticipa\u021bie, literatura SF sunt legate cumva de momentul \u0219tiin\u021bific al epocii\u2026 povestirile maestrului Farca\u0219 sunt legate, mai ales la \u00eenceput, de acel moment al anilor 60\u00a0 guverna\u021bi de ideea extraordinar\u0103 a aseleniz\u0103rilor, a desprinderii omului de planeta P\u0103m\u00e2nt-planeta <em>mam\u0103<\/em>\u2026 o perioad\u0103 de fertilitate \u0219tiin\u021bific\u0103 ce nu putea sc\u0103pa creatorilor de SF. Domnul Farca\u0219 face parte dintr-o galerie de aur a creatorilor, a scriitorilor de anticipa\u021bie: Horia Aram\u0103, Vladimir Colin- nume ilustre. Iat\u0103 o galerie onorant\u0103 a science-fiction-ului rom\u00e2nesc, cu opere importante\u2026 Constat o calitate literar\u0103 foarte bun\u0103 a povestirilor care fac parte din <em>space opera<\/em>, un curent foarte gustat \u00een epoc\u0103\u2026 Imagina\u021bia domnului Farca\u0219 merge departe, \u00een galaxii \u0219i planete\u00a0 \u00eendep\u0103rtate reu\u0219ind o literatur\u0103 de cea mai bun\u0103 calitate\u2026 Ce ma bucur\u0103 este c\u0103 domnul Farca\u0219 \u00eempreun\u0103 cu editorul, domnul Jurma au reu\u0219it s\u0103 redea SF-ului un volum omogen, excelent\u2026 Tot respectul pentru autorii de anticipa\u021bie, pentru min\u021bile vis\u0103toare ale Planetei noastre, Dan D. Farca\u0219 este una dintre acestea \u0219i m\u0103 bucur foarte mult de acest demers pentru c\u0103 este o mare pl\u0103cere s\u0103 cite\u0219ti povestiri mai vechi pentru a vedea ce s-a \u00eemplinit din acele anticipa\u021bii, c\u00e2t din acele viziuni \u00eencerc\u0103m s\u0103 le punem \u00een valoare ast\u0103zi\u2026 Eu \u00eei mul\u021bumesc domnului Farca\u0219 \u0219i organizatorilor pentru c\u0103 am ocazia s\u0103 vorbesc pentru a doua oar\u0103 despre o carte semnat\u0103 Dan D. Farca\u0219. Nu sunt neap\u0103rat un critic SF dar, \u00eencerc\u00e2nd s\u0103 scriu \u0219i eu literatur\u0103 de anticipa\u021bie citesc cu pl\u0103cere si \u00eencerc s\u0103 \u00een\u021beleg lucr\u0103rile, a\u0219 \u00eendr\u0103zni s\u0103 spun, confra\u021bilor din acest domeniu.\u201d Protagonistul serii, <strong>Dan D. FARCA\u0218 <\/strong>a mul\u021bumit editorului Gheorghe Jurma pentru ideea de a publica o carte cu povestiri SF scrise \u00een tinere\u021be, amintind de un alt re\u0219itean -Victor Zednic- redactor al editurii Albatros care a murit \u00een cutremurul din 1977 av\u00e2nd pe mas\u0103 manuscrisul unui pl\u0103nuit volum de povestiri SF volum care, din p\u0103cate, a disp\u0103rut \u0219i el odat\u0103 cu blocul Casandra. \u201dVolumul acesta\u00a0 cuprinde povestiri scrise p\u00e2n\u0103 \u00een anul 1985, dou\u0103 dintre ele fiind inedite\u2026 Sunt un soi de <em>space opera<\/em> doar c\u0103 spa\u021biul nu este un scop ci un fundal. Se sub\u00een\u021belege c\u0103, \u00een viitor, via\u021ba noastr\u0103 este \u00een Univers nu pe P\u0103m\u00e2nt\u2026 \u00cen cadrul acestui decor am \u00eencercat s\u0103 pun diverse probleme- acelea care se puneau pe vremea aceea\u2026 printre ele fiind \u0219i aceea dac\u0103 g\u00e2ndirea uman\u0103 poate fi transferat\u0103 unui calculator\u2026 Am mai pus problema limitelor cunoa\u0219terii omene\u0219ti- care m-a preocupat pe linie filozofic\u0103 \u2013 datorit\u0103 faptului c\u0103 noi cunoa\u0219tem prost limitele\u2026 Atunci c\u00e2nd am scris aceste povestiri nu prea credeam \u00een OZN-uri. \u00centre timp mi-am dat seama c\u0103 ele sunt ni\u0219te fenomene mult mai serioase dec\u00e2t par la prima vedere. Dar asta, poate \u00een alte c\u0103r\u021bi&#8230;\u201d<\/p>\n<p style=\"text-align: justify;\">Au mai vorbit prof. Sanda Bogdan- coleg\u0103 de clas\u0103 cu Dan D. Farca\u0219 \u0219i citiorul fidel de ani de zile, pasionat de fenomene inexplicabile, Ioan Schmotzer.<\/p>\n<p style=\"text-align: justify;\">Seara s-a \u00eencheiat cu discu\u021bii libere despre pasiuni \u00eemp\u0103rt\u0103\u0219ite \u00eentre mari \u0219i mici, \u00eentre<em> a fost odat\u0103<\/em> \u0219i <em>oare ce ar fi dac\u0103?<\/em>.<\/p>\n<p style=\"text-align: justify;\">Eveniment organizat de Forumul Democratic al Germanilor din Banatul Montan \u0219i Societatea pentru Cultur\u0103 METARSIS \u2013activit\u0103\u021bi \u0219i servicii de cultur\u0103 urban\u0103 \u0219i art\u0103 contemporan\u0103 prin libr\u0103ria Semn de Carte cu sprijinul Rotary Community Corps.<\/p>\n<p style=\"text-align: justify;\"><a href=\"http:\/\/semndecarte.metarsis.ro\/wp-content\/uploads\/2016\/06\/Expo-sculptura-J-Neubauer002.jpg\" rel=\"lightbox[9792]\"><img loading=\"lazy\" class=\"alignleft size-thumbnail wp-image-9795\" src=\"http:\/\/semndecarte.metarsis.ro\/wp-content\/uploads\/2016\/06\/Expo-sculptura-J-Neubauer002-95x95.jpg\" alt=\"Expo sculptura J Neubauer002\" width=\"95\" height=\"95\" \/><\/a> <a href=\"http:\/\/semndecarte.metarsis.ro\/wp-content\/uploads\/2016\/06\/Expo-sculptura-J-Neubauer003.jpg\" rel=\"lightbox[9792]\"><img loading=\"lazy\" class=\"alignleft size-thumbnail wp-image-9796\" src=\"http:\/\/semndecarte.metarsis.ro\/wp-content\/uploads\/2016\/06\/Expo-sculptura-J-Neubauer003-95x95.jpg\" alt=\"Expo sculptura J Neubauer003\" width=\"95\" height=\"95\" \/><\/a> <a href=\"http:\/\/semndecarte.metarsis.ro\/wp-content\/uploads\/2016\/06\/Expo-sculptura-J-Neubauer004.jpg\" rel=\"lightbox[9792]\"><img loading=\"lazy\" class=\"alignleft size-thumbnail wp-image-9797\" src=\"http:\/\/semndecarte.metarsis.ro\/wp-content\/uploads\/2016\/06\/Expo-sculptura-J-Neubauer004-95x95.jpg\" alt=\"Expo sculptura J Neubauer004\" width=\"95\" height=\"95\" \/><\/a> <a href=\"http:\/\/semndecarte.metarsis.ro\/wp-content\/uploads\/2016\/06\/Expo-sculptura-J-Neubauer008.jpg\" rel=\"lightbox[9792]\"><img loading=\"lazy\" class=\"alignleft size-thumbnail wp-image-9798\" src=\"http:\/\/semndecarte.metarsis.ro\/wp-content\/uploads\/2016\/06\/Expo-sculptura-J-Neubauer008-95x95.jpg\" alt=\"Expo sculptura J Neubauer008\" width=\"95\" height=\"95\" \/><\/a> <a href=\"http:\/\/semndecarte.metarsis.ro\/wp-content\/uploads\/2016\/06\/Expo-sculptura-J-Neubauer009.jpg\" rel=\"lightbox[9792]\"><img loading=\"lazy\" class=\"alignleft size-thumbnail wp-image-9799\" src=\"http:\/\/semndecarte.metarsis.ro\/wp-content\/uploads\/2016\/06\/Expo-sculptura-J-Neubauer009-95x95.jpg\" alt=\"Expo sculptura J Neubauer009\" width=\"95\" height=\"95\" \/><\/a> <a href=\"http:\/\/semndecarte.metarsis.ro\/wp-content\/uploads\/2016\/06\/Expo-sculptura-J-Neubauer010.jpg\" rel=\"lightbox[9792]\"><img loading=\"lazy\" class=\"alignleft size-thumbnail wp-image-9800\" src=\"http:\/\/semndecarte.metarsis.ro\/wp-content\/uploads\/2016\/06\/Expo-sculptura-J-Neubauer010-95x95.jpg\" alt=\"Expo sculptura J Neubauer010\" width=\"95\" height=\"95\" \/><\/a> <a href=\"http:\/\/semndecarte.metarsis.ro\/wp-content\/uploads\/2016\/06\/Expo-sculptura-J-Neubauer011.jpg\" rel=\"lightbox[9792]\"><img loading=\"lazy\" class=\"alignleft size-thumbnail wp-image-9801\" src=\"http:\/\/semndecarte.metarsis.ro\/wp-content\/uploads\/2016\/06\/Expo-sculptura-J-Neubauer011-95x95.jpg\" alt=\"Expo sculptura J Neubauer011\" width=\"95\" height=\"95\" \/><\/a> <a href=\"http:\/\/semndecarte.metarsis.ro\/wp-content\/uploads\/2016\/06\/Expo-sculptura-J-Neubauer012.jpg\" rel=\"lightbox[9792]\"><img loading=\"lazy\" class=\"alignleft size-thumbnail wp-image-9802\" src=\"http:\/\/semndecarte.metarsis.ro\/wp-content\/uploads\/2016\/06\/Expo-sculptura-J-Neubauer012-95x95.jpg\" alt=\"Expo sculptura J Neubauer012\" width=\"95\" height=\"95\" \/><\/a> <a href=\"http:\/\/semndecarte.metarsis.ro\/wp-content\/uploads\/2016\/06\/Expo-sculptura-J-Neubauer013.jpg\" rel=\"lightbox[9792]\"><img loading=\"lazy\" class=\"alignleft size-thumbnail wp-image-9803\" src=\"http:\/\/semndecarte.metarsis.ro\/wp-content\/uploads\/2016\/06\/Expo-sculptura-J-Neubauer013-95x95.jpg\" alt=\"Expo sculptura J Neubauer013\" width=\"95\" height=\"95\" \/><\/a> <a href=\"http:\/\/semndecarte.metarsis.ro\/wp-content\/uploads\/2016\/06\/Expo-sculptura-J-Neubauer014.jpg\" rel=\"lightbox[9792]\"><img loading=\"lazy\" class=\"alignleft size-thumbnail wp-image-9804\" src=\"http:\/\/semndecarte.metarsis.ro\/wp-content\/uploads\/2016\/06\/Expo-sculptura-J-Neubauer014-95x95.jpg\" alt=\"Expo sculptura J Neubauer014\" width=\"95\" height=\"95\" \/><\/a> <a href=\"http:\/\/semndecarte.metarsis.ro\/wp-content\/uploads\/2016\/06\/Expo-sculptura-J-Neubauer015.jpg\" rel=\"lightbox[9792]\"><img loading=\"lazy\" class=\"alignleft size-thumbnail wp-image-9805\" src=\"http:\/\/semndecarte.metarsis.ro\/wp-content\/uploads\/2016\/06\/Expo-sculptura-J-Neubauer015-95x95.jpg\" alt=\"Expo sculptura J Neubauer015\" width=\"95\" height=\"95\" \/><\/a> <a href=\"http:\/\/semndecarte.metarsis.ro\/wp-content\/uploads\/2016\/06\/Expo-sculptura-J-Neubauer016.jpg\" rel=\"lightbox[9792]\"><img loading=\"lazy\" class=\"alignleft size-thumbnail wp-image-9806\" src=\"http:\/\/semndecarte.metarsis.ro\/wp-content\/uploads\/2016\/06\/Expo-sculptura-J-Neubauer016-95x95.jpg\" alt=\"Expo sculptura J Neubauer016\" width=\"95\" height=\"95\" \/><\/a> <a href=\"http:\/\/semndecarte.metarsis.ro\/wp-content\/uploads\/2016\/06\/Expo-sculptura-J-Neubauer019.jpg\" rel=\"lightbox[9792]\"><img loading=\"lazy\" class=\"alignleft size-thumbnail wp-image-9807\" src=\"http:\/\/semndecarte.metarsis.ro\/wp-content\/uploads\/2016\/06\/Expo-sculptura-J-Neubauer019-95x95.jpg\" alt=\"Expo sculptura J Neubauer019\" width=\"95\" height=\"95\" \/><\/a> <a href=\"http:\/\/semndecarte.metarsis.ro\/wp-content\/uploads\/2016\/06\/Expo-sculptura-J-Neubauer020.jpg\" rel=\"lightbox[9792]\"><img loading=\"lazy\" class=\"alignleft size-thumbnail wp-image-9808\" src=\"http:\/\/semndecarte.metarsis.ro\/wp-content\/uploads\/2016\/06\/Expo-sculptura-J-Neubauer020-95x95.jpg\" alt=\"Expo sculptura J Neubauer020\" width=\"95\" height=\"95\" \/><\/a> <a href=\"http:\/\/semndecarte.metarsis.ro\/wp-content\/uploads\/2016\/06\/Expo-sculptura-J-Neubauer022.jpg\" rel=\"lightbox[9792]\"><img loading=\"lazy\" class=\"alignleft size-thumbnail wp-image-9809\" src=\"http:\/\/semndecarte.metarsis.ro\/wp-content\/uploads\/2016\/06\/Expo-sculptura-J-Neubauer022-95x95.jpg\" alt=\"Expo sculptura J Neubauer022\" width=\"95\" height=\"95\" \/><\/a> <a href=\"http:\/\/semndecarte.metarsis.ro\/wp-content\/uploads\/2016\/06\/Expo-sculptura-J-Neubauer026.jpg\" rel=\"lightbox[9792]\"><img loading=\"lazy\" class=\"alignleft size-thumbnail wp-image-9810\" src=\"http:\/\/semndecarte.metarsis.ro\/wp-content\/uploads\/2016\/06\/Expo-sculptura-J-Neubauer026-95x95.jpg\" alt=\"Expo sculptura J Neubauer026\" width=\"95\" height=\"95\" \/><\/a> <a href=\"http:\/\/semndecarte.metarsis.ro\/wp-content\/uploads\/2016\/06\/Expo-sculptura-J-Neubauer027.jpg\" rel=\"lightbox[9792]\"><img loading=\"lazy\" class=\"alignleft size-thumbnail wp-image-9811\" src=\"http:\/\/semndecarte.metarsis.ro\/wp-content\/uploads\/2016\/06\/Expo-sculptura-J-Neubauer027-95x95.jpg\" alt=\"Expo sculptura J Neubauer027\" width=\"95\" height=\"95\" \/><\/a> <a href=\"http:\/\/semndecarte.metarsis.ro\/wp-content\/uploads\/2016\/06\/Expo-sculptura-J-Neubauer028.jpg\" rel=\"lightbox[9792]\"><img loading=\"lazy\" class=\"alignleft size-thumbnail wp-image-9812\" src=\"http:\/\/semndecarte.metarsis.ro\/wp-content\/uploads\/2016\/06\/Expo-sculptura-J-Neubauer028-95x95.jpg\" alt=\"Expo sculptura J Neubauer028\" width=\"95\" height=\"95\" \/><\/a> <a href=\"http:\/\/semndecarte.metarsis.ro\/wp-content\/uploads\/2016\/06\/Expo-sculptura-J-Neubauer029.jpg\" rel=\"lightbox[9792]\"><img loading=\"lazy\" class=\"alignleft size-thumbnail wp-image-9813\" src=\"http:\/\/semndecarte.metarsis.ro\/wp-content\/uploads\/2016\/06\/Expo-sculptura-J-Neubauer029-95x95.jpg\" alt=\"Expo sculptura J Neubauer029\" width=\"95\" height=\"95\" \/><\/a> <a href=\"http:\/\/semndecarte.metarsis.ro\/wp-content\/uploads\/2016\/06\/Expo-sculptura-J-Neubauer031.jpg\" rel=\"lightbox[9792]\"><img loading=\"lazy\" class=\"alignleft size-thumbnail wp-image-9814\" src=\"http:\/\/semndecarte.metarsis.ro\/wp-content\/uploads\/2016\/06\/Expo-sculptura-J-Neubauer031-95x95.jpg\" alt=\"Expo sculptura J Neubauer031\" width=\"95\" height=\"95\" \/><\/a> <a href=\"http:\/\/semndecarte.metarsis.ro\/wp-content\/uploads\/2016\/06\/Expo-sculptura-J-Neubauer033.jpg\" rel=\"lightbox[9792]\"><img loading=\"lazy\" class=\"alignleft size-thumbnail wp-image-9815\" src=\"http:\/\/semndecarte.metarsis.ro\/wp-content\/uploads\/2016\/06\/Expo-sculptura-J-Neubauer033-95x95.jpg\" alt=\"Expo sculptura J Neubauer033\" width=\"95\" height=\"95\" \/><\/a> <a href=\"http:\/\/semndecarte.metarsis.ro\/wp-content\/uploads\/2016\/06\/Expo-sculptura-J-Neubauer034.jpg\" rel=\"lightbox[9792]\"><img loading=\"lazy\" class=\"alignleft size-thumbnail wp-image-9816\" src=\"http:\/\/semndecarte.metarsis.ro\/wp-content\/uploads\/2016\/06\/Expo-sculptura-J-Neubauer034-95x95.jpg\" alt=\"Expo sculptura J Neubauer034\" width=\"95\" height=\"95\" \/><\/a> <a href=\"http:\/\/semndecarte.metarsis.ro\/wp-content\/uploads\/2016\/06\/Expo-sculptura-J-Neubauer038.jpg\" rel=\"lightbox[9792]\"><img loading=\"lazy\" class=\"alignleft size-thumbnail wp-image-9817\" src=\"http:\/\/semndecarte.metarsis.ro\/wp-content\/uploads\/2016\/06\/Expo-sculptura-J-Neubauer038-95x95.jpg\" alt=\"Expo sculptura J Neubauer038\" width=\"95\" height=\"95\" \/><\/a> <a href=\"http:\/\/semndecarte.metarsis.ro\/wp-content\/uploads\/2016\/06\/Expo-sculptura-J-Neubauer044.jpg\" rel=\"lightbox[9792]\"><img loading=\"lazy\" class=\"alignleft size-thumbnail wp-image-9818\" src=\"http:\/\/semndecarte.metarsis.ro\/wp-content\/uploads\/2016\/06\/Expo-sculptura-J-Neubauer044-95x95.jpg\" alt=\"Expo sculptura J Neubauer044\" width=\"95\" height=\"95\" \/><\/a> <a href=\"http:\/\/semndecarte.metarsis.ro\/wp-content\/uploads\/2016\/06\/Expo-sculptura-J-Neubauer045.jpg\" rel=\"lightbox[9792]\"><img loading=\"lazy\" class=\"alignleft size-thumbnail wp-image-9819\" src=\"http:\/\/semndecarte.metarsis.ro\/wp-content\/uploads\/2016\/06\/Expo-sculptura-J-Neubauer045-95x95.jpg\" alt=\"Expo sculptura J Neubauer045\" width=\"95\" height=\"95\" \/><\/a> <a href=\"http:\/\/semndecarte.metarsis.ro\/wp-content\/uploads\/2016\/06\/Expo-sculptura-J-Neubauer046.jpg\" rel=\"lightbox[9792]\"><img loading=\"lazy\" class=\"alignleft size-thumbnail wp-image-9820\" src=\"http:\/\/semndecarte.metarsis.ro\/wp-content\/uploads\/2016\/06\/Expo-sculptura-J-Neubauer046-95x95.jpg\" alt=\"Expo sculptura J Neubauer046\" width=\"95\" height=\"95\" \/><\/a> <a href=\"http:\/\/semndecarte.metarsis.ro\/wp-content\/uploads\/2016\/06\/Expo-sculptura-J-Neubauer047.jpg\" rel=\"lightbox[9792]\"><img loading=\"lazy\" class=\"alignleft size-thumbnail wp-image-9821\" src=\"http:\/\/semndecarte.metarsis.ro\/wp-content\/uploads\/2016\/06\/Expo-sculptura-J-Neubauer047-95x95.jpg\" alt=\"Expo sculptura J Neubauer047\" width=\"95\" height=\"95\" \/><\/a> <a href=\"http:\/\/semndecarte.metarsis.ro\/wp-content\/uploads\/2016\/06\/Expo-sculptura-J-Neubauer049.jpg\" rel=\"lightbox[9792]\"><img loading=\"lazy\" class=\"alignleft size-thumbnail wp-image-9822\" src=\"http:\/\/semndecarte.metarsis.ro\/wp-content\/uploads\/2016\/06\/Expo-sculptura-J-Neubauer049-95x95.jpg\" alt=\"Expo sculptura J Neubauer049\" width=\"95\" height=\"95\" \/><\/a> <a href=\"http:\/\/semndecarte.metarsis.ro\/wp-content\/uploads\/2016\/06\/Expo-sculptura-J-Neubauer056.jpg\" rel=\"lightbox[9792]\"><img loading=\"lazy\" class=\"alignleft size-thumbnail wp-image-9823\" src=\"http:\/\/semndecarte.metarsis.ro\/wp-content\/uploads\/2016\/06\/Expo-sculptura-J-Neubauer056-95x95.jpg\" alt=\"Expo sculptura J Neubauer056\" width=\"95\" height=\"95\" \/><\/a> <a href=\"http:\/\/semndecarte.metarsis.ro\/wp-content\/uploads\/2016\/06\/Expo-sculptura-J-Neubauer060.jpg\" rel=\"lightbox[9792]\"><img loading=\"lazy\" class=\"alignleft size-thumbnail wp-image-9824\" src=\"http:\/\/semndecarte.metarsis.ro\/wp-content\/uploads\/2016\/06\/Expo-sculptura-J-Neubauer060-95x95.jpg\" alt=\"Expo sculptura J Neubauer060\" width=\"95\" height=\"95\" \/><\/a><\/p>\n","protected":false},"excerpt":{"rendered":"<p>Dan. D. Farca\u0219 \u0219i \u201dJacob Neubauer\u201d. Pove\u0219ti \u0219tiin\u021bifico-fantastice \u0219i sculpturi mici  \u00een lemn au fost subiectele serii de 2 iunie 2016 la libr\u0103ria Semn de Carte.<\/p>\n","protected":false},"author":1,"featured_media":0,"comment_status":"open","ping_status":"open","sticky":false,"template":"","format":"standard","meta":[],"categories":[7],"tags":[271,532,586,263,588,587,589,591,110,424,590],"_links":{"self":[{"href":"https:\/\/semndecarte.metarsis.ro\/index.php?rest_route=\/wp\/v2\/posts\/9792"}],"collection":[{"href":"https:\/\/semndecarte.metarsis.ro\/index.php?rest_route=\/wp\/v2\/posts"}],"about":[{"href":"https:\/\/semndecarte.metarsis.ro\/index.php?rest_route=\/wp\/v2\/types\/post"}],"author":[{"embeddable":true,"href":"https:\/\/semndecarte.metarsis.ro\/index.php?rest_route=\/wp\/v2\/users\/1"}],"replies":[{"embeddable":true,"href":"https:\/\/semndecarte.metarsis.ro\/index.php?rest_route=%2Fwp%2Fv2%2Fcomments&post=9792"}],"version-history":[{"count":0,"href":"https:\/\/semndecarte.metarsis.ro\/index.php?rest_route=\/wp\/v2\/posts\/9792\/revisions"}],"wp:attachment":[{"href":"https:\/\/semndecarte.metarsis.ro\/index.php?rest_route=%2Fwp%2Fv2%2Fmedia&parent=9792"}],"wp:term":[{"taxonomy":"category","embeddable":true,"href":"https:\/\/semndecarte.metarsis.ro\/index.php?rest_route=%2Fwp%2Fv2%2Fcategories&post=9792"},{"taxonomy":"post_tag","embeddable":true,"href":"https:\/\/semndecarte.metarsis.ro\/index.php?rest_route=%2Fwp%2Fv2%2Ftags&post=9792"}],"curies":[{"name":"wp","href":"https:\/\/api.w.org\/{rel}","templated":true}]}}