{"id":9751,"date":"2016-05-31T22:07:15","date_gmt":"2016-05-31T20:07:15","guid":{"rendered":"http:\/\/semndecarte.metarsis.ro\/?p=9751"},"modified":"2016-06-01T08:28:05","modified_gmt":"2016-06-01T06:28:05","slug":"dan-d-farcas-si-jacob-neubauer","status":"publish","type":"post","link":"https:\/\/semndecarte.metarsis.ro\/?p=9751","title":{"rendered":"Dan D.Farca\u015f \u015fi \u201cJacob Neubauer\u201d"},"content":{"rendered":"<p><strong><a href=\"http:\/\/semndecarte.metarsis.ro\/wp-content\/uploads\/2016\/05\/Dan-Farcas-4.png\" rel=\"lightbox[9751]\"><img loading=\"lazy\" class=\"alignleft size-full wp-image-9752\" src=\"http:\/\/semndecarte.metarsis.ro\/wp-content\/uploads\/2016\/05\/Dan-Farcas-4.png\" alt=\"Dan-Farcas-4\" width=\"520\" height=\"201\" srcset=\"https:\/\/semndecarte.metarsis.ro\/wp-content\/uploads\/2016\/05\/Dan-Farcas-4.png 520w, https:\/\/semndecarte.metarsis.ro\/wp-content\/uploads\/2016\/05\/Dan-Farcas-4-160x62.png 160w, https:\/\/semndecarte.metarsis.ro\/wp-content\/uploads\/2016\/05\/Dan-Farcas-4-163x63.png 163w\" sizes=\"(max-width: 520px) 100vw, 520px\" \/><\/a>Pove\u015fti \u015fi lemn<\/strong><\/p>\n<p style=\"text-align: justify;\"><a href=\"http:\/\/semndecarte.metarsis.ro\/wp-content\/uploads\/2016\/05\/cop12-480x200.jpg\" rel=\"lightbox[9751]\"><img loading=\"lazy\" class=\"alignleft size-full wp-image-9753\" src=\"http:\/\/semndecarte.metarsis.ro\/wp-content\/uploads\/2016\/05\/cop12-480x200.jpg\" alt=\"cop12-480x200\" width=\"520\" height=\"200\" srcset=\"https:\/\/semndecarte.metarsis.ro\/wp-content\/uploads\/2016\/05\/cop12-480x200.jpg 520w, https:\/\/semndecarte.metarsis.ro\/wp-content\/uploads\/2016\/05\/cop12-480x200-160x62.jpg 160w, https:\/\/semndecarte.metarsis.ro\/wp-content\/uploads\/2016\/05\/cop12-480x200-163x63.jpg 163w\" sizes=\"(max-width: 520px) 100vw, 520px\" \/><\/a>Ce au \u00een comun pove\u0219tile \u0219i lemnul?\u00a0Exist\u0103 din timpuri imemoriabile. Construiesc \u0219i modeleaz\u0103. Caractere, curente, destine, agore, cet\u0103\u021bi. Lemnul moare pentru ca pove\u0219tile s\u0103 tr\u0103iasc\u0103. Iar pove\u0219tile consemnate pe papirusuri \u0219i harti ob\u021binute din lemn \u00eel fac, iat\u0103, nemuritor. De aceea s\u0103 nu v\u0103 \u00eentreba\u021bi de ce v\u0103 invit\u0103m\u00a0la libr\u0103ria re\u0219i\u021beana Semn de Carte joi, 2 iunie 2016, ora 18:00. Venind ve\u021bi g\u0103si, fiecare dintre voi, leg\u0103turi neb\u0103nuite.<\/p>\n<p style=\"text-align: justify;\">Lemnul va fi prezent prin\u00a0expozi\u021bia de sculptur\u0103 \u00een lemn a arti\u0219tilor plastici amatori, membri ai cercului de sculptur\u0103 \u201eJakob Neubauer\u201d al Forumului Democratic al Germanilor din jude\u021bul Cara\u0219-Severin, expozi\u021bia fiind parte din programul \u201eLuna iunie &#8211; luna expozi\u021biilor\u201d (edi\u021bia a IX-a).<\/p>\n<p style=\"text-align: justify;\">Dr. mat. Dan D.Farca\u0219 va fi prezent la Semn de Carte cu cel mai nou volum de povestiri SF\u00a0\u201eMarea spiral\u0103 a\u0219teapt\u0103\u201d proaspat scos de sub tipar.<!--more--><\/p>\n<p style=\"text-align: justify;\">A\u0219adar o \u00eent\u00e2lnire cu academicianul re\u0219itean stabilit la Bucure\u0219ti Dan D. Farca\u0219, doctor in matematici, informatician, scriitor, cercet\u0103tor rom\u00e2n al fenomenului OZN \u0219i al civiliza\u021biilor extraterestre, pre\u0219edinte ASFAN (Asocia\u0163ia pentru Studiul Fenomenelor Aerospa\u0163iale neidentificate), un povestitor plin de farmec.<\/p>\n<p style=\"text-align: justify;\">Invitati speciali:<\/p>\n<p style=\"text-align: justify;\">Erwin Josef \u021aigla- pre\u0219edinte al Forumului Democratic al Germanilor din Banatul Montan,\u00a0George Molin- coordonator cerc sculptur\u0103 \u201cJacob Neubauer\u201d,\u00a0Daniel Botgros- scriitor, jurnalist,\u00a0Gheorghe Jurma- editor, critic, scriitor, jurnalist.<\/p>\n<p style=\"text-align: justify;\">Eveniment organizat de Forumul Democratic al Germanilor din Banatul Montan \u0219i Societatea pentru Cultur\u0103 METARSIS \u2013activit\u0103\u021bi \u0219i servicii de cultur\u0103 urban\u0103 \u0219i art\u0103 contemporan\u0103 prin libr\u0103ria Semn de Carte.<\/p>\n","protected":false},"excerpt":{"rendered":"<p>Ce au \u00een comun pove\u0219tile \u0219i lemnul? Exist\u0103 din timpuri imemoriabile. Construiesc \u0219i modeleaz\u0103. Caractere, curente, destine, agore, cet\u0103\u021bi. Lemnul moare pentru ca pove\u0219tile s\u0103 tr\u0103iasc\u0103. Iar pove\u0219tile consemnate pe papirusuri \u0219i harti ob\u021binute din lemn \u00eel fac, iat\u0103, nemuritor. De aceea s\u0103 nu v\u0103 \u00eentreba\u021bi de ce v\u0103 invit\u0103m la libr\u0103ria re\u0219i\u021beana Semn de Carte joi, 2 iunie 2016, ora 18:00. Venind ve\u021bi g\u0103si, fiecare dintre voi, leg\u0103turi neb\u0103nuite.<\/p>\n","protected":false},"author":1,"featured_media":0,"comment_status":"open","ping_status":"open","sticky":false,"template":"","format":"standard","meta":[],"categories":[3],"tags":[69,585],"_links":{"self":[{"href":"https:\/\/semndecarte.metarsis.ro\/index.php?rest_route=\/wp\/v2\/posts\/9751"}],"collection":[{"href":"https:\/\/semndecarte.metarsis.ro\/index.php?rest_route=\/wp\/v2\/posts"}],"about":[{"href":"https:\/\/semndecarte.metarsis.ro\/index.php?rest_route=\/wp\/v2\/types\/post"}],"author":[{"embeddable":true,"href":"https:\/\/semndecarte.metarsis.ro\/index.php?rest_route=\/wp\/v2\/users\/1"}],"replies":[{"embeddable":true,"href":"https:\/\/semndecarte.metarsis.ro\/index.php?rest_route=%2Fwp%2Fv2%2Fcomments&post=9751"}],"version-history":[{"count":0,"href":"https:\/\/semndecarte.metarsis.ro\/index.php?rest_route=\/wp\/v2\/posts\/9751\/revisions"}],"wp:attachment":[{"href":"https:\/\/semndecarte.metarsis.ro\/index.php?rest_route=%2Fwp%2Fv2%2Fmedia&parent=9751"}],"wp:term":[{"taxonomy":"category","embeddable":true,"href":"https:\/\/semndecarte.metarsis.ro\/index.php?rest_route=%2Fwp%2Fv2%2Fcategories&post=9751"},{"taxonomy":"post_tag","embeddable":true,"href":"https:\/\/semndecarte.metarsis.ro\/index.php?rest_route=%2Fwp%2Fv2%2Ftags&post=9751"}],"curies":[{"name":"wp","href":"https:\/\/api.w.org\/{rel}","templated":true}]}}