{"id":9685,"date":"2016-05-24T20:55:01","date_gmt":"2016-05-24T18:55:01","guid":{"rendered":"http:\/\/semndecarte.metarsis.ro\/?p=9685"},"modified":"2016-05-24T20:55:01","modified_gmt":"2016-05-24T18:55:01","slug":"victor-ioan-expo-fotografie","status":"publish","type":"post","link":"https:\/\/semndecarte.metarsis.ro\/?p=9685","title":{"rendered":"Victor IOAN, expo fotografie"},"content":{"rendered":"<p><strong>245 RE\u0218ITA, 15 TMK<\/strong><\/p>\n<p style=\"text-align: justify;\"><a href=\"http:\/\/semndecarte.metarsis.ro\/wp-content\/uploads\/2016\/05\/afis.jpg\" rel=\"lightbox[9685]\"><img loading=\"lazy\" class=\"alignleft size-large wp-image-9686\" src=\"http:\/\/semndecarte.metarsis.ro\/wp-content\/uploads\/2016\/05\/afis-115x163.jpg\" alt=\"afis\" width=\"115\" height=\"163\" srcset=\"https:\/\/semndecarte.metarsis.ro\/wp-content\/uploads\/2016\/05\/afis-115x163.jpg 115w, https:\/\/semndecarte.metarsis.ro\/wp-content\/uploads\/2016\/05\/afis-113x160.jpg 113w, https:\/\/semndecarte.metarsis.ro\/wp-content\/uploads\/2016\/05\/afis.jpg 424w\" sizes=\"(max-width: 115px) 100vw, 115px\" \/><\/a>Vineri, 27 mai 2016, orele 18:00, la Muzeul Banatului Montan va avea loc vernisajul expozi\u021biei de fotografie RE\u0218I\u021aA 245, TMK 15. T\u00e2n\u0103rul artist Victor IOAN deschide, prin lucr\u0103rile pezentate pe simezele Muzeului, seria de evenimente dedicate \u00eemplinirii a 245 de ani\u00a0de industrie re\u015fi\u0163ean\u0103, marc\u00e2nd, totodat\u0103, 15 ani de prezen\u021b\u0103 a TMK la Re\u0219i\u021ba. Expozi\u0163ia este un preambul la Marea Expozi\u0163ie dedicat\u0103 industriei re\u015fi\u0163ene \u015fi a Banatului de Munte care va fi vernisat\u0103 \u00een data de 3 iulie, dat\u0103 la care, \u00een 1771 au fost aprinse primele dou\u0103 furnale: \u201eFranziskus\u201d \u0219i \u201eJosephus\u201d la Re\u015fi\u0163a.\u00a0\u00a0<!--more--><\/p>\n<p style=\"text-align: justify;\">Victor IOAN, hunedorean prin na\u0219tere, absolvent de liceu la Re\u0219i\u021ba, licen\u021biat al Facult\u0103\u021bii de Arte \u0219i Design Timi\u0219oara, sec\u021bia\u00a0<em>FOTO-VIDEO<\/em>, cu master \u00een\u00a0<em>Foto-video \u0219i procesare computerizat\u0103<\/em>\u00a0la aceea\u0219i prestigioas\u0103 Institu\u021bie, cu specializare cameraman \/ reporter la Intact Media Academy Bucure\u0219ti, stabilit \u00een ora\u0219ul de pe Bega, este, actualmente,\u00a0student la sec\u021bia\u00a0<em>Finan\u0163e-B\u0103nci<\/em>\u00a0de la Facultatea de Economie \u0219i Administrarea Afacerilor din cadrul Universit\u0103\u021bii de Vest Timi\u0219oara.<\/p>\n<p style=\"text-align: justify;\">Invita\u021bi speciali: dr.fil. Ada D. CRUCEANU, dr.ist. Dumitru \u021aEICU, dr.ing. Romulus IOAN.<\/p>\n<p style=\"text-align: justify;\">Moment muzical: Trio sufl\u0103tori: Drago\u0219 NATANAEL-flaut, Florin Codru\u021b CORNEA- clarinet \u0219i L\u0103z\u0103ric\u0103 CEGA-fagot, clasa prof. Eremia BREJNENI, Liceul de Arte Sabin P\u0102U\u021aA- Re\u0219i\u021ba. Tinerii muzicieni, clasa a XII-a, sunt laurea\u021bi ai Olimpiadei Na\u021bionale de Muzic\u0103.<\/p>\n<p style=\"text-align: justify;\">Eveniment organizat de TMK Re\u0219i\u021ba \u00een parteneriat cu Muzeul Banatului Montan, Funda\u021bia Iancu de Hunedoara, Jurnal de Cara\u0219 Severin\u00a0\u0219i Societatea pentru Cultur\u0103 Metarsis prin libr\u0103ria Semn de Carte.<\/p>\n","protected":false},"excerpt":{"rendered":"<p>Vineri, 27 mai 2016, orele 18:00, la Muzeul Banatului Montan va avea loc vernisajul expozi\u021biei de fotografie RE\u0218I\u021aA 245, TMK 15. T\u00e2n\u0103rul artist Victor IOAN deschide, prin lucr\u0103rile pezentate pe simezele Muzeului, seria de evenimente dedicate \u00eemplinirii a 245 de ani de industrie re\u015fi\u0163ean\u0103, marc\u00e2nd, totodat\u0103, 15 ani de prezen\u021b\u0103 a TMK la Re\u0219i\u021ba. <\/p>\n","protected":false},"author":1,"featured_media":0,"comment_status":"open","ping_status":"open","sticky":false,"template":"","format":"standard","meta":[],"categories":[3],"tags":[53,348],"_links":{"self":[{"href":"https:\/\/semndecarte.metarsis.ro\/index.php?rest_route=\/wp\/v2\/posts\/9685"}],"collection":[{"href":"https:\/\/semndecarte.metarsis.ro\/index.php?rest_route=\/wp\/v2\/posts"}],"about":[{"href":"https:\/\/semndecarte.metarsis.ro\/index.php?rest_route=\/wp\/v2\/types\/post"}],"author":[{"embeddable":true,"href":"https:\/\/semndecarte.metarsis.ro\/index.php?rest_route=\/wp\/v2\/users\/1"}],"replies":[{"embeddable":true,"href":"https:\/\/semndecarte.metarsis.ro\/index.php?rest_route=%2Fwp%2Fv2%2Fcomments&post=9685"}],"version-history":[{"count":0,"href":"https:\/\/semndecarte.metarsis.ro\/index.php?rest_route=\/wp\/v2\/posts\/9685\/revisions"}],"wp:attachment":[{"href":"https:\/\/semndecarte.metarsis.ro\/index.php?rest_route=%2Fwp%2Fv2%2Fmedia&parent=9685"}],"wp:term":[{"taxonomy":"category","embeddable":true,"href":"https:\/\/semndecarte.metarsis.ro\/index.php?rest_route=%2Fwp%2Fv2%2Fcategories&post=9685"},{"taxonomy":"post_tag","embeddable":true,"href":"https:\/\/semndecarte.metarsis.ro\/index.php?rest_route=%2Fwp%2Fv2%2Ftags&post=9685"}],"curies":[{"name":"wp","href":"https:\/\/api.w.org\/{rel}","templated":true}]}}