{"id":9660,"date":"2016-05-12T22:06:48","date_gmt":"2016-05-12T20:06:48","guid":{"rendered":"http:\/\/semndecarte.metarsis.ro\/?p=9660"},"modified":"2016-05-13T03:57:29","modified_gmt":"2016-05-13T01:57:29","slug":"orasul-cu-poeti-viorel-rosca","status":"publish","type":"post","link":"https:\/\/semndecarte.metarsis.ro\/?p=9660","title":{"rendered":"Ora\u015ful cu poe\u0163i, Viorel Ro\u015fca"},"content":{"rendered":"<p style=\"text-align: justify;\"><a href=\"http:\/\/semndecarte.metarsis.ro\/wp-content\/uploads\/2016\/05\/Poezii-VR_-009.jpg\" rel=\"lightbox[9660]\"><img loading=\"lazy\" class=\"alignleft size-full wp-image-9661\" src=\"http:\/\/semndecarte.metarsis.ro\/wp-content\/uploads\/2016\/05\/Poezii-VR_-009.jpg\" alt=\"Poezii VR_ 009\" width=\"520\" height=\"201\" srcset=\"https:\/\/semndecarte.metarsis.ro\/wp-content\/uploads\/2016\/05\/Poezii-VR_-009.jpg 520w, https:\/\/semndecarte.metarsis.ro\/wp-content\/uploads\/2016\/05\/Poezii-VR_-009-160x62.jpg 160w, https:\/\/semndecarte.metarsis.ro\/wp-content\/uploads\/2016\/05\/Poezii-VR_-009-163x63.jpg 163w\" sizes=\"(max-width: 520px) 100vw, 520px\" \/><\/a>Miercuri, 11 mai 2016, orele 18:00, la libr\u0103ria Semn de Carte din Re\u0219i\u021ba, s-a lansat primul volum de poezie semnat Viorel RO\u0218CA: DRUMUL G\u00c2NDIRII.\u00a0 Ap\u0103rut la editura Aureo din Oradea anul acesta, dedicat \u201ctuturor celor care iubesc frumosul \u0219i poezia\u201d volumul s-a bucurat de o prezen\u021b\u0103 numeroas\u0103, prieteni, fo\u015fti colegi \u0219i iubitori de poezie fiind alaturi de autorul sosit special de la Oradea.<!--more--><\/p>\n<p style=\"text-align: justify;\">\u201cPrin Viorel Ro\u0219ca zestrea poetica a ora\u0219ului s-a m\u0103rit\u2026 Acest volum \u00eencearc\u0103 s\u0103 resuscite un limbaj poetic, la ora actual\u0103-se pare, uitat\u2026 s\u0103 revigoreze un stil poetic pe care-l privim acum cu oarecare nostalgie\u2026Autorul \u00eencearca nu s\u0103-i pasti\u0219eze pe marii clasici ci s\u0103 scrie \u00een stilul lor\u2026 Nu fac o exegez\u0103 literar\u0103 ci \u00eencerc s\u0103 caracterizez acest volum\u2026 autorul \u00eencearc\u0103 s\u0103 ating\u0103 \u00eentr-o anumit\u0103 m\u0103sur\u0103 stilul, versifica\u021bia unor celebri poe\u021bi ai literaturii rom\u00e2ne: Eminescu, Top\u00e2rceanu, Goga \u0219i al\u021bii, uneori mai reu\u0219it iar alteori trebuie s\u0103 recunoa\u0219tem, versul nu curge a\u0219a cum ar trebui sau cum ne-am a\u0219tepta\u2026 Este meritoriu efortul prietenului \u0219i poetului Viorel Ro\u0219ca de a ne transpune \u00eentr-o lume de idei \u0219i sentimente care-i este proprie\u2026 \u00eentr-o prim\u0103 \u00eencercare de constituire a unui limbaj poetic\u2026 Povestea este simpl\u0103, imaginile clare, precise, toat\u0103 poveste derul\u00e2ndu-se ca \u00eentr-un documentrar\u2026 Sunt convins c\u0103 vom avea \u00een viitor mari surprize din partea prietenului meu Viorel Ro\u0219ca\u201d a spus, printre altele, <strong>Mircea<\/strong> <strong>Taban<\/strong>, doctor in istorie, specialist \u00een etnologie \u0219i etnografie la Muzeul Banatlui Montan. De la Centrul Jude\u0163ean pentru Conservarea \u0219i Promovarea Culturii Tradi\u021bionale Cara\u0219-Severin, referent prof. <strong>Angelica<\/strong> <strong>Herac<\/strong>: \u201d\u2026Am avut o revela\u021bie \u00een momentul \u00een care am v\u0103zut cartea\u2026Am privit cartea\u2026 Viorel Ro\u0219ca, numele, nu-mi spunea nimic\u2026 Mi-a placut foarte mult aceast\u0103 prim\u0103 copert\u0103 \u00eenc\u0103rcat\u0103 de simboluri. Credin\u021b\u0103 \u0219i tradi\u021bie, asta am v\u0103zut eu, \u00een linii mari, \u00een aceast\u0103 carte\u2026 Credin\u021ba \u0219i tradi\u021bia, cei doi st\u00e2lpi ai societ\u0103\u021bii rom\u00e2ne\u0219ti s\u0103n\u0103toase\u2026 Aceast\u0103 intrare tradi\u021bional\u0103 t\u0103r\u0103neasc\u0103 de pe coperta \u00eent\u00e2i, deosebit de bine aleas\u0103 iar pe ultima copert\u0103 pana, ceea ce indic\u0103\u00a0 scrisul, imagina\u021bia, motiva\u021bia autorului \u0219i cuv\u00e2ntul care se afl\u0103 \u00een interiorul acestei c\u0103r\u021bi. Viorel Ro\u0219ca are g\u00e2ndul bun, are inten\u021bia pe care o duce la vizualizare\u2026 Autorul s-a \u00eendep\u0103rtat geografic de Banatul de care nu se poate desprinde. Este normal sa fie a\u0219a. R\u0103m\u00e2ne legat de Banat, este un patriot local \u0219i na\u021bional prin personalit\u0103\u021bile pe care le evoc\u0103 prin intermediul poeziei\u2026 La \u00eenceputul volumului poezia intitulat\u0103 \u201dO chemare\u201d este un \u00eendemn al informa\u021biei astrale pentru scris\u2026 Poezia lui Viorel Ro\u0219ca eu am sim\u021bit-o ca pe o terapie holistic\u0103. Terapia are 7 trepte pe care ar trebui s\u0103 ni le \u00eensu\u0219im. \u00cencepe cu iubire, urca \u00een 6 trepte, urmeaz\u0103 iertarea, iubirea necondi\u021bionat\u0103, smerenia, r\u0103bdarea, \u00eeng\u0103duin\u021ba, \u0219i, dup\u0103 ce le parcurgem pe toate, ajungem pe acea platform\u0103- s\u0103n\u0103tatea\u2026 Iubirea pentru frumos \u0219i oameni \u00eel caracterizeaz\u0103 pe Viorel Ro\u0219ca, face pentru oameni ce poate \u015fi cum simte\u2026Poezia de final poate fi considerat\u0103 o mo\u015ftenire\u2026o zestre identitar\u0103, un mesaj poetic aparte\u2026 Viorel Ro\u015fca este un poet sensibil, are un mesaj idependent chiar dac\u0103 apeleaz\u0103 la poe\u0163ii recunoscu\u0163i ai literaturii rom\u00e2ne\u2026 Felicit\u0103rile noastre\u201d. Au mai vorbit jurnalistul Titus Cri\u015fciu, prof. Ion Vela, editorul \u015fi criticul <strong>Gheorghe Jurma<\/strong> care a considerat rondelurile poetului reu\u015fite men\u0163ion\u00e2nd: \u201dE timpul s\u0103 devin poet \u201ddeclar\u00e2nd c\u0103-i dore\u015fte autorului s\u0103 se realizeze men\u0163ion\u00e2nd c\u0103 nu sunt simple reu\u015fitele \u00een acest domeniu dar apreciind c\u0103 distinsul autor are capacitatea de a scrie \u015fi de a ne oferi c\u0103r\u0163i noi sf\u0103tuindu-l s\u0103 aib\u0103 grij\u0103 de monografia satului Deline\u015fti pentru ca fiecare dintre noi s\u0103 devin\u0103 mai bun. \u201dDoresc fiec\u0103rui poet care debuteaz\u0103 azi s\u0103 devin\u0103 mai bun dec\u00e2t Eminescu pentru c\u0103 un alt poet mai mare, \u00een limba rom\u00e2n\u0103 nu exist\u0103\u201d \u015fi-a \u00eencheiat criticul \u015fi eminescologul recunoscut Gheorghe Jurma alocu\u0163iunea specific\u00e2nd c\u0103 poezie este orice \u015fi, dac\u0103 ne place, nu mai conteaz\u0103 a cui este, pentru c\u0103 ne dezvolt\u0103 inima, sufletul, iubirea fa\u0163\u0103 de oameni. Viorel Ro\u015fca, mul\u0163umind, a m\u0103trurisit c\u0103 a \u00eencercat s\u0103 scrie \u201dlucruri frumoase\u201d despre iubirea lui Dumnezeu pentru crea\u0163ia lui \u015fi dragostea unui t\u00e2n\u0103r pentru prin\u0163esa pe care o vede pe strad\u0103 unde dragostea este iar de dou\u0103 feluri: dragoste frumoas\u0103 \u00een care t\u00e2n\u0103ra r\u0103spunde chem\u0103rii t\u00e2n\u0103rului sau nu r\u0103spunde \u015fi atunci e dragoste ne\u00eemplinit\u0103. \u201dLa final ei se c\u0103s\u0103toresc \u015fi atunci nu mai am ce s\u0103 spun sau se despart \u015fi atunci devine o tragedie\u201d spune Viorel Ro\u015fca \u00een m\u0103rturisirile de final despre cum au fost scrise poeziile, men\u0163ion\u00e2nd \u201dVenus Cos\u00e2nzeana\u201d, o poezie la care \u0163ine enorm. Eternitatea iubirii este, dup\u0103 cum declar\u0103 Viorel Ro\u015fca, finalul volumului, iar pe viitor sper s\u0103 fie mult mai bine.<\/p>\n<p style=\"text-align: justify;\">O sear\u0103 frumoas\u0103 la Semn de Carte, loc dedicat celor ce genereaz\u0103 expresie artistic\u0103 sub orice fel de form\u0103. A fost seara lui Viorel Ro\u015fca, b\u0103n\u0103\u0163ean n\u0103scut \u00een Caransebe\u015f cu o copil\u0103rie fericit\u0103 la Re\u015fi\u0163a, stabilit la Oradea \u015fi, iat\u0103, \u00eentors cu primul volum de poezie ACAS\u0102.<\/p>\n<p><a href=\"http:\/\/semndecarte.metarsis.ro\/wp-content\/uploads\/2016\/05\/Poezii-VR_-060.jpg\" rel=\"lightbox[9660]\"><img loading=\"lazy\" class=\"alignleft size-thumbnail wp-image-9662\" src=\"http:\/\/semndecarte.metarsis.ro\/wp-content\/uploads\/2016\/05\/Poezii-VR_-060-95x95.jpg\" alt=\"Poezii VR_ 060\" width=\"95\" height=\"95\" \/><\/a> <a href=\"http:\/\/semndecarte.metarsis.ro\/wp-content\/uploads\/2016\/05\/Poezii-VR_-002.jpg\" rel=\"lightbox[9660]\"><img loading=\"lazy\" class=\"alignleft size-thumbnail wp-image-9663\" src=\"http:\/\/semndecarte.metarsis.ro\/wp-content\/uploads\/2016\/05\/Poezii-VR_-002-95x95.jpg\" alt=\"Poezii VR_ 002\" width=\"95\" height=\"95\" \/><\/a> <a href=\"http:\/\/semndecarte.metarsis.ro\/wp-content\/uploads\/2016\/05\/Poezii-VR_-008.jpg\" rel=\"lightbox[9660]\"><img loading=\"lazy\" class=\"alignleft size-thumbnail wp-image-9664\" src=\"http:\/\/semndecarte.metarsis.ro\/wp-content\/uploads\/2016\/05\/Poezii-VR_-008-95x95.jpg\" alt=\"Poezii VR_ 008\" width=\"95\" height=\"95\" \/><\/a> <a href=\"http:\/\/semndecarte.metarsis.ro\/wp-content\/uploads\/2016\/05\/Poezii-VR_-016.jpg\" rel=\"lightbox[9660]\"><img loading=\"lazy\" class=\"alignleft size-thumbnail wp-image-9665\" src=\"http:\/\/semndecarte.metarsis.ro\/wp-content\/uploads\/2016\/05\/Poezii-VR_-016-95x95.jpg\" alt=\"Poezii VR_ 016\" width=\"95\" height=\"95\" \/><\/a> <a href=\"http:\/\/semndecarte.metarsis.ro\/wp-content\/uploads\/2016\/05\/Poezii-VR_-023.jpg\" rel=\"lightbox[9660]\"><img loading=\"lazy\" class=\"alignleft size-thumbnail wp-image-9666\" src=\"http:\/\/semndecarte.metarsis.ro\/wp-content\/uploads\/2016\/05\/Poezii-VR_-023-95x95.jpg\" alt=\"Poezii VR_ 023\" width=\"95\" height=\"95\" \/><\/a> <a href=\"http:\/\/semndecarte.metarsis.ro\/wp-content\/uploads\/2016\/05\/Poezii-VR_-034.jpg\" rel=\"lightbox[9660]\"><img loading=\"lazy\" class=\"alignleft size-thumbnail wp-image-9667\" src=\"http:\/\/semndecarte.metarsis.ro\/wp-content\/uploads\/2016\/05\/Poezii-VR_-034-95x95.jpg\" alt=\"Poezii VR_ 034\" width=\"95\" height=\"95\" \/><\/a> <a href=\"http:\/\/semndecarte.metarsis.ro\/wp-content\/uploads\/2016\/05\/Poezii-VR_-040.jpg\" rel=\"lightbox[9660]\"><img loading=\"lazy\" class=\"alignleft size-thumbnail wp-image-9668\" src=\"http:\/\/semndecarte.metarsis.ro\/wp-content\/uploads\/2016\/05\/Poezii-VR_-040-95x95.jpg\" alt=\"Poezii VR_ 040\" width=\"95\" height=\"95\" \/><\/a> <a href=\"http:\/\/semndecarte.metarsis.ro\/wp-content\/uploads\/2016\/05\/Poezii-VR_-046.jpg\" rel=\"lightbox[9660]\"><img loading=\"lazy\" class=\"alignleft size-thumbnail wp-image-9669\" src=\"http:\/\/semndecarte.metarsis.ro\/wp-content\/uploads\/2016\/05\/Poezii-VR_-046-95x95.jpg\" alt=\"Poezii VR_ 046\" width=\"95\" height=\"95\" \/><\/a> <a href=\"http:\/\/semndecarte.metarsis.ro\/wp-content\/uploads\/2016\/05\/Poezii-VR_-055.jpg\" rel=\"lightbox[9660]\"><img loading=\"lazy\" class=\"alignleft size-thumbnail wp-image-9670\" src=\"http:\/\/semndecarte.metarsis.ro\/wp-content\/uploads\/2016\/05\/Poezii-VR_-055-95x95.jpg\" alt=\"Poezii VR_ 055\" width=\"95\" height=\"95\" \/><\/a> <a href=\"http:\/\/semndecarte.metarsis.ro\/wp-content\/uploads\/2016\/05\/Poezii-VR_-059.jpg\" rel=\"lightbox[9660]\"><img loading=\"lazy\" class=\"alignleft size-thumbnail wp-image-9671\" src=\"http:\/\/semndecarte.metarsis.ro\/wp-content\/uploads\/2016\/05\/Poezii-VR_-059-95x95.jpg\" alt=\"Poezii VR_ 059\" width=\"95\" height=\"95\" \/><\/a><\/p>\n<p>&nbsp;<\/p>\n","protected":false},"excerpt":{"rendered":"<p>Miercuri, 11 mai 2016, orele 18:00, la libr\u0103ria Semn de Carte din Re\u0219i\u021ba, s-a lansat primul volum de poezie semnat Viorel RO\u0218CA: DRUMUL G\u00c2NDIRII.  Ap\u0103rut la editura Aureo din Oradea anul acesta, dedicat \u201ctuturor celor care iubesc frumosul \u0219i poezia\u201d volumul s-a bucurat de o prezen\u021b\u0103 numeroas\u0103, prieteni, fo\u015fti colegi \u0219i iubitori de poezie fiind alaturi de autorul sosit special de la Oradea.<\/p>\n","protected":false},"author":1,"featured_media":0,"comment_status":"open","ping_status":"open","sticky":false,"template":"","format":"standard","meta":[],"categories":[7],"tags":[69],"_links":{"self":[{"href":"https:\/\/semndecarte.metarsis.ro\/index.php?rest_route=\/wp\/v2\/posts\/9660"}],"collection":[{"href":"https:\/\/semndecarte.metarsis.ro\/index.php?rest_route=\/wp\/v2\/posts"}],"about":[{"href":"https:\/\/semndecarte.metarsis.ro\/index.php?rest_route=\/wp\/v2\/types\/post"}],"author":[{"embeddable":true,"href":"https:\/\/semndecarte.metarsis.ro\/index.php?rest_route=\/wp\/v2\/users\/1"}],"replies":[{"embeddable":true,"href":"https:\/\/semndecarte.metarsis.ro\/index.php?rest_route=%2Fwp%2Fv2%2Fcomments&post=9660"}],"version-history":[{"count":0,"href":"https:\/\/semndecarte.metarsis.ro\/index.php?rest_route=\/wp\/v2\/posts\/9660\/revisions"}],"wp:attachment":[{"href":"https:\/\/semndecarte.metarsis.ro\/index.php?rest_route=%2Fwp%2Fv2%2Fmedia&parent=9660"}],"wp:term":[{"taxonomy":"category","embeddable":true,"href":"https:\/\/semndecarte.metarsis.ro\/index.php?rest_route=%2Fwp%2Fv2%2Fcategories&post=9660"},{"taxonomy":"post_tag","embeddable":true,"href":"https:\/\/semndecarte.metarsis.ro\/index.php?rest_route=%2Fwp%2Fv2%2Ftags&post=9660"}],"curies":[{"name":"wp","href":"https:\/\/api.w.org\/{rel}","templated":true}]}}