{"id":9658,"date":"2016-05-10T19:33:35","date_gmt":"2016-05-10T17:33:35","guid":{"rendered":"http:\/\/semndecarte.metarsis.ro\/?p=9658"},"modified":"2016-05-10T19:33:35","modified_gmt":"2016-05-10T17:33:35","slug":"marius-terchila","status":"publish","type":"post","link":"https:\/\/semndecarte.metarsis.ro\/?p=9658","title":{"rendered":"MARIUS TERCHIL\u0102"},"content":{"rendered":"<p><strong><a href=\"http:\/\/semndecarte.metarsis.ro\/wp-content\/uploads\/2016\/05\/Valea-Cernei.jpg\" rel=\"lightbox[9658]\"><img loading=\"lazy\" class=\"alignleft size-large wp-image-9659\" src=\"http:\/\/semndecarte.metarsis.ro\/wp-content\/uploads\/2016\/05\/Valea-Cernei-163x142.jpg\" alt=\"Valea Cernei\" width=\"163\" height=\"142\" srcset=\"https:\/\/semndecarte.metarsis.ro\/wp-content\/uploads\/2016\/05\/Valea-Cernei-163x142.jpg 163w, https:\/\/semndecarte.metarsis.ro\/wp-content\/uploads\/2016\/05\/Valea-Cernei-160x139.jpg 160w, https:\/\/semndecarte.metarsis.ro\/wp-content\/uploads\/2016\/05\/Valea-Cernei.jpg 676w\" sizes=\"(max-width: 163px) 100vw, 163px\" \/><\/a>VALEA CERNEI. TRASEE TURISTICE \u00ceN MUN\u021aII MEHEDIN\u021aI \u0218I \u00ceN MUN\u021aII CERNEI<\/strong>. Ed. a III-a.<\/p>\n<p>Joi, 12 mai 2016, orele 17:30, la libr\u0103ria Semn de Carte din Re\u0219i\u021ba, str. Libert\u0103\u021bii 13, profesorul timi\u0219orean MARIUS TERCHIL\u0102 va aduce publicului iubitor de drume\u021bii \u0219i \u00eendr\u0103gostit de MUNTE un nou volum din colec\u021bia \u201cPe poteci de munte\u201d. Promoterul turistic, cel mai longeviv realizator de emisiuni radiofonice turistice din Rom\u00e2nia, \u00eendr\u0103gostitul de munte Marius Terchil\u0103 va prezenta \u00een fa\u021ba re\u0219i\u021benilor recenta apari\u021bie, VALEA CERNEI. TRASEE TURISTICE \u00ceN MUN\u021aII MEHEDIN\u021aI \u0218I \u00ceN MUN\u021aII CERNEI, edi\u021bia a III-a, un volum cu informa\u021bia la zi, cu trasee noi \u015fi actualizarea celor din edi\u021biile precedente.<!--more--><\/p>\n<p>V\u0103 invit\u0103m la o \u00eent\u00e2lnire de suflet cu un excelent povestitor, un \u00eemp\u0103timit al drume\u021biilor, un iubitor autentic de MUNTE, prof. MARIUS TERCHIL\u0102.<\/p>\n","protected":false},"excerpt":{"rendered":"<p>Joi, 12 mai 2016, orele 17:30, la libr\u0103ria Semn de Carte din Re\u0219i\u021ba, str. Libert\u0103\u021bii 13, profesorul timi\u0219orean MARIUS TERCHIL\u0102 va aduce publicului iubitor de drume\u021bii \u0219i \u00eendr\u0103gostit de MUNTE un nou volum din colec\u021bia \u201cPe poteci de munte\u201d. <\/p>\n","protected":false},"author":1,"featured_media":0,"comment_status":"open","ping_status":"open","sticky":false,"template":"","format":"standard","meta":[],"categories":[3],"tags":[69],"_links":{"self":[{"href":"https:\/\/semndecarte.metarsis.ro\/index.php?rest_route=\/wp\/v2\/posts\/9658"}],"collection":[{"href":"https:\/\/semndecarte.metarsis.ro\/index.php?rest_route=\/wp\/v2\/posts"}],"about":[{"href":"https:\/\/semndecarte.metarsis.ro\/index.php?rest_route=\/wp\/v2\/types\/post"}],"author":[{"embeddable":true,"href":"https:\/\/semndecarte.metarsis.ro\/index.php?rest_route=\/wp\/v2\/users\/1"}],"replies":[{"embeddable":true,"href":"https:\/\/semndecarte.metarsis.ro\/index.php?rest_route=%2Fwp%2Fv2%2Fcomments&post=9658"}],"version-history":[{"count":0,"href":"https:\/\/semndecarte.metarsis.ro\/index.php?rest_route=\/wp\/v2\/posts\/9658\/revisions"}],"wp:attachment":[{"href":"https:\/\/semndecarte.metarsis.ro\/index.php?rest_route=%2Fwp%2Fv2%2Fmedia&parent=9658"}],"wp:term":[{"taxonomy":"category","embeddable":true,"href":"https:\/\/semndecarte.metarsis.ro\/index.php?rest_route=%2Fwp%2Fv2%2Fcategories&post=9658"},{"taxonomy":"post_tag","embeddable":true,"href":"https:\/\/semndecarte.metarsis.ro\/index.php?rest_route=%2Fwp%2Fv2%2Ftags&post=9658"}],"curies":[{"name":"wp","href":"https:\/\/api.w.org\/{rel}","templated":true}]}}