{"id":9655,"date":"2016-05-09T20:18:57","date_gmt":"2016-05-09T18:18:57","guid":{"rendered":"http:\/\/semndecarte.metarsis.ro\/?p=9655"},"modified":"2016-05-09T20:20:10","modified_gmt":"2016-05-09T18:20:10","slug":"drumul-gandirii","status":"publish","type":"post","link":"https:\/\/semndecarte.metarsis.ro\/?p=9655","title":{"rendered":"DRUMUL G\u00c2NDIRII"},"content":{"rendered":"<p><strong>Poezii- Viorel RO\u0218CA<\/strong><\/p>\n<div id=\"attachment_9656\" style=\"width: 132px\" class=\"wp-caption alignleft\"><a href=\"http:\/\/semndecarte.metarsis.ro\/wp-content\/uploads\/2016\/05\/Poezii.jpg\" rel=\"lightbox[9655]\"><img aria-describedby=\"caption-attachment-9656\" loading=\"lazy\" class=\"size-large wp-image-9656\" src=\"http:\/\/semndecarte.metarsis.ro\/wp-content\/uploads\/2016\/05\/Poezii-122x163.jpg\" alt=\"Exif_JPEG_420\" width=\"122\" height=\"163\" srcset=\"https:\/\/semndecarte.metarsis.ro\/wp-content\/uploads\/2016\/05\/Poezii-122x163.jpg 122w, https:\/\/semndecarte.metarsis.ro\/wp-content\/uploads\/2016\/05\/Poezii-120x160.jpg 120w, https:\/\/semndecarte.metarsis.ro\/wp-content\/uploads\/2016\/05\/Poezii.jpg 600w\" sizes=\"(max-width: 122px) 100vw, 122px\" \/><\/a><p id=\"caption-attachment-9656\" class=\"wp-caption-text\">Exif_JPEG_420<\/p><\/div>\n<p>Miercuri, 11 mai 2016, orele 18:00, la libr\u0103ria Semn de Carte din Re\u0219i\u021ba, str. Libert\u0103\u021bii 13, va avea loc lansarea volumului DRUMUL G\u00c2NDIRII. POEZII semnat Viorel RO\u0218CA.<\/p>\n<p>Ap\u0103rut la editura Aureo din Oradea anul acesta, dedicat\u00a0\u201ctuturor celor care iubesc frumosul \u0219i poezia\u201d\u00a0volumul propune \u201co veritabil\u0103 re\u00eentoarcere benefic\u0103 la sursele de aur ale poeziei rom\u00e2ne\u0219ti\u201c, poetul or\u0103dean av\u00e2nd curajul \u201cs\u0103 reia ritmurile (\u0219i temele!) inegalabile ale unor poeme arhicunoscute de Co\u0219buc, Goga, Eminescu, Macedonski, Top\u00e2rceanu, P\u0103unescu \u0219i s\u0103 le respecte \u00eentru totul m\u0103sura metric\u0103, ritmul \u0219i tonalitatea general\u0103, ar\u0103t\u00e2nd c\u0103 mesajul acestora r\u0103m\u00e2ne valabil \u0219i \u00een era noastr\u0103\u201c ( prof. Mariana Dvorzsik).<!--more--><\/p>\n<p>V\u0103 invit\u0103m la o \u00eent\u00e2lnire nonformal\u0103, \u00eentre prieteni, cu gugulanul-re\u0219i\u021bean stabilit \u00een Oradea Viorel RO\u0218CA.<\/p>\n<p>Invita\u021bi speciali: Mircea Taban, Muzeul Banatului Montan, Angelica Herac, referent de specialitate la Centrul Jude\u0163ean pentru Conservarea \u0219i\u00a0Promovarea Culturii Tradi\u021bionale Cara\u0219-Severin.<\/p>\n","protected":false},"excerpt":{"rendered":"<p>Miercuri, 11 mai 2016, orele 18:00, la libr\u0103ria Semn de Carte din Re\u0219i\u021ba, str. Libert\u0103\u021bii 13, va avea loc lansarea volumului DRUMUL G\u00c2NDIRII. POEZII semnat Viorel RO\u0218CA.<\/p>\n","protected":false},"author":1,"featured_media":0,"comment_status":"open","ping_status":"open","sticky":false,"template":"","format":"standard","meta":[],"categories":[3],"tags":[69],"_links":{"self":[{"href":"https:\/\/semndecarte.metarsis.ro\/index.php?rest_route=\/wp\/v2\/posts\/9655"}],"collection":[{"href":"https:\/\/semndecarte.metarsis.ro\/index.php?rest_route=\/wp\/v2\/posts"}],"about":[{"href":"https:\/\/semndecarte.metarsis.ro\/index.php?rest_route=\/wp\/v2\/types\/post"}],"author":[{"embeddable":true,"href":"https:\/\/semndecarte.metarsis.ro\/index.php?rest_route=\/wp\/v2\/users\/1"}],"replies":[{"embeddable":true,"href":"https:\/\/semndecarte.metarsis.ro\/index.php?rest_route=%2Fwp%2Fv2%2Fcomments&post=9655"}],"version-history":[{"count":0,"href":"https:\/\/semndecarte.metarsis.ro\/index.php?rest_route=\/wp\/v2\/posts\/9655\/revisions"}],"wp:attachment":[{"href":"https:\/\/semndecarte.metarsis.ro\/index.php?rest_route=%2Fwp%2Fv2%2Fmedia&parent=9655"}],"wp:term":[{"taxonomy":"category","embeddable":true,"href":"https:\/\/semndecarte.metarsis.ro\/index.php?rest_route=%2Fwp%2Fv2%2Fcategories&post=9655"},{"taxonomy":"post_tag","embeddable":true,"href":"https:\/\/semndecarte.metarsis.ro\/index.php?rest_route=%2Fwp%2Fv2%2Ftags&post=9655"}],"curies":[{"name":"wp","href":"https:\/\/api.w.org\/{rel}","templated":true}]}}