{"id":9654,"date":"2016-05-03T18:24:54","date_gmt":"2016-05-03T16:24:54","guid":{"rendered":"http:\/\/semndecarte.metarsis.ro\/?p=9654"},"modified":"2016-05-03T18:24:54","modified_gmt":"2016-05-03T16:24:54","slug":"fisp-2016-2","status":"publish","type":"post","link":"https:\/\/semndecarte.metarsis.ro\/?p=9654","title":{"rendered":"FISP 2016"},"content":{"rendered":"<p><strong><img loading=\"lazy\" class=\"alignleft size-full wp-image-9598\" src=\"http:\/\/semndecarte.metarsis.ro\/wp-content\/uploads\/2016\/04\/FISP-III-2016.jpg\" alt=\"FISP III-2016\" width=\"519\" height=\"193\" srcset=\"https:\/\/semndecarte.metarsis.ro\/wp-content\/uploads\/2016\/04\/FISP-III-2016.jpg 519w, https:\/\/semndecarte.metarsis.ro\/wp-content\/uploads\/2016\/04\/FISP-III-2016-160x59.jpg 160w, https:\/\/semndecarte.metarsis.ro\/wp-content\/uploads\/2016\/04\/FISP-III-2016-163x61.jpg 163w\" sizes=\"(max-width: 519px) 100vw, 519px\" \/>Festivalul International &#8222;SABIN PAUTZA&#8221;, editia a III-a, 2016<br \/>\n<\/strong><\/p>\n<p><strong>Concursul de Interpretare Pianistic\u0103<\/strong><\/p>\n<p><strong>Program Concurs<\/strong><!--more--><\/p>\n<p>&nbsp;<\/p>\n<p><strong><u>SEC\u021aIA PIAN<\/u><\/strong><\/p>\n<p><strong>S\u00e2mb\u0103t\u0103, 7 mai 2016<\/strong><\/p>\n<p><strong>Categoria A<\/strong><\/p>\n<p>ora 11:00 &#8211; 12:00<\/p>\n<ol>\n<li><strong>KIESZVIMMER Andrei<\/strong><\/li>\n<\/ol>\n<p>Liceul de Arte <em>Sabin P\u0103u\u021ba<\/em> Re\u0219i\u021ba, prof. Garoiu Nicoleta<\/p>\n<ul>\n<li><strong>Sabin Pautza<\/strong> \u2013 <em>C\u0103lu\u0219arul B\u0103n\u0103\u021bean<\/em><\/li>\n<li><strong>Wolfgang Amadeus Mozart \u2013 <\/strong>Varia\u021biuni pe o veche melodie francez\u0103<em>\u00a0<\/em><\/li>\n<\/ul>\n<ol start=\"2\">\n<li><strong>KOVACS Noris Mihai<\/strong><\/li>\n<\/ol>\n<p>Liceul de Arte <em>Sabin P\u0103u\u021ba<\/em> Re\u0219i\u021ba, prof. Cornelia Nica<\/p>\n<ul>\n<li><strong>Sabin Pautza<\/strong> \u2013 <em>C\u0103lu\u0219arul B\u0103n\u0103\u021bean<\/em><\/li>\n<li><strong>Johann Friedrich Franz<\/strong><strong>Burgm\u00fcller<\/strong> &#8211; Studiu op. 100 nr.1<\/li>\n<\/ul>\n<ol start=\"3\">\n<li><strong>MUNTEAN-PEIA Anamaria<\/strong><\/li>\n<\/ol>\n<p>\u0218coala Gimnazial\u0103 de Muzic\u0103 <em>Filaret Barbu<\/em> Lugoj<\/p>\n<p>prof. Musc\u0103 Maria Alexandra<\/p>\n<ul>\n<li><strong>Sabin Pautza<\/strong> \u2013 <em>C\u0103lu\u0219arul B\u0103n\u0103\u021bean<\/em><\/li>\n<li><strong>Franz Schubert \u2013 <\/strong>Scherzo (si b major)<\/li>\n<\/ul>\n<ol start=\"4\">\n<li><strong>NICULESCU \u0218tefan Cristian <\/strong><\/li>\n<\/ol>\n<p>Liceul Teoretic <em>Jean Monnet<\/em> prof. dr. Irina Ni\u021bu<\/p>\n<ul>\n<li><strong>Sabin Pautza<\/strong> \u2013 <em>C\u0103lu\u0219arul B\u0103n\u0103\u021bean<\/em><\/li>\n<li><strong>Muzio Clementi <\/strong>\u2013 <em>Sonatina op.36 nr.1 p. I<\/em><em>\u00a0<\/em><\/li>\n<\/ul>\n<ol start=\"5\">\n<li><strong>ROPOTIN Ioana Miruna <\/strong><\/li>\n<\/ol>\n<p>\u0218coala de Arte <em>Play<\/em> Sibiu, lect. univ. dr. Rodica Marcovici<\/p>\n<ul>\n<li><strong>Sabin Pautza<\/strong> \u2013 <em>C\u0103lu\u0219arul B\u0103n\u0103\u021bean<\/em><\/li>\n<li><strong>Carl Filtsch<\/strong> <em>&#8211; Barcarolle<\/em><\/li>\n<\/ul>\n<ol start=\"6\">\n<li><strong>RO\u0218CA Patricia Maria<\/strong><\/li>\n<\/ol>\n<p>\u0218coala Gimnazial\u0103 de Muzic\u0103 <em>Filaret Barbu<\/em> Lugoj, prof. Crina Ramona Adriana<\/p>\n<ul>\n<li><strong>Sabin Pautza<\/strong> \u2013 <em>C\u0103lu\u0219arul B\u0103n\u0103\u021bean<\/em><\/li>\n<li><strong>Carl Philipp Emanuel Bach<\/strong> \u2013 <em>Solfeggietto<\/em><\/li>\n<\/ul>\n<ol start=\"7\">\n<li><strong>\u0218ERB\u0102NA\u021aI-VILLALVA-BRIONES Emanuela<\/strong> (programat duminic\u0103)<\/li>\n<\/ol>\n<p>\u0218coala Gimnazial\u0103 <em>Augustin Maior<\/em> Reghin, prof. Zanfir Doina Lavinia<\/p>\n<ul>\n<li><strong>Sabin Pautza<\/strong> \u2013 <em>C\u0103lu\u0219arul B\u0103n\u0103\u021bean<\/em><\/li>\n<li><strong>Ludwig van Beethoven \u2013<\/strong> <em>Sonata op.49 nr.2 p. I<\/em><em>\u00a0<\/em><\/li>\n<\/ul>\n<ol start=\"8\">\n<li><strong>TESLEVICI Iasmina Maria<\/strong><\/li>\n<\/ol>\n<p>\u0218coala Gimnazial\u0103 de Muzic\u0103 <em>Filaret Barbu<\/em> Lugoj prof. Crina Ramona Adriana<\/p>\n<ul>\n<li><strong>Sabin Pautza<\/strong> \u2013 <em>C\u0103lu\u0219arul B\u0103n\u0103\u021bean<\/em><\/li>\n<li><strong><em>Johann Friedrich Franz<\/em><\/strong><em><strong>Burgm\u00fcller<\/strong> &#8211; Studiu op. 109, nr.12<\/em><strong>\u00a0<\/strong><\/li>\n<\/ul>\n<p><strong>Categoria C<\/strong><\/p>\n<p>12:00 \u2013 12:30<\/p>\n<ol>\n<li><strong>ASOLTANEI Evangeline<\/strong><\/li>\n<\/ol>\n<p>Colegiul Na\u021bional de Arte <em>Ion Vidu <\/em>Timi\u0219oara,\u00a0\u00a0 prof. Lucia P\u00e2rvulescu<\/p>\n<ul>\n<li><strong>Sabin Pautza<\/strong> \u2013 <em>Bossa Nova nr.3<\/em><\/li>\n<li><strong>Ludwig van Beethoven<\/strong><em> \u2013 Sonata op.53 \u201eWaldstein\u201d p.I<\/em><\/li>\n<li><strong>Franz Li<em>szt<\/em><\/strong><em> \u2013 Rapsodia Spaniol\u0103<\/em><em>\u00a0<\/em><\/li>\n<\/ul>\n<p><strong>Categoria E\u00a0 <\/strong><\/p>\n<p>12:30<strong>\u00a0<\/strong><\/p>\n<ol>\n<li><strong>DUMITRU Daiana &#8211; CERNESCU Valentina<\/strong><\/li>\n<\/ol>\n<p><strong>\u00a0\u00a0\u00a0\u00a0\u00a0\u00a0\u00a0\u00a0\u00a0\u00a0\u00a0\u00a0\u00a0 <\/strong>Liceul de Arte <em>Sabin P\u0103u\u021ba<\/em> Re\u0219i\u021ba, prof. Elena Schaefer &#8211; Cornelia Nica<strong>\u00a0\u00a0\u00a0 <\/strong><\/p>\n<ul>\n<li><strong>Sabin Pautza \u2013 <\/strong><em>Joc de doi din Banat<\/em><\/li>\n<li><strong>Fran\u00e7ois-Adrien Boieldieu <\/strong><em>\u2013 Der Kalif<\/em><em>\u00a0<\/em><\/li>\n<\/ul>\n<p><em>CONCUREN\u021aII\u00a0 AU DREPTUL LA REPETI\u021aIE \u00ceN SALA DE CONCURS\u00a0<\/em><em>S\u00c2MB\u0102T\u0102 07.05.2016 \u2013SALA LIRA \u2013 9:00-10:30<\/em><em>\u00a0<\/em><\/p>\n<p><em>CONCUREN\u021aII SUNT RUGA\u021aI S\u0102 SE PREZINTE CU 30 MIN. DE ORA INTR\u0102RII \u00ceN CONCURS<\/em><strong>\u00a0<\/strong><\/p>\n<p><strong><u>SEC\u021aIA PIAN<\/u><\/strong><\/p>\n<p><strong>Duminic\u0103, 8 mai 2016<\/strong><\/p>\n<p><strong>Categoria A<\/strong><\/p>\n<p>ora 11:00 &#8211; 11:30<\/p>\n<ol>\n<li><strong>\u0218ERB\u0102NA\u021aI-VILLALVA-BRIONES Emanuela<\/strong> \u2013<\/li>\n<\/ol>\n<p>\u0218coala Gimnazial\u0103 <em>Augustin Maior<\/em> Reghin, prof. Zanfir Doina Lavinia<\/p>\n<ul>\n<li><strong>Sabin Pautza<\/strong> \u2013 <em>C\u0103lu\u0219arul B\u0103n\u0103\u021bean<\/em><\/li>\n<li><strong>Ludwig van Beethoven \u2013<\/strong> <em>Sonata op.49 nr.2 p. I<\/em><em>\u00a0<\/em><em>\u00a0<\/em><\/li>\n<\/ul>\n<p><em>CONCUREN\u021aII\u00a0 AU DREPTUL LA REPETI\u021aIE \u00ceN SALA DE CONCURS\u00a0<\/em><em>S\u00c2MB\u0102T\u0102 08.05.2016 \u2013SALA LIRA \u2013 10:30 \u2013 10:40<\/em><em>\u00a0<\/em><\/p>\n<p><em>CONCUREN\u021aII SUNT RUGA\u021aI S\u0102 SE PREZINTE CU 30 MIN. DE ORA INTR\u0102RII \u00ceN CONCURS<\/em><\/p>\n<p>&nbsp;<\/p>\n","protected":false},"excerpt":{"rendered":"<p>Festivalul International &#8222;SABIN PAUTZA&#8221;, editia a III-a, 2016<\/p>\n<p>Concursul de Interpretare Pianistic\u0103<\/p>\n<p>Program Concurs<\/p>\n","protected":false},"author":1,"featured_media":0,"comment_status":"open","ping_status":"open","sticky":false,"template":"","format":"standard","meta":[],"categories":[3],"tags":[572],"_links":{"self":[{"href":"https:\/\/semndecarte.metarsis.ro\/index.php?rest_route=\/wp\/v2\/posts\/9654"}],"collection":[{"href":"https:\/\/semndecarte.metarsis.ro\/index.php?rest_route=\/wp\/v2\/posts"}],"about":[{"href":"https:\/\/semndecarte.metarsis.ro\/index.php?rest_route=\/wp\/v2\/types\/post"}],"author":[{"embeddable":true,"href":"https:\/\/semndecarte.metarsis.ro\/index.php?rest_route=\/wp\/v2\/users\/1"}],"replies":[{"embeddable":true,"href":"https:\/\/semndecarte.metarsis.ro\/index.php?rest_route=%2Fwp%2Fv2%2Fcomments&post=9654"}],"version-history":[{"count":0,"href":"https:\/\/semndecarte.metarsis.ro\/index.php?rest_route=\/wp\/v2\/posts\/9654\/revisions"}],"wp:attachment":[{"href":"https:\/\/semndecarte.metarsis.ro\/index.php?rest_route=%2Fwp%2Fv2%2Fmedia&parent=9654"}],"wp:term":[{"taxonomy":"category","embeddable":true,"href":"https:\/\/semndecarte.metarsis.ro\/index.php?rest_route=%2Fwp%2Fv2%2Fcategories&post=9654"},{"taxonomy":"post_tag","embeddable":true,"href":"https:\/\/semndecarte.metarsis.ro\/index.php?rest_route=%2Fwp%2Fv2%2Ftags&post=9654"}],"curies":[{"name":"wp","href":"https:\/\/api.w.org\/{rel}","templated":true}]}}