{"id":9600,"date":"2016-04-12T20:06:32","date_gmt":"2016-04-12T18:06:32","guid":{"rendered":"http:\/\/semndecarte.metarsis.ro\/?p=9600"},"modified":"2016-04-12T21:37:03","modified_gmt":"2016-04-12T19:37:03","slug":"flori-si-muzica","status":"publish","type":"post","link":"https:\/\/semndecarte.metarsis.ro\/?p=9600","title":{"rendered":"Flori \u0219i muzic\u0103"},"content":{"rendered":"<p>&nbsp;<\/p>\n<p style=\"text-align: justify;\"><strong><a href=\"http:\/\/semndecarte.metarsis.ro\/wp-content\/uploads\/2016\/04\/AG-rododendron.jpg\" rel=\"lightbox[9600]\"><img loading=\"lazy\" class=\"alignleft size-full wp-image-9601\" src=\"http:\/\/semndecarte.metarsis.ro\/wp-content\/uploads\/2016\/04\/AG-rododendron.jpg\" alt=\"AG rododendron\" width=\"520\" height=\"255\" srcset=\"https:\/\/semndecarte.metarsis.ro\/wp-content\/uploads\/2016\/04\/AG-rododendron.jpg 520w, https:\/\/semndecarte.metarsis.ro\/wp-content\/uploads\/2016\/04\/AG-rododendron-160x78.jpg 160w, https:\/\/semndecarte.metarsis.ro\/wp-content\/uploads\/2016\/04\/AG-rododendron-163x80.jpg 163w\" sizes=\"(max-width: 520px) 100vw, 520px\" \/><\/a>Re\u0219i\u021ba-Lugoj<\/strong><\/p>\n<p style=\"text-align: justify;\">Joi, 14 aprilie 2016 de la orele 17:00 v\u0103 invit\u0103m la libr\u0103ria Semn de Carte pentru o dup\u0103-amiaz\u0103 special\u0103. Marc\u0103m aceast\u0103 prim\u0103var\u0103 prin vernisajul expozi\u021biei\u00a0<em>FLORI<\/em>, acuarele semnate Adina GHINACI \u0219i prin primul recital de pian \u0219i vioar\u0103 din cadrul proiectului cultural\u00a0<em>MUZICA UNE\u0218TE. 100 de note, 100 de z\u00e2mbete, 100 de prieteni<\/em>, proiect comun Re\u0219i\u021ba-Lugoj.<!--more--><\/p>\n<p style=\"text-align: justify;\">Semnatara acuarelelor, prof. Adina GHINACI, se dedic\u0103 azi pasiunii de-o via\u021b\u0103- pictura- \u00a0pentru care n-a avut timp at\u00e2t c\u00e2t a predat la catedra de limb\u0103 \u0219i literatur\u0103 englez\u0103 a Liceului Diaconovici-Tietz din Re\u0219i\u021ba \u0219i tr\u0103ie\u0219te intens bucuria dat\u0103 de culorile a\u0219ezate pe p\u00e2nz\u0103 sau carton.\u00a0De pu\u0163in\u0103 vreme pensionar\u0103, fost\u0103 elev\u0103 a maestrului Petru Gali\u0219, Adina GHINACI descoper\u0103 tainele acuarelei prin cursuri online sus\u021binute de americanul \u00a0Chris Berdoll \u0219i vine \u00een fa\u021ba concitadinilor cu prima sa expozi\u021bie, FLORI.<\/p>\n<p style=\"text-align: justify;\">Proiectul<em>\u00a0<\/em><em>MUZICA UNE\u0218TE. 100 de note, 100 de z\u00e2mbete, 100 de prieteni\u00a0<\/em>\u00a0\u00eencearc\u0103, printre altele, recunoa\u0219terea rolului MUZICII- ca art\u0103 creativ\u0103- \u00een formarea personalit\u0103\u021bii umane \u0219i aduce la Re\u0219i\u021ba muzicieni mici \u0219i mari de la \u0218coala Gimnazial\u0103 de Muzic\u0103\u00a0<em>FILARET BARBU<\/em>\u00a0\u00a0din Lugoj, coordonatoarea proiectului, t\u00e2nara pianist\u0103 prof. Ramona CRINA fiind, la origini, re\u0219i\u021beanc\u0103. Din programul oferit melomanilor de c\u0103tre tinerii lugojeni nu vor lipsi lucr\u0103ri semnate Haciaturian, Heller, List, Debussy, Prokofiev, Schubert.<\/p>\n<p style=\"text-align: justify;\">Invita\u021bi speciali: arh. Ioana MIH\u0102IESCU, Maestrul Sabin PAUTZA.<\/p>\n<p style=\"text-align: justify;\">Flori \u0219i muzic\u0103, z\u00e2mbete \u0219i prieteni. Ce poate fi mai frumos? V\u0103 a\u0219tept\u0103m cu drag.<\/p>\n<p style=\"text-align: justify;\">Eveniment organizat de METARSIS- activit\u0103\u021bi \u0219i servicii de cultur\u0103 urban\u0103 \u0219i art\u0103 contemporan\u0103 prin libr\u0103ria Semn de Carte.<\/p>\n","protected":false},"excerpt":{"rendered":"<p>Joi, 14 aprilie 2016 de la orele 17:00 v\u0103 invit\u0103m la libr\u0103ria Semn de Carte pentru o dup\u0103-amiaz\u0103 special\u0103. Marc\u0103m aceast\u0103 prim\u0103var\u0103 prin vernisajul expozi\u021biei FLORI, acuarele semnate Adina GHINACI \u0219i prin primul recital de pian \u0219i vioar\u0103 din cadrul proiectului cultural MUZICA UNE\u0218TE. 100 de note, 100 de z\u00e2mbete, 100 de prieteni, proiect comun Re\u0219i\u021ba-Lugoj.<\/p>\n","protected":false},"author":1,"featured_media":0,"comment_status":"open","ping_status":"open","sticky":false,"template":"","format":"standard","meta":[],"categories":[3],"tags":[403,543],"_links":{"self":[{"href":"https:\/\/semndecarte.metarsis.ro\/index.php?rest_route=\/wp\/v2\/posts\/9600"}],"collection":[{"href":"https:\/\/semndecarte.metarsis.ro\/index.php?rest_route=\/wp\/v2\/posts"}],"about":[{"href":"https:\/\/semndecarte.metarsis.ro\/index.php?rest_route=\/wp\/v2\/types\/post"}],"author":[{"embeddable":true,"href":"https:\/\/semndecarte.metarsis.ro\/index.php?rest_route=\/wp\/v2\/users\/1"}],"replies":[{"embeddable":true,"href":"https:\/\/semndecarte.metarsis.ro\/index.php?rest_route=%2Fwp%2Fv2%2Fcomments&post=9600"}],"version-history":[{"count":0,"href":"https:\/\/semndecarte.metarsis.ro\/index.php?rest_route=\/wp\/v2\/posts\/9600\/revisions"}],"wp:attachment":[{"href":"https:\/\/semndecarte.metarsis.ro\/index.php?rest_route=%2Fwp%2Fv2%2Fmedia&parent=9600"}],"wp:term":[{"taxonomy":"category","embeddable":true,"href":"https:\/\/semndecarte.metarsis.ro\/index.php?rest_route=%2Fwp%2Fv2%2Fcategories&post=9600"},{"taxonomy":"post_tag","embeddable":true,"href":"https:\/\/semndecarte.metarsis.ro\/index.php?rest_route=%2Fwp%2Fv2%2Ftags&post=9600"}],"curies":[{"name":"wp","href":"https:\/\/api.w.org\/{rel}","templated":true}]}}