{"id":9597,"date":"2016-04-11T19:58:28","date_gmt":"2016-04-11T17:58:28","guid":{"rendered":"http:\/\/semndecarte.metarsis.ro\/?p=9597"},"modified":"2016-04-24T19:21:06","modified_gmt":"2016-04-24T17:21:06","slug":"fisp-2016","status":"publish","type":"post","link":"https:\/\/semndecarte.metarsis.ro\/?p=9597","title":{"rendered":"FISP 2016"},"content":{"rendered":"<p><strong>FESTIVALUL INTERAN\u021aIONAL SABIN PAUTZA, edi\u021bia a III-a, 4-8 mai 2016<\/strong><\/p>\n<p><strong><a href=\"http:\/\/semndecarte.metarsis.ro\/wp-content\/uploads\/2016\/04\/FISP-III-2016.jpg\" rel=\"lightbox[9597]\"><img loading=\"lazy\" class=\"alignleft size-full wp-image-9598\" src=\"http:\/\/semndecarte.metarsis.ro\/wp-content\/uploads\/2016\/04\/FISP-III-2016.jpg\" alt=\"FISP III-2016\" width=\"519\" height=\"193\" srcset=\"https:\/\/semndecarte.metarsis.ro\/wp-content\/uploads\/2016\/04\/FISP-III-2016.jpg 519w, https:\/\/semndecarte.metarsis.ro\/wp-content\/uploads\/2016\/04\/FISP-III-2016-160x59.jpg 160w, https:\/\/semndecarte.metarsis.ro\/wp-content\/uploads\/2016\/04\/FISP-III-2016-163x61.jpg 163w\" sizes=\"(max-width: 519px) 100vw, 519px\" \/><\/a>\u00a0<\/strong><\/p>\n<p style=\"text-align: justify;\"><strong>Festivalul Interna\u0163ional SABIN PAUTZA\u00a0(FISP)<\/strong>, un proiect\u00a0METARSIS\u00a0ini\u0163iat din pre\u0163uire fa\u0163\u0103 de una dintre valorile de necontestat ale Banatului Montan, ale Rom\u00e2niei\u00a0\u2013 \u015fi nu numai \u2013 compozitorul \u0219i dirijorul Sabin PAUTZA, prin efortul unit al iubitorilor de muzic\u0103 adevarat\u0103, a ajuns la\u00a0edi\u021bia a III-a. \u00cen \u00a0perioada 04-08 mai 2016 vor avea loc: expozi\u021bii, lansare de CD, concert cameral, recitaluri \u0219i<strong>\u00a0Concursul de Interpretare Pianistic\u0103 \u0219i Compozi\u021bie SABIN PAUTZA.<\/strong><!--more--><\/p>\n<p style=\"text-align: justify;\">Parteneri:\u00a0Prim\u0103ria Re\u0219i\u021ba, Consiliul Local Re\u0219i\u021ba, Rotary Club Re\u0219i\u021ba, Consiliul Jude\u021bean CS, Lions Onix Re\u0219i\u021ba, Liceul\u00a0de Arte \u201cSabin P\u0103u\u021ba\u201d Re\u0219i\u021ba, Muzeul Na\u021bional George Enescu Bucure\u0219ti, Asocia\u021bia Klavier ART Bucure\u0219ti, Forumul Democratic al Germanilor din Banatul Montan, Libr\u0103ria Semn de Carte Re\u0219i\u021ba.<\/p>\n<p style=\"text-align: justify;\">Servicii profesionale oferite de PIPERIU ARTE.<\/p>\n<p style=\"text-align: justify;\">Parteneri media:\u00a0Banat TV, TVR Timi\u0219oara, Banat FM, Vest TV, \u00a0UZP Rom\u00e2nia, Jurnal de Cara\u0219- Severin,\u00a0Allgemeine Deutsche Zeitung, Banater Zeitung, Argument CS, Reper 24, Express de Banat, Ziua de vest, Agen\u021bia de pres\u0103 AGERPRES, Info-CS, \u0218tiri din Banat, Re\u0219i\u021ba.ro<\/p>\n<p style=\"text-align: justify;\"><strong><u>PROGRAMUL FESTIVALULUI INTERNA\u021aIONAL SABIN PAUTZA\u00a0 RE\u0218I\u021aA, 4-8 mai 2016<\/u><\/strong><\/p>\n<p style=\"text-align: justify;\">\n<p style=\"text-align: justify;\">\n<p style=\"text-align: justify;\"><strong>Motto:<\/strong><\/p>\n<p style=\"text-align: justify;\"><strong>\u00a0<em>\u201eIn art\u0103 ceea ce conteaz\u0103 este s\u0103 vibrezi tu \u00eensu\u021bi \u0219i s\u0103-i faci pe al\u021bii s\u0103 vibreze\u201d<\/em> George Enescu<\/strong><strong>\u00a0<\/strong><\/p>\n<p style=\"text-align: justify;\"><strong>Festivalul Interna\u0163ional SABIN PAUTZA<\/strong><strong>\u00a0<\/strong>(FISP) este un proiect\u00a0<strong>METARSIS<\/strong><strong>\u00a0<\/strong>ini\u0163iat din pre\u0163uire fa\u0163\u0103 de una dintre valorile de necontestat ale Banatului Montan &#8211; \u015fi nu numai &#8211; compozitorul \u015fi dirijorul Sabin PAUTZA \u015fi din respect pentru muzica de calitate, muzic\u0103 studiat\u0103 \u00een ani de zile, cu renun\u0163\u0103ri \u015fi sacrificii. Concretizat prin efortul unit al iubitorilor de muzic\u0103 adev\u0103rat\u0103, FISP edi\u0163ia a III-a se desf\u0103\u015foar\u0103 la Re\u015fi\u0163a \u00een perioada 4-8 mai 2016. Evenimentul cuprinde: expozi\u0163ii, lansare de CD, concerte, recitaluri \u015fi Concursul de Interpretare Pianistic\u0103 \u015fi Compozi\u0163ie SABIN PAUTZA.<strong>\u00a0<\/strong><strong>\u00a0<\/strong><\/p>\n<p style=\"text-align: justify;\"><strong>Sabin PAUTZA<\/strong><\/p>\n<p style=\"text-align: justify;\">Compozitor, dirijor, profesor sunt ipostaze ce definesc personalitatea muzicianului rom\u00e2n, n\u0103scut la 8 februarie 1943 la C\u00e2lnic\/Re\u0219i\u021ba \u00een jude\u021bul Cara\u0219-Severin. Este absolvent al Liceului Mixt Re\u0219i\u021ba (1960) \u0219i al Conservatorul <em>Ciprian Porumbescu<\/em> din Bucure\u0219ti (1965), urm\u00e2nd specializarea \u00een compozi\u021bie \u0219i dirijat la <em>Accademia Musicale Chigiana<\/em> din Siena, Italia (1970). A fost profesor de armonie, dirijat \u0219i orchestra\u021bie la Academia <em>George Enescu<\/em> din Ia\u0219i (1965-1984). Din anul 1984 s-a stabilit \u00een Statele Unite ale Americii. A fost director artistic \u015fi dirijor principal al celei mai vechi orchestre din New Jersey, <em>Plainfield Symphony Orchestra<\/em>, fiind \u00een prezent Conductor Emeritus pe via\u0163a al ansamblului. Un moment cheie \u00een cariera sa l-a constituit debutul \u00een prestigioasa sal\u0103 <em>Carnegie Hall<\/em> din New York (1985) c\u00e2nd s-a prezentat \u00een dubl\u0103 ipostaz\u0103: dirijor \u015fi compozitor. A dirijat pe marile scene ale lumii (Europa, America \u0219i Australia). Ob\u021bine titulul de Doctor \u00een Muzic\u0103 al Academiei <em>Gheorghe Dima<\/em> din Cluj-Napoca (2005) \u0219i al London Institute for Applies Research. \u00cen anul 2015 i se acord\u0103 titlul de Doctor Honoris Causa al Universit\u0103\u021bii <em>Valahia<\/em> T\u00e2rgovi\u0219te \u0219i al Universit\u0103\u021bii <em>Eftimie Murgu <\/em>Re\u0219i\u021ba. Este de\u021bin\u0103torul a numeroase premii \u0219i distinc\u021bii na\u021bionale \u0219i interna\u021bionale: Premiul <em>George Enescu<\/em> al Academiei Rom\u00e2ne (1975), Premiul Uniunii Compozitorilor \u015fi Muzicologilor din Rom\u00e2nia (1979), Marele Premiu al Televiziunii Rom\u00e2ne (1981), Premiul de Compozi\u0163ie la Concursul Interna\u0163ional din Salt Lake City (Utah), Premiul <em>Rudolph Nissim<\/em> al Uniunii Compozitorilor Americani (ASCAP) \u015fi Marele Premiu <em>Dr. Martin Luther King Jr<\/em>. pentru compozi\u0163ie. A fost nominalizat \u00een <em>International Who\u2019s Who in Music<\/em> (Cambrige, Anglia, ed. 1980\/1984\/1992\/2000) \u0219i \u00een <em>2000 de americani notabili<\/em> (editat de American Biographical Institute o dat\u0103 la cinci ani). Sabin PAUTZA este cet\u0103\u021bean de onoare al ora\u0219elor Re\u0219ita (Rom\u00e2nia) \u0219i Plainfield (SUA) \u0219i al jude\u021bului Cara\u0219-Severin. \u00cen 2007, \u00een Plainfield (SUA), ziua de 7 mai\u00a0 a fost declarat\u0103 <em>Ziua Sabin PAUTZA<\/em>. Este membru al Uniunii Compozitorilor Americani (ASCAP) \u0219i al Uniunii Compozitorilor \u0219i Muzicologilor din Rom\u00e2nia. Compozi\u0163iile sale sunt publicate \u00een totalitate de c\u0103tre <em>San Nicobian Edition<\/em> din New York, iar Casa de discuri <em>Swift Music Group<\/em> din New Jersey editeaz\u0103 seria <em>Opera Omnia<\/em> a compozitorului.<strong>\u00a0<\/strong><\/p>\n<p style=\"text-align: justify;\"><strong>Miercuri, 4 mai 2016<\/strong><strong>\u00a0<\/strong><\/p>\n<p style=\"text-align: justify;\"><strong><u>Deschiderea FESTIVALULUI INTERNA\u021aIONAL SABIN PAUTZA 2016<\/u><\/strong><\/p>\n<p style=\"text-align: justify;\">Ora 19:00<\/p>\n<p style=\"text-align: justify;\"><strong>MUZEUL BANATULUI MONTAN<\/strong><strong>\u00a0<\/strong><\/p>\n<p style=\"text-align: justify;\"><strong>Vernisajul expozi\u021biei de pictur\u0103 <em>XPLORE MISTIC<\/em> \u2013 <em>ABSTRACT<\/em><\/strong><\/p>\n<p style=\"text-align: justify;\"><strong>Bogdan PIPERIU (Germania)<\/strong><\/p>\n<p style=\"text-align: justify;\"><strong>Prezint\u0103: Ada D. CRUCEANU,\u00a0<\/strong><strong>C\u0103lin CHINCEA<\/strong><strong>\u00a0<\/strong><\/p>\n<p style=\"text-align: justify;\"><strong>Bogdan PIPERIU<\/strong> este absolvent al Liceului de Arte <em>Sabin P\u0103u\u021ba<\/em> Re\u0219i\u021ba, sec\u021bia pictur\u0103, promo\u021bia 1997 \u0219i al Universit\u0103\u021bii <em>Tibiscus<\/em> Timi\u0219oara, sec\u021bia design grafic, promo\u021bia 2001. Din anul 2003 se dedic\u0103 graficii, \u00een paralel explor\u00e2nd tehnici multiple de exprimare plastic\u0103 \u00een pictur\u0103. Este autorul mai multor expozi\u021bii personale de pictur\u0103 (2011, 2012, 2013, 2016), particip\u00e2nd \u0219i \u00een cadrul expozi\u021biilor de grup de pictur\u0103 \u0219i desen. \u00cen palmaresul expozi\u021bional \u00ee\u0219i face loc \u0219i o expozi\u021bie personal\u0103 de foto-colaj digital prezentat\u0103 la Timi\u015foara (2007). Ilustra\u021biile \u0219i coper\u021bile de carte precum \u0219i recondi\u021bionarea obiectelor vechi (etnografie, pictur\u0103) fac parte din activitatea de crea\u021bie a t\u00e2n\u0103rului artist. Bogdan PIPERIU, care \u00een prezent locuie\u0219te \u00een Germania, este graficianul oficial FISP. Expozi\u021bia prezentat\u0103 \u00een cadrul FISP se afl\u0103 \u00eentr-un periplu european ce va continua la Ulm, K\u00f6ln, Tuttlingen \u0219i Londra \u00een perioada iunie-octombrie 2016.<strong>\u00a0<\/strong><\/p>\n<p style=\"text-align: justify;\"><strong>Lansarea CD-ului\u00a0 <em>SABIN PAUTZA OPERA OMNIA<\/em> Vol. 13<\/strong><\/p>\n<p style=\"text-align: justify;\"><strong>Prezint\u0103: Ioana Raluca VOICU-ARN\u0102U\u021aOIU<\/strong><strong>\u00a0<\/strong><\/p>\n<p style=\"text-align: justify;\"><strong>ESPLANADA MUZEULUI BANATULUI MONTAN<\/strong><strong><em>\u00a0<\/em><\/strong><\/p>\n<p style=\"text-align: justify;\"><strong>Concert <em>THE ROAD BAND \u00a0&#8211;\u00a0<\/em><\/strong><strong>Cristi IAKAB (chitar\u0103, voce, leader),\u00a0<\/strong><strong>Lorand BALOG-REMELEI (clape, backing voice),\u00a0<\/strong><strong>Andrei GIULVEZAN (chitar\u0103 bas),\u00a0<\/strong><strong>Constantin BOROZAN (baterie)<\/strong><strong>\u00a0<\/strong><\/p>\n<p style=\"text-align: justify;\"><strong><em>The ROAD BAND<\/em><\/strong> s-a \u00eenfiin\u021bat \u00een anul 2000, \u00een Re\u0219i\u021ba. <em>The Road Band<\/em> este o forma\u021bie de cover \u0219i nu numai. \u00cen ultima perioad\u0103 a \u00eenceput s\u0103 lucreze \u0219i la propriul material. Cristi IAKAB, membru fondator \u0219i leader al <em>The Road Band<\/em>, a colaborat cu trupa <em>Conexiuni<\/em>, ocazional cu Smiley, Damian DR\u0102GHICI, Cornel VARBA, <em>Pragu De Sus<\/em> \u0219.a.. A c\u00e2ntat al\u0103turi de <em>Slide<\/em>, <em>Official Grasshoppers<\/em>, <em>Leslie Woolf&amp;The Groovemakers<\/em>. Lori BALOGH este licen\u021biat al Facult\u0103\u021bii de Muzic\u0103 din Oradea. Andrei GIULVEZAN, un \u00eemp\u0103timit al jazzului, este mezinul trupei. Constantin BOROZAN a fost membru \u00een trupa <em>Pragu De Sus<\/em> \u0219i a colaborat cu diver\u0219i arti\u0219ti. <em>The<\/em> <em>Road Band<\/em> se afl\u0103 \u00een ascensiune fiind invitat\u0103 s\u0103 concerteze \u00een cluburi renumite \u0219i la evenimente private. De\u0219i abordeaz\u0103 stiluri diferite, <em>The<\/em> <em>ROAD BAND<\/em> revine mereu la blues, rock sau jazz. Improviza\u021bia este mereu prezent\u0103 \u00een concertele live, unde forma\u021bia se reg\u0103se\u0219te cu mare pl\u0103cere, indiferent de situa\u021bie.<\/p>\n<p style=\"text-align: justify;\"><strong>Joi, 5 mai 2016<\/strong><strong>\u00a0<\/strong><\/p>\n<p style=\"text-align: justify;\">Ora 16:00<\/p>\n<p style=\"text-align: justify;\"><strong>BIBLIOTECA GERMAN\u0102 <em>ALEXANDER TIETZ<\/em> Re\u0219i\u021ba<\/strong><\/p>\n<p style=\"text-align: justify;\"><strong>Vernisajul expozi\u021biei <\/strong><strong><em>SABIN PAUTZA WHO\u2019S WHO IN MUSIC &#8211;\u00a0<\/em><\/strong><strong>Prezint\u0103 Ani\u021ba STR\u00c2MBU \u2013 Director al Liceului de Arte <em>Sabin P\u0103u\u021ba<\/em> Re\u0219i\u021ba.<\/strong><strong><em>\u00a0<\/em><\/strong><\/p>\n<p style=\"text-align: justify;\"><strong>Recital cameral<\/strong><\/p>\n<p style=\"text-align: justify;\"><strong>Particip\u0103 elevii Liceului de Arte <em>Sabin P\u0103u\u021ba<\/em> \u0219i ai \u0218colii Populare de Arte \u0219i Meserii <em>Ion Rom\u00e2nu:\u00a0<\/em><\/strong><strong>Giulia B\u00ceCA &#8211; vioar\u0103 (clasa prof. Emanuela MOLDOVAN),\u00a0<\/strong><strong>Eveline VOICU \u2013 violoncel (clasa prof. Ani\u021ba STR\u00c2MBU),\u00a0<\/strong><strong>Alexandra LUNC\u0102, Emilia IMBRESCU &#8211; violoncel (clasa prof. Diana SZUIGODAN),\u00a0<\/strong><strong>Alessia GRUIA, Gheorghe ANDREI \u0219i Ciprian NI\u021a\u0102 &#8211; pian (clasa prof. Lucia GHILEA).<\/strong><strong>\u00a0<\/strong><\/p>\n<p style=\"text-align: justify;\"><strong>\u00cen program: Luigi BOCCHERINI, Georg Friedrich H\u00c4NDEL, Hugo SCHELM\u00dcLLER, Ion URCAN.<\/strong><strong>\u00a0<\/strong><\/p>\n<p style=\"text-align: justify;\"><strong><em>NOTE<\/em><\/strong><strong> cu Sabin PAUTZA<\/strong><strong>\u00a0\u00a0\u00a0\u00a0\u00a0\u00a0\u00a0\u00a0\u00a0\u00a0\u00a0\u00a0\u00a0\u00a0\u00a0<\/strong><\/p>\n<p style=\"text-align: justify;\">Ora 18:30<\/p>\n<p style=\"text-align: justify;\"><strong>BISERICA SFIN\u021aII APOSTOLI PETRU \u0218I PAVEL RE\u0218I\u021aA<\/strong><\/p>\n<p style=\"text-align: justify;\"><strong>Recital cameral \u2013 ENESCU, IN MEMORIAM &#8211; <em>Laurea\u021bi FISP \u00een concert &#8211;\u00a0<\/em><\/strong><strong>Andrei Mihail RADU \u0219i Bianca M\u0103riuca POPA <\/strong>(vioar\u0103 \u0219i pian)<\/p>\n<p style=\"text-align: justify;\"><strong>Program:<\/strong><\/p>\n<ul style=\"text-align: justify;\">\n<li><strong>Wolfgang Amadeus MOZART \u2013 Sonata pentru pian \u015fi vioar\u0103 \u00een <em>Sol major<\/em>, KV 301<\/strong><\/li>\n<li><strong>Serghei PROKOFIEV &#8211; Sonata pentru vioar\u0103 solo, op. 115<\/strong><\/li>\n<li><strong>Mihail JORA &#8211; Mic\u0103 suit\u0103 pentru violin\u0103 \u015fi pian<\/strong><\/li>\n<li><strong>George ENESCU &#8211; <em>L\u0103utarul<\/em> din Suita <em>Impresii din copil\u0103rie<\/em><\/strong><\/li>\n<li><strong>Antonio BAZZINI &#8211; La ronde des lutins, op. 25<\/strong><strong>\u00a0<\/strong><\/li>\n<\/ul>\n<p style=\"text-align: justify;\">Pianista <strong>M\u0103riuca Bianca POPA<\/strong> este laureat\u0103 cu Premiul I la Festivalul Interna\u021bional Sabin PAUTZA edi\u021biile 2014-2015, la sec\u021biunile pian solo \u0219i pian la patru m\u00e2ini. Absolvent\u0103 a Colegiului Na\u021bional de Arte \u00a0<em>Dinu Lipatti<\/em> din Bucure\u0219ti, actualmente este student\u0103, \u00een anul I, a Universit\u0103\u021bii Na\u021bionale de Muzic\u0103 din Bucure\u0219ti, la clasa de pian a prof. univ. dr. Dana BOR\u0218AN \u0219i cea de muzic\u0103 de camer\u0103 a conf. univ. dr. Manuela GIOSA. Activitatea competi\u021bional\u0103 a tinerei pianiste cuprinde urm\u0103toarele distinc\u021bii: Premiul II Concursul Na\u0163ional de Interpretare <em>\u015etefania \u015fi Dan Cump\u0103t\u0103<\/em> Bucure\u015fti 2013, Premiul III Concursul Na\u0163ional de Interpretare <em>Brave Claviaturi<\/em> Bucure\u015fti 2013, Men\u0163iune la Concursul Na\u0163ional de Interpretare pianistic\u0103 <em>Ada Ulubeanu<\/em> Bucure\u015fti. Sub \u00eendrumarea doamnei profesoare Corina R\u0102DUCANU a desf\u0103\u0219urat o activitate muzical\u0103 intens\u0103 ce cuprinde concerte \u0219i recitaluri la Ateneul Rom\u00e2n, Muzeul Na\u021bional <em>George Enescu<\/em> Bucure\u0219ti, Pia\u021ba Festivalului <em>George Enescu<\/em>, Universitatea Na\u021bional\u0103 de Muzic\u0103 Bucure\u0219ti, Centrul Cultural <em>Aurel Stroe<\/em> Bu\u0219teni, Colegiul Na\u021bional de Arte <em>Octav B\u0103ncil\u0103<\/em> Ia\u0219i, Colegiul Na\u021bional de Arte <em>Regina Maria<\/em> Constan\u021ba, Centrul Cultural Arcu\u0219, Centrul Cultural Covasna, Parohia <em>Sf. Nicolae<\/em> C\u00e2mpina, Liceul\u00a0 de Art\u0103 <em>B\u0103la\u0219a Doamna<\/em> T\u00e2rgovi\u0219te, Colegiul Na\u021bional de Muzic\u0103 <em>George Enescu<\/em> Bucure\u0219ti, Colegiul Na\u021bional de Arte <em>Dinu Lipatti<\/em> Bucure\u0219ti.<\/p>\n<p style=\"text-align: justify;\">Violonistul <strong>Andrei Mihail RADU<\/strong> este student \u00een anul I la Universitatea Na\u021bional\u0103 de Muzic\u0103 din Bucure\u0219ti, la clasa de vioar\u0103 a conf. univ. dr. Ladislau CSENDES \u0219i cea de muzic\u0103 de camera a conf. univ. dr. Manuel GIOSA. Este absolvent al Liceului de Arte <em>B\u0103la\u0219a Doamna<\/em> din T\u00e2rgovi\u0219te (clasa prof. Dan Florian ZAHARIA). Este laureat cu Premiul I \u0219i <em>Trofeul Mozart<\/em> la Concursul Na\u021bional <em>Wolfgang Amadeus Mozart<\/em> T\u00e2rgovi\u0219te (2014), Premiul I la Olimpiada Na\u021bional\u0103 de Interpretare Instrumental\u0103 Alba Iulia (2013), Premiul I la Concursul Na\u021bional <em>Paul Constantinescu<\/em> Ploie\u0219ti (2013), Premiul I \u0219i Premiul Special la Concursul Interna\u021bional <em>Cornelia Bronzetti <\/em>C\u00e2mpina (2012), Premiul III la Concursul Interna\u021bional <em>Remember Enescu<\/em> Sinaia (2011), Premiul I la Concursul Na\u021bional <em>Margareta Sterian <\/em>Buz\u0103u (2011), Premiul II la Concursul International <em>Premio Citta di Padova<\/em> (2009). Activitatea concertistic\u0103 cuprinde recitaluri pe scena Ateneului Rom\u00e2n, \u00een Pia\u021ba Festivalului Interna\u021bional <em>George Enescu<\/em>, Parohia <em>Sf. Nicolae<\/em> C\u00e2mpina, Liceul de Arte <em>B\u0103la\u0219a Doamna<\/em> T\u00e2rgovi\u0219te \u0219i \u00een numeroase concerte organizate de Funda\u021bia <em>Remember Enescu<\/em> (Bucure\u0219ti, Ploie\u0219ti, T\u00e2rgovi\u0219te).<\/p>\n<p style=\"text-align: justify;\"><strong>Vineri, 6 mai 2016<\/strong><strong>\u00a0<\/strong><\/p>\n<p style=\"text-align: justify;\">Ora 11:00<\/p>\n<p style=\"text-align: justify;\"><strong>UNIVERSITATEA EFTIMIE MURGU RE\u0218I\u021aA, Aula MAGNA<\/strong><\/p>\n<p style=\"text-align: justify;\"><strong>Concert coral <em>SABIN PAUTZA \u0218I COPIII<\/em><\/strong><strong>\u00a0<\/strong><\/p>\n<p style=\"text-align: justify;\"><strong>Corul ALLEGRETTO al Liceului de Arte <em>Sabin P\u0103u\u021ba<\/em> Re\u0219i\u021ba &#8211;\u00a0<\/strong><strong>Dirijor: Emanuela MOLDOVAN<\/strong><\/p>\n<p style=\"text-align: justify;\"><strong>Corul POCOAPOCO al Liceului de Arte <em>Sabin P\u0103u\u021ba<\/em> Re\u0219i\u021ba &#8211;\u00a0<\/strong><strong>Dirijor: Adelina BILAN<\/strong><\/p>\n<p style=\"text-align: justify;\"><strong>Corul STELU\u021aE al \u0218colii Gimnaziale 2 Re\u0219i\u021ba &#8211;\u00a0<\/strong><strong>Dirijor: Mariana BREBENARIU<\/strong><strong>\u00a0<\/strong><\/p>\n<p style=\"text-align: justify;\"><strong>Program:<\/strong><\/p>\n<p style=\"text-align: justify;\"><strong>Corul ALLEGRETTO<\/strong><strong>\u00a0<\/strong><\/p>\n<ul style=\"text-align: justify;\">\n<li><strong>Felix MENDELSSOHN-BARTHOLDY &#8211; \u00a0<em>Hebe deine Augen auf<\/em><\/strong><\/li>\n<li><strong>Kurt BIKKEMBERGS<\/strong><strong> &#8211; <\/strong><strong><em>Fiddle-de-dee<\/em><\/strong><\/li>\n<li><strong>Tomas Luis De VICTORIA\/Sabin PAUTZA &#8211; <em>Ave Maria<\/em><\/strong><\/li>\n<li><strong>Sabin PAUTZA &#8211; <em>Pacea lumii<\/em><\/strong><strong>\u00a0<\/strong><\/li>\n<\/ul>\n<p style=\"text-align: justify;\"><strong>Corul POCOAPOCOCO<\/strong><\/p>\n<ul style=\"text-align: justify;\">\n<li><strong>Rodica GIURGIU \u2013 <em>9 C\u00e2ntece pentru copii<\/em><\/strong><strong>\u00a0<\/strong><\/li>\n<\/ul>\n<p style=\"text-align: justify;\"><strong>Corul STELU\u021aE<\/strong><\/p>\n<ul style=\"text-align: justify;\">\n<li><strong>Traian P\u0102CURARU &#8211; <em>Trenule\u021bul musical, Num\u0103r\u0103toarea<\/em> \u00a0 \u00a0 \u00a0 \u00a0 \u00a0<\/strong><\/li>\n<li><strong>Felicia DONCEANU &#8211; <em>Mingea, Pic\u0103 pic\u0103turi<\/em><\/strong><\/li>\n<\/ul>\n<p style=\"text-align: justify;\"><strong><em>\u00a0\u00a0\u00a0\u00a0\u00a0\u00a0 \u00a0\u00a0\u00a0\u00a0\u00a0\u00a0\u00a0\u00a0\u00a0\u00a0\u00a0\u00a0\u00a0\u00a0\u00a0\u00a0\u00a0\u00a0\u00a0\u00a0\u00a0\u00a0\u00a0\u00a0\u00a0\u00a0\u00a0\u00a0\u00a0\u00a0\u00a0\u00a0\u00a0\u00a0\u00a0\u00a0\u00a0\u00a0\u00a0\u00a0\u00a0\u00a0\u00a0Din, don, campana \u00a0 \u00a0<\/em><\/strong><\/p>\n<ul style=\"text-align: justify;\">\n<li><strong>Rodica GIURGIU &#8211; <em>C\u00e2ntece pentru copii<\/em><\/strong><\/li>\n<li><strong>Alexandru FILIP &#8211; <em>Prim\u0103var\u0103, floare rar\u0103<\/em><\/strong><strong>\u00a0<\/strong><\/li>\n<\/ul>\n<p style=\"text-align: justify;\"><strong>Corul ALLEGRETTO<\/strong> este format din\u00a0 elevi de gimnaziu\u00a0ai Liceului de Arte <em>Sabin P\u0103u\u021ba<\/em> Re\u0219i\u021ba. Preg\u0103tit de o echip\u0103 sprijinit\u0103 de maestrul Sabin PAUTZA \u0219i format\u0103 din dirijor &#8211; prof. Emanuela MOLDOVAN, dirijor asistent &#8211; prof. Adelina BILAN, corepetitor &#8211; prof. Cristian RO\u0218OAG\u0102, activit\u0103\u0163i de secretariat &#8211; prof. Diana SZUIOGAN, corul re\u0219i\u021bean s-a impus \u00een fa\u021ba corurilor liceelor voca\u021bionale din Rom\u00e2nia ob\u021bin\u00e2nd Premiul II la Olimpiada Na\u021bional\u0103 de Muzic\u0103 2016 \u0219i Premiului\u00a0I\u00a0 la Concursului Na\u0163ional Coral din anul 2014.<\/p>\n<p style=\"text-align: justify;\"><strong>Emanuela MOLDOVAN<\/strong> este absolvent\u0103 a Liceului de Muzic\u0103\u00a0<em>Ion Vidu<\/em>\u00a0din Timi\u015foara (1996), licen\u0163iat\u0103 a Facult\u0103\u021bii de Muzic\u0103 din cadrul Universit\u0103\u021bii de Vest din Timi\u015foara (2001), fondator \u0219i dirijor al mai multor ansambluri corale (Corul de Studen\u021bi Timi\u0219oreni, Corul mixt al Bisericii Baptiste <em>Speran\u0163a<\/em>\u00a0 Re\u015fi\u0163a, Corul de Camer\u0103 <em>Armonia<\/em>) al\u0103turi de care sus\u021bine concerte \u00een localit\u0103\u0163i din vestul \u0163\u0103rii (Arad, Deva, Lugoj, Oradea, Re\u015fi\u0163a, Timi\u015foara). \u00cen prezent este dirijor al Corului ALLEGRETTO \u0219i profesor titular la catedrele de vioar\u0103, ansamblu coral, teorie \u015fi solfegiu de la Liceul de Arte <em>Sabin P\u0103u\u021ba<\/em>\u00a0Re\u0219i\u021ba.<strong>\u00a0<\/strong><\/p>\n<p style=\"text-align: justify;\"><strong>Corul POCOAPOCO <\/strong>a luat na\u0219tere \u00een urm\u0103 cu 2 ani \u0219i este format din elevi ai claselor primare ai Liceului de Arte <em>Sabin P\u0103u\u021ba<\/em>. Corul a concertat p\u00e2n\u0103 \u00een prezent \u00een cadrul festivalurilor locale \u0219i pe scena Liceului de Arte <em>Sabin P\u0103u\u021ba<\/em> cu ocazia mai multor evenimente artistice.<strong>\u00a0<\/strong><\/p>\n<p style=\"text-align: justify;\"><strong>Adelina BILAN <\/strong>este absolvent\u0103 a Liceului de Arte <em>Sabin P\u0103u\u021ba<\/em> \u0219i a Facult\u0103\u021bii de Muzic\u0103 din cadrul Universit\u0103\u021bii de Vest Timi\u0219oara, unde \u0219i-a continuat studiile universitare \u0219i cele de master. \u00cen prezent este profesor de muzic\u0103 la catedra de Teorie\/Solfegiu\/Dictat din cadrul Liceului de Arte <em>Sabin P\u0103u\u021ba<\/em> Re\u0219i\u021ba.<\/p>\n<p style=\"text-align: justify;\"><strong>Corul STELU\u021aE<\/strong> s-a format \u00een anul 2002 din elevi ai ciclului primar ai \u0218colii Gimnaziale Nr. 2 Re\u0219i\u021ba, sub \u00eendrumarea doamnei Mariana BREBENARIU. \u00cenc\u0103 de la \u00eenfiin\u021bare corul este invitat \u00een Festivalurile corale <em>In memoriam Lia Ponoran<\/em>, Festivalului Interna\u021bional<em> Timotei Popovici <\/em>Caransebe\u0219, Festivalul <em>Hristos se na\u0219te<\/em>, Festivalul <em>Florile Dalbe<\/em>, Festivalul de colinde T\u00e2rnova \u0219i <em>Alaiul colind\u0103torilor<\/em> organizat de Protopopiatul Re\u0219i\u021ba. \u00cen palmaresul corului intr\u0103 Premiul I CUM LAUDE la Festivalului Interna\u021bional pentru Copii \u0219i Tineret din Neerpelt, Belgia (2012), Premiul III la Festivalul Interna\u021bional pentru Copii \u0219i Tineret din Neerpelt, Belgia (2006, 2008) \u0219i Diploma de bronz\u00a0 la Festivalul coral <em>HEART OF EUROPE<\/em> din Gelnhausen, Germania. Corul STELU\u021aE este prezent pe CD-urile celei de a XX-a \u0219i a XXV-a edi\u021bii a Festivalului Interna\u021bional <em>Timotei Popovici<\/em> \u0219i pe CD-ul cu cele mai bune impresii din festivalul din Gelnhausen, Germania. Evolu\u021bia artistic\u0103 a corului a fost influen\u021bat\u0103 de\u00a0 permanenta\u00a0 colaborare cu domnul prof. univ. dr. Dumitru JOMPAN \u0219i, \u00een calitate de compozitor al unor piese din repertoriu, de doamna conf. dr. Rodica GIURGIU. O constant\u0103 \u00een activitatea corului este profesoara de pian Lucia GHILEA.<\/p>\n<p style=\"text-align: justify;\"><strong><u>DESCHIDEREA CELEI DE A III-A EDI\u021aII A CONCURSULUI INTERNA\u021aIONAL DE INTERPRETARE PIANISTIC\u0102 \u0218I COMPOZI\u021aIE SABIN PAUTZA<\/u><\/strong><\/p>\n<p style=\"text-align: justify;\">Ora 18:30<\/p>\n<p style=\"text-align: justify;\"><strong>LICEUL DE ARTE SABIN P\u0102U\u021aA Re\u0219i\u021ba, Sala LIRA<\/strong><\/p>\n<p style=\"text-align: justify;\"><strong>Vernisajul expozi\u021biei<\/strong> <strong><em>MUZICIENI \u00ceN ARHIVA C.N.S.A.S. (MNGE) &#8211;\u00a0<\/em><\/strong><strong>Expozi\u021bie<\/strong> <strong>realizat\u0103 \u0219i prezentat\u0103 de Ioana Raluca VOICU-ARN\u0102U\u021aOIU (Anglia)<\/strong><\/p>\n<p style=\"text-align: justify;\">De\u0219i s-au publicat numeroase c\u0103r\u021bi \u0219i studii biografice despre marile nume ale muzicii rom\u00e2ne\u0219ti, o serie de evenimente din via\u021ba lor, evenimente care le-au marcat existen\u021ba \u0219i f\u0103r\u0103 \u00eendoial\u0103 crea\u021bia, r\u0103m\u00e2n necunoscute. George Enescu, Mihail Jora, Paul Constantinescu, Constantin Silvestri, Mihail Andricu, George Georgescu, M\u00e2ndru Katz \u0219i Dinu Lipatti sunt numele asupra c\u0103rora s-a aplecat cercetarea documentar\u0103 \u00eentreprins\u0103 de Ioana Raluca VOICU-ARN\u0102U\u021aOIU, autoarea expozi\u021biei, pentru c\u0103 fiecare dintre ei, \u00een perioada de instaurare \u0219i consolidare a regimului comunist (1945-1965), a devenit \u201eun caz\u201d atent urm\u0103rit de autorit\u0103\u021bi. Pentru prima dat\u0103 vor fi aduse \u00een fa\u0163a publicului documente (note, rapoarte, hot\u0103r\u00e2ri, scrisori, fotografii de filaj etc.), \u00eenso\u021bite de fotografii, p\u00e2n\u0103 acum necunoscute, care provin din Fondul George Breazul aflat \u00een biblioteca Uniunii Compozitorilor \u0219i Muzicologilor din Rom\u00e2nia \u0219i din arhiva Muzeului Na\u021bional <em>George Enescu<\/em>, al\u0103turi de o serie de documente p\u0103strate \u00een dosarele fostei Securit\u0103\u021bi \u0219i aflate acum \u00een arhiva C.N.S.A.S.. Bogatul fond foto-documentar este judicios folosit de designerul expozi\u021biei, Oana CARIANOPOL, pentru a sublinia anumite tr\u0103s\u0103turi ale personalit\u0103\u021bilor aduse \u00een prim plan \u0219i a configura cadrele generale pe care au fost etalate documentele. (text MNGE).<\/p>\n<p style=\"text-align: justify;\"><strong>Ioana Raluca VOICU ARN\u0102U\u021aOIU <\/strong>a studiat vioara la Conservatorul din Bucure\u015fti \u015fi, \u00eentre anii 1990-1991, a fost bursier\u0103 a Statului Italian la Cursul special de perfec\u0163ionare al Conservatorului din Fiesole. \u00cen perioada 1982-2000 a fost violonist\u0103 \u00een Orchestra Filarmonicii George Enescu din Bucure\u015fti. \u00cen anul 2004 a ob\u0163inut titlul de doctor \u00een muzic\u0103. A sus\u0163inut zeci de concerte \u00een Bucure\u015fti (organizate de Filarmonica George Enescu, Institutul Polonez, Institutul Goethe, Institutul Francez, Ambasada Germaniei, Institutul Maghiar \u0219.a.), \u00een ora\u015fe din \u0163ar\u0103 \u015fi \u00een str\u0103in\u0103tate (Austria, Italia, Germania). De asemenea, a participat la emisiuni radio \u015fi TV (Serata muzical\u0103, TVR Interna\u0163ional), a f\u0103cut \u00eenregistr\u0103ri pentru Radio Romania \u015fi a participat la festivaluri \u00een Rom\u00e2nia (Festivalul British Days Bucure\u0219ti, Festivalul de Muzic\u0103 de camer\u0103 de la Bra\u015fov) \u015fi\u00a0 Italia (Roma, San Giorgio, Fermo). A fost conferen\u0163iar \u0219i \u0219ef de disciplin\u0103 la catedra de muzic\u0103 de camer\u0103 a Universit\u0103\u021bii Na\u0163ionale de Muzic\u0103 din Bucure\u015fti p\u00e2n\u0103 \u00een anul 2015. Este preocupat\u0103 de istoria recent\u0103 a Rom\u00e2niei, a publicat articolele despre compozitorii Mihail Jora, Paul Constantinescu \u00een revista \u201e22\u201d, Muzica, Musicology today, Actualitatea muzical\u0103, Melos, Memoria \u015fi c\u0103r\u0163i de documente aduc\u00e2nd \u00een aten\u0163ia cititorilor documente inedite din Arhiva C.N.S.A.S.. A fost premiat\u0103 \u00een 1998 cu Premiul Salonului Na\u0163ional de Carte. A publicat articole \u0219i studii, precum \u015fi c\u0103r\u0163ile de documente Toma Arn\u0103u\u0163oiu \u2013 Grupul de la Nuc\u015foara (2009), Muzicieni rom\u00e2ni &#8211; biografii ascunse \u00een arhive (2011), Sergiu Celibidache privit prin cortina de fier (2012), Constantin Silvestri \u2013 biografie necunoscut\u0103 (2013), Sonatele pentru vioar\u0103 \u0219i pian de Bela Bartok \u2013 repere de analiz\u0103 (2013). \u00cen prezent este membr\u0103 a Wandsworth Symphony Orchestra (Londra).<\/p>\n<p style=\"text-align: justify;\">Ora 19:00<\/p>\n<p style=\"text-align: justify;\"><strong>LICEUL DE ARTE SABIN P\u0102U\u021aA Re\u0219i\u021ba, Sala LIRA<\/strong><\/p>\n<p style=\"text-align: justify;\"><strong>DOUBLE BASS QUARTET &#8211;\u00a0<\/strong><strong>Eduard AILENEI, Andrei GHILEA, Andrei NI\u021aICA, Gabriel SEPICI<\/strong><strong>\u00a0<\/strong><\/p>\n<p style=\"text-align: justify;\"><strong>Program:<\/strong><\/p>\n<ul style=\"text-align: justify;\">\n<li><strong>Sabin PAUTZA \u2013 Suit\u0103 pentru cvartet de contrabas (Preludio, Rag-Time, Charleston)<\/strong><strong>\u00a0<\/strong><\/li>\n<\/ul>\n<p style=\"text-align: justify;\"><strong>Eduard Gentile AILENEI <\/strong>este absolvent al Liceului de Arte <em>Sabin P\u0103u\u021ba<\/em> Re\u015fi\u0163a \u0219i licen\u021biat al Academiei <em>Gheorghe Dima<\/em> din Cluj-Napoca. A studiat armonie, forme \u0219i stilistic\u0103 muzical\u0103 cu maestrul Sabin PAUTZA. A fost colaborator \u00een orchestra Facult\u0103\u0163ii de Muzic\u0103 din Timi\u015foara sub bagheta maestrului Sabin PAUTZA \u0219i \u00een cadrul Festivalului Interna\u021bional <em>Bass Weeks<\/em> Bucure\u015fti.<\/p>\n<p style=\"text-align: justify;\"><strong>Andrei GHILEA<\/strong> este absolvent al Liceului de Arte <em>Sabin P\u0103u\u021ba<\/em> Re\u015fi\u0163a, clasa prof. Eduard Gentile AILENEI, sec\u0163ia contrabas. \u00cen prezent este student al Academiei <em>Gheorghe Dima<\/em> din Cluj-Napoca, membru activ \u00een <em>Bigg Dimma Band<\/em> al Academiei de Muzic\u0103 al\u0103turi de care a participat \u00een anul 2014 la <em>Rom\u00e2nii au talent<\/em>. Activeaz\u0103 \u00een forma\u021bia artistului Mihail ca basist, \u00eempreun\u0103 \u00eenregistr\u00e2nd piesa <em>M\u0103 ucide ea<\/em>. Al\u0103turi de acela\u015fi artist particip\u0103 la Gala premiilor Radio Rom\u00e2nia 2016, la Sala Radio din Bucure\u015fti.<\/p>\n<p style=\"text-align: justify;\"><strong>Andrei George NI\u021aIC\u0102<\/strong> este absolvent al Liceului de Arte <em>Sabin P\u0103u\u021ba<\/em> Re\u015fi\u0163a, clasa de contrabas a prof. Eduard Gentile AILENEI \u0219i licen\u0163iat al Universit\u0103\u0163ii Na\u021bionale de Muzic\u0103 Bucure\u0219ti. Din anul 2009 este membru al Orchestrei Rom\u00e2ne de Tineret, colaborator al Filarmonicii <em>George Enescu<\/em> din Bucure\u015fti. membru fondator al orchestrei Camerata Regal\u0103 \u015fi actualmente angajat al Orchestrei Na\u0163ionale Radio.<\/p>\n<p style=\"text-align: justify;\"><strong>Gabriel SEPICI<\/strong> este absolvent al Liceului de Arte Sabin <em>P\u0103u\u021ba Re\u015fi\u0163a<\/em>, clasa de contrabas a prof. Eduard Gentile AILENEI. \u00cen anul 2009 este remarcat de prof. \u015etefan THOMAS de la Universitate Na\u021bional\u0103 de Muzic\u0103 din Bucure\u015fti, \u00een timpul Olimpiadei Na\u0163ionale, iar \u00een anul 2010 este propus s\u0103 participe ca instrumentist \u00een Orchestra <em>Simfonieta junior<\/em> dirijat\u0103 de maestrul Horia ANDREESCU. \u00cen perioada liceului ob\u0163ine numeroase distinc\u0163ii \u015fi premii la concursuri na\u0163ionale \u015fi interna\u0163ionale dintre care amintim Premiul I la Concursul <em>Timotei Popovici<\/em> Sibiu \u015fi Men\u0163iune la Olimpiada Na\u0163ional\u0103. Actualmente este student la Academia <em>Gheorghe Dima<\/em> din Cluj-Napoca.<\/p>\n<p style=\"text-align: justify;\"><strong>Prezentarea juriului Concursului Interna\u021bional de Interpretare Pianistic\u0103 \u0219i Compozi\u021bie SABIN PAUTZA 2016<\/strong><strong>\u00a0<\/strong><\/p>\n<p style=\"text-align: justify;\">Prof. univ. dr. Sabin PAUTZA \u2013 Pre\u0219edinte onorific, compozitor, dirijor<\/p>\n<p style=\"text-align: justify;\">Prof. univ. dr. Daniel GOI\u021aI &#8211; Academia de Muzic\u0103 <em>Gheorghe Dima <\/em>Cluj-Napoca, pianist concertist<\/p>\n<p style=\"text-align: justify;\">Conf. univ. dr. Sorin DOGARIU \u2013 Universitatea de Vest Timi\u0219oara, pianist concertist<\/p>\n<p style=\"text-align: justify;\">Conf. univ. dr. Ioana Raluca VOICU-ARN\u0102U\u021aOIU \u2013 Marea Britanie<\/p>\n<p style=\"text-align: justify;\">Lector univ. dr. Rodica MARCOVICI \u2013 Universitatea <em>Lucian Blaga<\/em> Sibiu, pianist concertist<\/p>\n<p style=\"text-align: justify;\">Prof. dr. Eugen DUMITRESCU \u2013 pianist concertist<\/p>\n<p style=\"text-align: justify;\">Prof. Ani\u021ba STR\u00c2MBU \u2013 director Liceul de Arte <em>Sabin P\u0103u\u021ba<\/em> Re\u0219i\u021ba<strong>\u00a0<\/strong><\/p>\n<p style=\"text-align: justify;\">\u00a0<strong>CONCERT EXTRAORDINAR \u2013 <em>SABIN PAUTZA \u0218I MUZICA LUMII<\/em><\/strong><\/p>\n<p style=\"text-align: justify;\"><strong>Grupul Vocal CANTICUM BUCHAREST &#8211;\u00a0<\/strong><strong>Dirijor: R\u0103zvan R\u0102DOS<\/strong><strong>\u00a0<\/strong><\/p>\n<p style=\"text-align: justify;\"><strong>\u00cen program:<\/strong><\/p>\n<p style=\"text-align: justify;\"><strong>Sabin PAUTZA, Gheorghe DANGA, Gavriil MUSICESCU, Liviu BORLAN, Gheorghe BAZAVAN, Nicola URSU, Nicolae LUNGU, Victor STOICA<\/strong>.<strong>\u00a0<\/strong><\/p>\n<p style=\"text-align: justify;\">Grupul Vocal <strong>CANTICUM BUCHAREST<\/strong> a debutat pe scena Universit\u0103\u021bii Na\u021bionale de Muzic\u0103 din Bucure\u0219ti \u00een prim\u0103vara anului 2015 printr-un concert dedicat memoriei compozitorului Paul CONSTANTINESCU, \u00een cadrul stagiunii cu acela\u0219i nume organizat\u0103 de c\u0103tre Asocia\u021bia Na\u021bional\u0103 Coral\u0103 din Rom\u00e2nia. Evenimentul s-a bucurat de un succes deosebit, iar CANTICUM BUCHAREST a ob\u021binut \u00eenc\u0103 de la prima sa apari\u021bie aprecierile publicului meloman \u0219i ale elitei muzicale bucure\u0219tene. Tinerii muzicieni, al\u0103turi de dirijorul R\u0103zvan R\u0102DOS, \u00ee\u0219i propun s\u0103 contribuie la promovarea genului coral \u00een r\u00e2ndul publicului t\u00e2n\u0103r prin abordarea unui repertoriu inspirat din muzicile religioase, tradi\u021bionale, folclorice, gospel, pop \u0219i jazz.<\/p>\n<p style=\"text-align: justify;\">Dirijorul <strong>R\u0103zvan R\u0102DOS<\/strong> s-a n\u0103scut \u00een \u021ainutul P\u0103durenilor \u2013 Hunedoara, \u00een 3 aprilie 1990. A fondat \u0219i condus diverse forma\u021bii corale din Rom\u00e2nia, colabor\u00e2nd permanent cu coruri de amatori sau profesioni\u0219ti dintre care amintim Corul <em>Vosglas<\/em> Deva (dirijor fondator), Corul Na\u021bional de Camer\u0103 <em>Madrigal<\/em> \u2013 Marin CONSTANTIN Bucure\u0219ti, Corul <em>Orfeu<\/em> Deva, Corul <em>Anastasis<\/em> Deva, Corul <em>Passiones<\/em> Bucure\u0219ti, Corul <em>Magnus<\/em> Bucure\u0219ti (dirijor fondator), Corul de Camer\u0103 <em>Preludiu<\/em> Bucure\u0219ti. A primit <em>distinc\u021bia Dirijor de Onoare<\/em> din partea Corului <em>Vox Medicalis<\/em> \u0219i este Dirijor Fondator al Corului Regal. Al\u0103turi de Grupul CANTICUM BUCHAREST, R\u0103zvan R\u0102DOS \u00ee\u0219i propune explorarea muzicilor vocale mai pu\u021bin cunoscute \u0219i aducerea acestora \u00een aten\u021bia publicului prin concep\u021bii interpretative \u0219i scenice inedite.<strong>\u00a0<\/strong><\/p>\n<p style=\"text-align: justify;\"><strong>S\u00e2mb\u0103t\u0103, 7 mai 2016<\/strong><\/p>\n<p style=\"text-align: justify;\">Ora 09:00-20:00<\/p>\n<p style=\"text-align: justify;\"><strong>LICEUL DE ARTE SABIN P\u0102U\u021aA Re\u0219i\u021ba, Sala LIRA<\/strong><\/p>\n<p style=\"text-align: justify;\"><strong>Concurs de pian<\/strong><\/p>\n<p style=\"text-align: justify;\"><strong>Concurs de compozi\u021bie<\/strong><strong>\u00a0<\/strong><\/p>\n<p style=\"text-align: justify;\"><strong>Duminic\u0103, 8 mai 2016<\/strong><\/p>\n<p style=\"text-align: justify;\">Ora 09:00-13:00<\/p>\n<p style=\"text-align: justify;\"><strong>LICEUL DE ARTE SABIN P\u0102U\u021aA Re\u0219i\u021ba, Sala LIRA<\/strong><\/p>\n<p style=\"text-align: justify;\"><strong>Concurs de pian<\/strong><\/p>\n<p style=\"text-align: justify;\">Ora 18:00<\/p>\n<p style=\"text-align: justify;\"><strong>LICEUL DE ARTE SABIN P\u0102U\u021aA Re\u0219i\u021ba, Sala LIRA<\/strong><\/p>\n<p style=\"text-align: justify;\"><strong>Finala Concursului de Interpretare Pianistic\u0103<\/strong><\/p>\n<p style=\"text-align: justify;\"><strong>Gala laurea\u021bilor Concursului Interna\u021bional de Interpretare Pianistic\u0103 \u0219i Compozi\u021bie SABIN PAUTZA 2016<\/strong><\/p>\n<p style=\"text-align: justify;\"><strong>CONCERT EXTRAORDINAR<\/strong><\/p>\n<p style=\"text-align: justify;\"><strong>NOUA ORCHESTR\u0102 TRANSILVAN\u0102<\/strong><\/p>\n<p style=\"text-align: justify;\"><strong>Dirijor: Sabin PAUTZA<\/strong><\/p>\n<p style=\"text-align: justify;\"><strong>Solist: Daniel GOI\u021aI<\/strong><strong>\u00a0<\/strong><\/p>\n<p style=\"text-align: justify;\"><strong>Program:<\/strong><\/p>\n<ul style=\"text-align: justify;\">\n<li><strong>Ludwig van BEETHOVEN \u2013 Concertul pentru pian \u0219i orchestr\u0103 op. 15 nr.1, \u00een Do major<\/strong><strong>\u00a0<\/strong><\/li>\n<\/ul>\n<p style=\"text-align: justify;\">Pianistul<strong> Daniel GOI\u021aI\u00a0<\/strong>s-a n\u0103scut \u00een anul 1968, la Re\u0219i\u021ba. A studiat pianul la Liceul de Muzic\u0103, apoi la Conservatorul <em>Gheorghe Dima<\/em> din Cluj-Napoca, cu profesoara Ninuca O\u0218ANU POP. Dup\u0103 1990 a devenit titular al catedrei de pian la Academia de Muzic\u0103 <em>Gheorghe Dima<\/em> din Cluj-Napoca, \u00een prezent fiind prof. univ. dr. al prestigioasei institu\u021bii. \u00cen 1994 s-a perfec\u0163ionat la Hochschule der K\u00fcnste din Berlin, cu profesorul Georg SAVA. Daniel GOI\u021aI a c\u00e2\u015ftigat numeroase distinc\u0163ii na\u0163ionale \u015fi interna\u0163ionale: Premiul I la Concursul Interna\u0163ional <em>Arthur Schnabel<\/em> Berlin, Premiul I la Concursul Interna\u0163ional<em> George Enescu<\/em> Bucure\u015fti (1991), Premiul I \u015fi Premiul special al Uniunii Compozitorilor \u015fi Muzicologilor din Rom\u00e2nia, Premiul I la Concursul <em>Gheorghe Dima<\/em> Cluj-Napoca, finalist la Concursul <em>Felix Mendelssoh-Bartholdy <\/em>Berlin (1992). A concertat \u015fi a sus\u0163inut recitaluri \u00een SUA, Germania, Japonia, Marea Britanie, Fran\u0163a, Israel, Austria, Moldova, Grecia \u015fi Ungaria. Daniel GOI\u021aI a predat cursuri de master la University of Alabama Tooscalousa (SUA), fiind distins cu titlul de Visiting Artist-Teacher. Pianistul este invitat adesea \u00een juriul unor concursuri de pian din Rom\u00e2nia \u015fi Republica Moldova. A realizat numeroase \u00eenregistr\u0103ri (concertele de Ludwig van Beethoven, Serghei Rahmaninov, Felix Mendelssohn-Bartholdy, lucr\u0103ri de Franz Liszt, Alexander Skriabin, Maurice Ravel \u015fi George Enescu). \u00cen anul 2003 a fost nominalizat pentru premiile <em>Prometeus<\/em>.<\/p>\n<p style=\"text-align: justify;\"><strong>NOUA ORCHESTR\u0102 TRANSILVAN\u0102<\/strong> a \u00eemplinit 15 ani de existen\u0163\u0103 \u00een anul 2014. Ansamblul orchestral a luat fiin\u021b\u0103 la ini\u021biativa domnului Gavril \u021a\u0102RMURE, director la acea vreme al Funda\u021biei Societatea de Concerte Bistri\u021ba. Dirijorul permanent al orchestrei este Romeo R\u00ceMBU. \u00cen numeroasele concerte sus\u021binute orchestra a avut ocazia s\u0103 se afle sub bagheta unor dirijori de marc\u0103 din Rom\u00e2nia, Europa \u015fi Japonia. Consiliul Jude\u0163ean Bistri\u0163a-N\u0103s\u0103ud, Consiliul Local Bistri\u0163a, Centrul Jude\u0163ean pentru Cultur\u0103 Bistri\u0163a-N\u0103s\u0103ud, Prim\u0103ria Bistri\u0163a \u015fi Societatea de Concerte din Bistri\u0163a au sus\u021binut de-a lungul timpului NOUA ORCHESTR\u0102 TRANSILVAN\u0102 .<\/p>\n<p style=\"text-align: justify;\"><strong>Organizator:<\/strong><\/p>\n<p style=\"text-align: justify;\">Societatea pentru Cultur\u0103 METARSIS &#8211; activit\u0103\u021bi \u0219i servicii de cultur\u0103 urban\u0103 \u0219i art\u0103 contemporan\u0103.<\/p>\n<p style=\"text-align: justify;\"><strong>Director artistic FISP 2016,\u00a0<\/strong>Corina R\u0102DUCANU\u00a0Asocia\u021bia Klavier ART<\/p>\n<p style=\"text-align: justify;\"><strong>Director FISP 2016 ,\u00a0<\/strong>Lucian DUCA,\u00a0pre\u0219edinte executiv\u00a0Societatea pentru Cultur\u0103 METARSIS<\/p>\n<p style=\"text-align: justify;\"><strong>De aici puteti descarca:<\/strong><\/p>\n<p style=\"text-align: justify;\"><a href=\"http:\/\/metarsis.ro\/transfer\/Partituri FISP\/Regulament FISP ed a III-a 2016.pdf\">Regulamentul Concursului de Interpretare Pianistica si Compozitie SABIN PAUTZA ed III 2016<\/a><\/p>\n<p><a href=\"http:\/\/metarsis.ro\/transfer\/Partituri FISP\/Regulament _en_ FISP ed a III-a 2016.pdf\">3rd\u00a0 INTERNATIONAL PIANO AND COMPOSITION COMPETITION\u00a0SABIN PAUTZA -CONTEST RULES<\/a><\/p>\n<p style=\"text-align: justify;\"><a href=\"http:\/\/metarsis.ro\/transfer\/Partituri FISP\/Fisa inscriere _ro_ FISP 2016.pdf\">Fisa de inscriere in\u00a0Concursul de Interpretare Pianistica si Compozitie SABIN PAUTZA ed III 2016<\/a><\/p>\n<p style=\"text-align: justify;\"><a href=\"http:\/\/metarsis.ro\/transfer\/Partituri FISP\/Fisa inscriere _en_ FISP 2016.pdf\">3rd INTERNATIONAL PIANO AND COMPOSITION COMPETITION\u00a0SABIN PAUTZA &#8211;\u00a0APPLICATION FORM<\/a><\/p>\n","protected":false},"excerpt":{"rendered":"<p>Festivalul Interna\u0163ional SABIN PAUTZA (FISP), un proiect METARSIS ini\u0163iat din pre\u0163uire fa\u0163\u0103 de una dintre valorile de necontestat ale Banatului Montan, ale Rom\u00e2niei \u2013 \u015fi nu numai \u2013 compozitorul \u0219i dirijorul Sabin PAUTZA, prin efortul unit al iubitorilor de muzic\u0103 adevarat\u0103, a ajuns la edi\u021bia a III-a. \u00cen  perioada 04-08 mai 2016 vor avea loc: expozi\u021bii, lansare de CD, concert cameral, recitaluri \u0219i Concursul de Interpretare Pianistic\u0103 \u0219i Compozi\u021bie SABIN PAUTZA.<\/p>\n","protected":false},"author":1,"featured_media":0,"comment_status":"open","ping_status":"open","sticky":false,"template":"","format":"standard","meta":[],"categories":[3],"tags":[280,399,414,422],"_links":{"self":[{"href":"https:\/\/semndecarte.metarsis.ro\/index.php?rest_route=\/wp\/v2\/posts\/9597"}],"collection":[{"href":"https:\/\/semndecarte.metarsis.ro\/index.php?rest_route=\/wp\/v2\/posts"}],"about":[{"href":"https:\/\/semndecarte.metarsis.ro\/index.php?rest_route=\/wp\/v2\/types\/post"}],"author":[{"embeddable":true,"href":"https:\/\/semndecarte.metarsis.ro\/index.php?rest_route=\/wp\/v2\/users\/1"}],"replies":[{"embeddable":true,"href":"https:\/\/semndecarte.metarsis.ro\/index.php?rest_route=%2Fwp%2Fv2%2Fcomments&post=9597"}],"version-history":[{"count":0,"href":"https:\/\/semndecarte.metarsis.ro\/index.php?rest_route=\/wp\/v2\/posts\/9597\/revisions"}],"wp:attachment":[{"href":"https:\/\/semndecarte.metarsis.ro\/index.php?rest_route=%2Fwp%2Fv2%2Fmedia&parent=9597"}],"wp:term":[{"taxonomy":"category","embeddable":true,"href":"https:\/\/semndecarte.metarsis.ro\/index.php?rest_route=%2Fwp%2Fv2%2Fcategories&post=9597"},{"taxonomy":"post_tag","embeddable":true,"href":"https:\/\/semndecarte.metarsis.ro\/index.php?rest_route=%2Fwp%2Fv2%2Ftags&post=9597"}],"curies":[{"name":"wp","href":"https:\/\/api.w.org\/{rel}","templated":true}]}}