{"id":9571,"date":"2016-03-18T20:14:59","date_gmt":"2016-03-18T18:14:59","guid":{"rendered":"http:\/\/semndecarte.metarsis.ro\/?p=9571"},"modified":"2016-03-18T20:14:59","modified_gmt":"2016-03-18T18:14:59","slug":"ora-pamantului-2016","status":"publish","type":"post","link":"https:\/\/semndecarte.metarsis.ro\/?p=9571","title":{"rendered":"ORA PAMANTULUI 2016"},"content":{"rendered":"<p>&nbsp;<\/p>\n<p><strong>Earth Hour 2016<\/strong><\/p>\n<p><iframe width=\"500\" height=\"281\" src=\"https:\/\/www.youtube.com\/embed\/WTuotGlZj60?feature=oembed\" frameborder=\"0\" allowfullscreen><\/iframe><\/p>\n<p style=\"text-align: justify;\">Metarsis- activit\u0103\u021bi \u0219i servicii de cultur\u0103 urban\u0103 \u0219i art\u0103 contemporan\u0103\u00a0 \u0219i Euroland Banat Association v\u0103 invit\u0103 s\u00e2mb\u0103t\u0103, 19 martie 2016, la libr\u0103ria Semn de Carte din Re\u0219i\u021ba, str. Libert\u0103\u021bii 13, unde \u00a0fi marcat\u0103, ca \u00een fiecare an, Ziua P\u0103m\u00e2ntului.<\/p>\n<p style=\"text-align: justify;\">Intr-un gest simbolic, celebr\u00e2nd Earth Hour, Prim\u0103ria Re\u015fi\u0163a va stinge luminile \u00een centrul ora\u015fului. Noi ne vom \u00a0\u00eent\u00e2lni la un jam session \u00een lumina lum\u00e2narilor \u00a0la Libr\u0103ria Semn de carte \u00eempreun\u0103 cu voluntari, iubitori de muzic\u0103 bun\u0103 \u015fi de activit\u0103\u0163i non-formale.<!--more--><\/p>\n<p style=\"text-align: justify;\">Vom stinge, simbolic, luminile \u00eentre orele 20:30- 21:30, al\u0103tur\u00e2ndu-ne celei mai mari mi\u0219c\u0103ri voluntare de mediu din toate timpurile \u00een lupta \u00eempotriva polu\u0103rii de orice fel, din respect fa\u0163\u0103 de Natur\u0103.<\/p>\n<p style=\"text-align: justify;\">Stinge\u021bi \u0219i voi luminile acas\u0103\u00a0 \u00eentre 20:30- 21:30 ar\u0103t\u00e2nd c\u0103 v\u0103 pas\u0103 de aerul pe care-l respir\u0103m, de apa pe care o bem \u0219i de Pam\u00e2ntul pe care tr\u0103im.<\/p>\n","protected":false},"excerpt":{"rendered":"<p>Metarsis- activit\u0103\u021bi \u0219i servicii de cultur\u0103 urban\u0103 \u0219i art\u0103 contemporan\u0103  \u0219i Euroland Banat Association v\u0103 invit\u0103 s\u00e2mb\u0103t\u0103, 19 martie 2016, la libr\u0103ria Semn de Carte din Re\u0219i\u021ba, str. Libert\u0103\u021bii 13, unde  fi marcat\u0103, ca \u00een fiecare an, Ziua P\u0103m\u00e2ntului.<\/p>\n","protected":false},"author":1,"featured_media":0,"comment_status":"open","ping_status":"open","sticky":false,"template":"","format":"standard","meta":[],"categories":[3],"tags":[381],"_links":{"self":[{"href":"https:\/\/semndecarte.metarsis.ro\/index.php?rest_route=\/wp\/v2\/posts\/9571"}],"collection":[{"href":"https:\/\/semndecarte.metarsis.ro\/index.php?rest_route=\/wp\/v2\/posts"}],"about":[{"href":"https:\/\/semndecarte.metarsis.ro\/index.php?rest_route=\/wp\/v2\/types\/post"}],"author":[{"embeddable":true,"href":"https:\/\/semndecarte.metarsis.ro\/index.php?rest_route=\/wp\/v2\/users\/1"}],"replies":[{"embeddable":true,"href":"https:\/\/semndecarte.metarsis.ro\/index.php?rest_route=%2Fwp%2Fv2%2Fcomments&post=9571"}],"version-history":[{"count":0,"href":"https:\/\/semndecarte.metarsis.ro\/index.php?rest_route=\/wp\/v2\/posts\/9571\/revisions"}],"wp:attachment":[{"href":"https:\/\/semndecarte.metarsis.ro\/index.php?rest_route=%2Fwp%2Fv2%2Fmedia&parent=9571"}],"wp:term":[{"taxonomy":"category","embeddable":true,"href":"https:\/\/semndecarte.metarsis.ro\/index.php?rest_route=%2Fwp%2Fv2%2Fcategories&post=9571"},{"taxonomy":"post_tag","embeddable":true,"href":"https:\/\/semndecarte.metarsis.ro\/index.php?rest_route=%2Fwp%2Fv2%2Ftags&post=9571"}],"curies":[{"name":"wp","href":"https:\/\/api.w.org\/{rel}","templated":true}]}}