{"id":9548,"date":"2016-03-07T21:15:14","date_gmt":"2016-03-07T19:15:14","guid":{"rendered":"http:\/\/semndecarte.metarsis.ro\/?p=9548"},"modified":"2016-03-07T21:15:14","modified_gmt":"2016-03-07T19:15:14","slug":"ana-kremm","status":"publish","type":"post","link":"https:\/\/semndecarte.metarsis.ro\/?p=9548","title":{"rendered":"ANA KREMM"},"content":{"rendered":"<p style=\"text-align: justify;\"><strong><a href=\"http:\/\/semndecarte.metarsis.ro\/wp-content\/uploads\/2016\/03\/ana-kremm.jpg\" rel=\"lightbox[9548]\"><img loading=\"lazy\" class=\"alignleft size-full wp-image-9549\" src=\"http:\/\/semndecarte.metarsis.ro\/wp-content\/uploads\/2016\/03\/ana-kremm.jpg\" alt=\"ana kremm\" width=\"519\" height=\"201\" srcset=\"https:\/\/semndecarte.metarsis.ro\/wp-content\/uploads\/2016\/03\/ana-kremm.jpg 519w, https:\/\/semndecarte.metarsis.ro\/wp-content\/uploads\/2016\/03\/ana-kremm-160x62.jpg 160w, https:\/\/semndecarte.metarsis.ro\/wp-content\/uploads\/2016\/03\/ana-kremm-163x63.jpg 163w\" sizes=\"(max-width: 519px) 100vw, 519px\" \/><\/a>Pescuitorul de metafore \u00een \u201eOra\u0219ul cu poe\u021bi\u201d<\/strong><\/p>\n<p style=\"text-align: justify;\">Miercuri, 9 martie 2016, orele 17:30, la libr\u0103ria Semn de Carte din Re\u0219i\u021ba, str. Libert\u0103\u021bii 13, vom \u201cpescui metafore\u201d \u00eempreun\u0103 cu Ana KREMM. Nu \u00eentampl\u0103tor, \u00een prejma S\u0103rbatorii Femeii- creatoare de via\u021b\u0103- \u00eentr-un gest profund de iubire amestecat\u0103 cu duio\u015fie fa\u0163\u0103 de femeia- mam\u0103, femeia- so\u021bie, femeia- fiin\u021b\u0103 sublim\u0103,\u00a0din respect pentru femeia- poet, femeia- creator de valori, v\u0103 vom d\u0103rui vibra\u021bie liric\u0103 \u00eentr-un exerci\u021biu de cultur\u0103 urban\u0103 cuprins \u00een seria de evenimente sub genericul \u00a0\u201eOra\u0219ul cu poe\u021bi\u201d.<\/p>\n<p style=\"text-align: justify;\">Ana Kremm \u0219i \u201cPescuitorul de metafore\u201c se\u00a0 al\u0103tur\u0103, astfel, prezent\u0103rilor de autor\u00a0din seria men\u0163ionat\u0103 ce \u00ee\u0219i propune\u00a0s\u0103 aduc\u0103 \u00een aten\u0163ia re\u015fi\u0163enilor, \u0219i nu numai, \u00eentr-o atitudine \u201eslow\u201d versus \u201efast\u201d, respira\u0163ia lini\u015ftitoare a versului scris, citit, spus sau auzit.<!--more--><\/p>\n<p style=\"text-align: justify;\">Momentele muzicale ale serii vor fi asigurate de Georgiana Cojocariu \u0219i Florentina Samoil\u0103 \u2013 oboi, clasa prof. Zenaida V\u00e2rdau, la pian \u2013 prof. Cristian Ro\u015foag\u0103 de la Liceul de Arte Sabin P\u0103u\u0163a \u0219i Dan Ghiliea- chitar\u0103 \u0219i voce.<\/p>\n<p style=\"text-align: justify;\">Organizator Societatea pentru Cultur\u0103 METARSIS- activit\u0103\u021bi \u0219i servicii de cultur\u0103 urban\u0103 \u0219i art\u0103 contemporan\u0103 prin libr\u0103ria Semn de Carte.<\/p>\n","protected":false},"excerpt":{"rendered":"<p>Miercuri, 9 martie 2016, orele 17:30, la libr\u0103ria Semn de Carte din Re\u0219i\u021ba, str. Libert\u0103\u021bii 13, vom \u201cpescui metafore\u201d \u00eempreun\u0103 cu Ana KREMM. Nu \u00eentampl\u0103tor, \u00een prejma S\u0103rbatorii Femeii- creatoare de via\u021b\u0103- \u00eentr-un gest profund de iubire amestecat\u0103 cu duio\u015fie fa\u0163\u0103 de femeia- mam\u0103, femeia- so\u021bie, femeia- fiin\u021b\u0103 sublim\u0103, din respect pentru femeia- poet, femeia- creator de valori, v\u0103 vom d\u0103rui vibra\u021bie liric\u0103 \u00eentr-un exerci\u021biu de cultur\u0103 urban\u0103 cuprins \u00een seria de evenimente sub genericul  \u201eOra\u0219ul cu poe\u021bi\u201d.<\/p>\n","protected":false},"author":1,"featured_media":0,"comment_status":"open","ping_status":"open","sticky":false,"template":"","format":"standard","meta":[],"categories":[3],"tags":[569,90,103],"_links":{"self":[{"href":"https:\/\/semndecarte.metarsis.ro\/index.php?rest_route=\/wp\/v2\/posts\/9548"}],"collection":[{"href":"https:\/\/semndecarte.metarsis.ro\/index.php?rest_route=\/wp\/v2\/posts"}],"about":[{"href":"https:\/\/semndecarte.metarsis.ro\/index.php?rest_route=\/wp\/v2\/types\/post"}],"author":[{"embeddable":true,"href":"https:\/\/semndecarte.metarsis.ro\/index.php?rest_route=\/wp\/v2\/users\/1"}],"replies":[{"embeddable":true,"href":"https:\/\/semndecarte.metarsis.ro\/index.php?rest_route=%2Fwp%2Fv2%2Fcomments&post=9548"}],"version-history":[{"count":0,"href":"https:\/\/semndecarte.metarsis.ro\/index.php?rest_route=\/wp\/v2\/posts\/9548\/revisions"}],"wp:attachment":[{"href":"https:\/\/semndecarte.metarsis.ro\/index.php?rest_route=%2Fwp%2Fv2%2Fmedia&parent=9548"}],"wp:term":[{"taxonomy":"category","embeddable":true,"href":"https:\/\/semndecarte.metarsis.ro\/index.php?rest_route=%2Fwp%2Fv2%2Fcategories&post=9548"},{"taxonomy":"post_tag","embeddable":true,"href":"https:\/\/semndecarte.metarsis.ro\/index.php?rest_route=%2Fwp%2Fv2%2Ftags&post=9548"}],"curies":[{"name":"wp","href":"https:\/\/api.w.org\/{rel}","templated":true}]}}