{"id":9524,"date":"2016-02-28T22:59:35","date_gmt":"2016-02-28T20:59:35","guid":{"rendered":"http:\/\/semndecarte.metarsis.ro\/?p=9524"},"modified":"2016-02-28T22:59:35","modified_gmt":"2016-02-28T20:59:35","slug":"tinerii-vorbesc","status":"publish","type":"post","link":"https:\/\/semndecarte.metarsis.ro\/?p=9524","title":{"rendered":"Tinerii vorbesc!"},"content":{"rendered":"<p style=\"text-align: justify;\"><a href=\"http:\/\/semndecarte.metarsis.ro\/wp-content\/uploads\/2016\/02\/cop1.jpg\" rel=\"lightbox[9524]\"><img loading=\"lazy\" class=\"alignleft size-full wp-image-9525\" src=\"http:\/\/semndecarte.metarsis.ro\/wp-content\/uploads\/2016\/02\/cop1.jpg\" alt=\"cop\" width=\"520\" height=\"202\" srcset=\"https:\/\/semndecarte.metarsis.ro\/wp-content\/uploads\/2016\/02\/cop1.jpg 520w, https:\/\/semndecarte.metarsis.ro\/wp-content\/uploads\/2016\/02\/cop1-160x62.jpg 160w, https:\/\/semndecarte.metarsis.ro\/wp-content\/uploads\/2016\/02\/cop1-163x63.jpg 163w\" sizes=\"(max-width: 520px) 100vw, 520px\" \/><\/a>Mar\u0163i, 1 martie 2016, de la ora 16:00, libr\u0103ria re\u015fi\u0163eana Semn de Carte, str. Libert\u0103\u0163ii 13, va fi gazda unui eveniment din sfera educa\u0163iei non-formale sub egida Youth\u00a0 Academy. Patru tineri frumo\u015fi \u015fi motiva\u0163i:\u00a0Daiana Ghita \u2013 Liceul Traian Vuia, Paul C\u00eerstea \u2013 Liceul Mircea Eliade, Stru\u0163\u0103 Larisa \u2013 Liceul Diaconovici Tietz \u015fi Andrei Radu \u2013 Liceul Traian Lalescu v\u0103 a\u015fteapt\u0103 la un pre-meeting al proiectului HOLA.<\/p>\n<p style=\"text-align: justify;\">\u201cV\u0103 invit\u0103m la o nou\u0103 super edi\u021bie HOLA! Re\u0219i\u021ba!\u00a0 E\u0219ti licean \u0219i vrei ceva nou? Ce ai zice de un workshop de dezvoltare personal\u0103? Aici descoperi prin \u00eenv\u0103\u021barea non-formal\u0103, noi abilit\u0103\u021bi de public speaking, comunicare al\u0103turi de oameni de v\u00e2rsta ta. Ce ai de c\u00e2\u0219tigat? Oameni noi, experien\u021b\u0103 de neuitat care te va ajuta \u00een viitor. Teme precum: Public Speaking, Team Work, Orientare \u00een carier\u0103, Fish philosophy, Autocunoa\u0219tere. Alege s\u0103 fii diferit \u0219i ie\u0219i din zona ta de confort! Alatur\u0103-te nou\u0103!\u201d spun cei patru liceeni re\u015fi\u0163eni, invit\u00e2ndu-ne s\u0103 le fim al\u0103turi.<!--more--><\/p>\n<p style=\"text-align: justify;\">Youth Academy\u00a0este o organiza\u0163ie energic\u0103 implicat\u0103 activ \u00een dezvoltarea \u015fi implementarea de proiecte \u00een sfera educa\u0163iei non-formale rom\u00e2ne\u015fti, a educa\u0163iei alternative. Proiectul HOLA! a debutat la \u00eenceputul lui 2009 \u00een Bucure\u015fti \u015fi \u00een Ia\u015fi fiind prezent \u00een via\u0163a c\u00e2t mai multor liceeni, \u00een peste 10 ora\u015fe din \u0163ar\u0103 \u00een fiecare an \u015fcolar. \u00cen Boto\u015fani, Buz\u0103u, B\u00e2rlad, C\u0103l\u0103ra\u015fi, C\u00e2mpina, Drobeta Turnu Severin, Foc\u015fani, Hu\u015fi, Ploie\u015fti, Tulcea, etc. \u00een cadrul proiectului HOLA! au fost implica\u0163i peste 1000 de liceeni, iar reac\u021biile acestora \u00een urma proiectului au fost foarte bune, unii dintre ei implic\u00e2ndu-se ulterior \u00een alte proiecte cu impact \u00een societate ini\u021biate de c\u0103tre Youth Academy.<\/p>\n<p style=\"text-align: justify;\">Va a\u015ftept\u0103m mar\u0163i la Semn de Carte la o \u00eent\u00e2lnire cu frumo\u015fi liceeni ai Re\u015fi\u0163ei. S\u0103-i cunoa\u015ftem, s\u0103-i ascult\u0103m.<\/p>\n","protected":false},"excerpt":{"rendered":"<p>Mar\u0163i, 1 martie 2016, de la ora 16:00, libr\u0103ria re\u015fi\u0163eana Semn de Carte, str. Libert\u0103\u0163ii 13, va fi gazda unui eveniment din sfera educa\u0163iei non-formale sub egida Youth  Academy. Patru tineri frumo\u015fi \u015fi motiva\u0163i: Daiana Ghita \u2013 Liceul Traian Vuia, Paul C\u00eerstea \u2013 Liceul Mircea Eliade, Stru\u0163\u0103 Larisa \u2013 Liceul Diaconovici Tietz \u015fi Andrei Radu \u2013 Liceul Traian Lalescu v\u0103 a\u015fteapt\u0103 la un pre-meeting al proiectului HOLA.<\/p>\n","protected":false},"author":1,"featured_media":0,"comment_status":"open","ping_status":"open","sticky":false,"template":"","format":"standard","meta":[],"categories":[3],"tags":[567,566,284],"_links":{"self":[{"href":"https:\/\/semndecarte.metarsis.ro\/index.php?rest_route=\/wp\/v2\/posts\/9524"}],"collection":[{"href":"https:\/\/semndecarte.metarsis.ro\/index.php?rest_route=\/wp\/v2\/posts"}],"about":[{"href":"https:\/\/semndecarte.metarsis.ro\/index.php?rest_route=\/wp\/v2\/types\/post"}],"author":[{"embeddable":true,"href":"https:\/\/semndecarte.metarsis.ro\/index.php?rest_route=\/wp\/v2\/users\/1"}],"replies":[{"embeddable":true,"href":"https:\/\/semndecarte.metarsis.ro\/index.php?rest_route=%2Fwp%2Fv2%2Fcomments&post=9524"}],"version-history":[{"count":0,"href":"https:\/\/semndecarte.metarsis.ro\/index.php?rest_route=\/wp\/v2\/posts\/9524\/revisions"}],"wp:attachment":[{"href":"https:\/\/semndecarte.metarsis.ro\/index.php?rest_route=%2Fwp%2Fv2%2Fmedia&parent=9524"}],"wp:term":[{"taxonomy":"category","embeddable":true,"href":"https:\/\/semndecarte.metarsis.ro\/index.php?rest_route=%2Fwp%2Fv2%2Fcategories&post=9524"},{"taxonomy":"post_tag","embeddable":true,"href":"https:\/\/semndecarte.metarsis.ro\/index.php?rest_route=%2Fwp%2Fv2%2Ftags&post=9524"}],"curies":[{"name":"wp","href":"https:\/\/api.w.org\/{rel}","templated":true}]}}