{"id":9511,"date":"2016-02-25T21:50:40","date_gmt":"2016-02-25T19:50:40","guid":{"rendered":"http:\/\/semndecarte.metarsis.ro\/?p=9511"},"modified":"2016-02-25T22:35:28","modified_gmt":"2016-02-25T20:35:28","slug":"si-de-dragobete-iubim-romania","status":"publish","type":"post","link":"https:\/\/semndecarte.metarsis.ro\/?p=9511","title":{"rendered":"\u0218i de  DRAGOBETE iubim Rom\u00e2nia!"},"content":{"rendered":"<p><strong><a href=\"http:\/\/semndecarte.metarsis.ro\/wp-content\/uploads\/2016\/02\/cop.jpg\" rel=\"lightbox[9511]\"><img loading=\"lazy\" class=\"alignleft size-full wp-image-9522\" src=\"http:\/\/semndecarte.metarsis.ro\/wp-content\/uploads\/2016\/02\/cop.jpg\" alt=\"cop\" width=\"520\" height=\"201\" srcset=\"https:\/\/semndecarte.metarsis.ro\/wp-content\/uploads\/2016\/02\/cop.jpg 520w, https:\/\/semndecarte.metarsis.ro\/wp-content\/uploads\/2016\/02\/cop-160x62.jpg 160w, https:\/\/semndecarte.metarsis.ro\/wp-content\/uploads\/2016\/02\/cop-163x63.jpg 163w\" sizes=\"(max-width: 520px) 100vw, 520px\" \/><\/a>Asta e c\u0103ciula mea!<\/strong><\/p>\n<p style=\"text-align: justify;\">Seara zilei de 24 februarie 2016 a adus la libr\u0103ria re\u0219i\u021bean\u0103 Semn de Carte copii, dasc\u0103li, p\u0103rin\u021bi, bunici, tineri \u0219i mai pu\u021bini tineri, oameni\u00a0\u00eempreun\u0103 cu care, de Dragobete, am sim\u021bit rom\u00e2ne\u0219te. \u0218i ne-am exprimat, prin c\u00e2ntec, forma cea mai complex\u0103 \u0219i particular\u0103\u00a0a sufletului omenesc, iubirea pentru neam \u0219i \u021bara rom\u00e2neasc\u0103-\u00a0 patriotismul- care implic\u0103, pe l\u00e2ng\u0103 respect, solidaritate, admira\u021bie, curaj, verticalitate, devotament, m\u00e2ndrie \u0219i cunoa\u0219terea, asumarea trecutului nostru, respectul pentru mo\u0219ii \u0219i str\u0103mo\u0219ii no\u0219tri. \u0218i mai ales, promovarea tradi\u021biilor, obiceiurilor noastre mo\u0219tenite, cunoa\u0219terea \u0219i recunoa\u0219terea adevaratelor valori, a personalita\u021bilor locale \u0219i na\u021bionale cu contribu\u021bii remarcabile la identitatea noastr\u0103 na\u021bional\u0103. Pentru ca noi s\u0103 fim recunoscu\u021bi, accepta\u021bi \u0219i respecta\u021bi oriunde \u00een lume. \u0218i pentru a ne conferi r\u0103d\u0103cini ad\u00e2nci.<!--more--><\/p>\n<p style=\"text-align: justify;\">Evenimentul desf\u0103\u0219urat \u00een prezen\u0163a compozitorului \u0219i dirijorului de renume interna\u021bional Sabin Pautza a debutat, cum altfel, cu Imnul Rom\u00e2niei interpretat de un grup de copii din clasa pregatitoare A \u201calbinu\u021bele\u201d\u00a0de la \u0218coala Gimnaziala nr. 2 Re\u0219i\u021ba, coordona\u021bi de Ozana Dragil\u0103. Emo\u021biona\u021bi dar hot\u0103r\u00e2\u021bi, micu\u021bii au interpretat doua strofe ale Imnului a\u0219a cum se c\u00e2nt\u0103 un imn na\u021bional: drep\u021bi, nemi\u0219ca\u021bi, tare, cu m\u00e2ndrie, transmi\u021b\u00e2nd emo\u021bie. A fost r\u00e2ndul copiilor din clasa a IV-a A de la \u0218coala Gimnazial\u0103 nr. 7 Re\u0219i\u021ba, coordonati de inimoasa Cristina Ardeleanu. Dup\u0103 prima melodie \u2013 cea care a dat numele evenimentului <em>Asta e c\u0103ciula mea,\u00a0<\/em>\u00a0Alessia Gruia, Alexia Duicu, Mara Luchian,\u00a0Daria Bejenariu, Nadira Frunz\u0103, Ariana Neniu \u0219i invitatul lor din clasa a III-a A Bogdan B\u0103nc\u0103n\u0103u \u2013 soli\u0219ti-\u00a0 cu isonul \u021binut cu m\u0103iestrie\u00a0de ceilal\u021bi \u201cpinguini\u201d\u00a0ne-au purtat, muzical,\u00a0 prin zone istorice ale Rom\u00e2niei, voci din mul\u021bime al\u0103tur\u00e2ndu-se copiilor \u00een\u00a0<em>Trece\u021bi batalioane rom\u00e2ne Carpa\u021bii, Noi suntem rom\u00e2ni, A\u0219a-i Romanul, C\u00e2nta cucu-n Bucovina, Doamne ocrote\u0219te-i pe rom\u00e2ni, Mociri\u021ba, Hai s\u0103-ntindem hora mare, M-a facut mama oltean, A sosit ziua drept\u0103\u021bii.\u00a0<\/em><\/p>\n<p><iframe width=\"500\" height=\"281\" src=\"https:\/\/www.youtube.com\/embed\/8mFMA7JBquE?feature=oembed\" frameborder=\"0\" allowfullscreen><\/iframe><\/p>\n<p style=\"text-align: justify;\">Sub generoasa c\u0103ciul\u0103 a Banatului Montan st\u0103 comunitatea german\u0103, cea care a adus \u00een societatea pluricultural\u0103 de aici nu numai rigoarea \u0219i m\u00e2ndria lucrului bine f\u0103cut ci \u0219i muzica bine c\u00e2ntat\u0103. Grupul <em>Intermezzo<\/em> de pe l\u00e2nga Forumul Democratic al Germanilor din Cara\u0219-Severin\u00a0format din Marianne Chirilovici- voce \u0219i Lucian Duca- voce, chitar\u0103, au adus \u00een prim plan\u00a0<em>Valsul Semenicului ,\u00a0<\/em>c\u00e2ntat de genera\u021bii \u00eentregi \u0219i transmis, iat\u0103, mai departe. Un alt moment emo\u021bionant al serii a fost creat de copiii Marianei Brebenariu de la \u0218coala Gimnaziala nr. 2 din Re\u0219i\u021ba prin interpretarea\u00a0 melodiei\u00a0<em>Lupii.\u00a0<\/em>Natalia Chiseli\u021b\u0103- solist\u0103-\u00a0 \u00eempreuna cu colegii: Adrian Popovici, Flavia T\u00eempa, Natalia Tasici, Alessia Diaconescu, Raluca Radu, Oana Sturz \u0219i Emanuel Manole au adus la Semn de Carte hit-ul Addei din 2015, muzica: Adda, Liviu Teodorescu, Robert Toma, Ionu\u0163 Vasilache, text: Adda\u00a0 cu\u00a0 refrenul preluat din folclor,\u00a0melodia c\u00e2ntat\u0103 cu sensibilitate, antrenant, duc\u00e2ndu-ne cu g\u00e2ndul la lupul dacic.<\/p>\n<p><iframe width=\"500\" height=\"281\" src=\"https:\/\/www.youtube.com\/embed\/TifBaKuqwvY?feature=oembed\" frameborder=\"0\" allowfullscreen><\/iframe><\/p>\n<p style=\"text-align: justify;\">\u201c Patrotismul nu este numai iubirea p\u0103m\u00e2ntului \u00een care te-ai n\u0103scut ci, mai ales, iubirea trecutului, f\u0103r\u0103 de care nu exista iubire de \u021bar\u0103\u201c spunea Mihai Eminescu. A\u0219a c\u0103, \u00eencep\u00e2nd de asear\u0103, de\u00a0la Semn de Carte, de Dragobete, m\u0103rturisim\u00a0 dragostea noastr\u0103 pentru ROM\u00c2NIA. A\u0219a cum o facem de Ziua Na\u021bional\u0103, \u0219i de Ziua Unirii,\u00a0\u0219i \u00een fiecare zi,\u00a0\u201cCu c\u0103ciulile pe frunte\/ (St\u00e2nd) de veacuri, ca un munte\/ \u00cen curbura arcului Carpa\u021bi\/ Asta e c\u0103ciula mea\/\u00a0\u015ei o port cum se purta\/ C\u0103-i obicei din daci l\u0103sat.\u201d<\/p>\n<p style=\"text-align: justify;\">\n<p style=\"text-align: justify;\">Eveniment organizat de \u00a0Societatea pentru Cultur\u0103 METARSIS- activit\u0103\u021bi \u0219i servicii de cultur\u0103 urban\u0103 \u0219i art\u0103 contemporan\u0103 prin libr\u0103ria Semn de Carte.<\/p>\n<p style=\"text-align: justify;\"><a href=\"http:\/\/semndecarte.metarsis.ro\/wp-content\/uploads\/2016\/02\/1.jpg\" rel=\"lightbox[9511]\"><img loading=\"lazy\" class=\"alignleft size-thumbnail wp-image-9512\" src=\"http:\/\/semndecarte.metarsis.ro\/wp-content\/uploads\/2016\/02\/1-95x95.jpg\" alt=\"1\" width=\"95\" height=\"95\" \/><\/a> <a href=\"http:\/\/semndecarte.metarsis.ro\/wp-content\/uploads\/2016\/02\/2.jpg\" rel=\"lightbox[9511]\"><img loading=\"lazy\" class=\"alignleft size-thumbnail wp-image-9513\" src=\"http:\/\/semndecarte.metarsis.ro\/wp-content\/uploads\/2016\/02\/2-95x95.jpg\" alt=\"2\" width=\"95\" height=\"95\" \/><\/a> <a href=\"http:\/\/semndecarte.metarsis.ro\/wp-content\/uploads\/2016\/02\/3.jpg\" rel=\"lightbox[9511]\"><img loading=\"lazy\" class=\"alignleft size-thumbnail wp-image-9514\" src=\"http:\/\/semndecarte.metarsis.ro\/wp-content\/uploads\/2016\/02\/3-95x95.jpg\" alt=\"3\" width=\"95\" height=\"95\" \/><\/a> <a href=\"http:\/\/semndecarte.metarsis.ro\/wp-content\/uploads\/2016\/02\/4.jpg\" rel=\"lightbox[9511]\"><img loading=\"lazy\" class=\"alignleft size-thumbnail wp-image-9515\" src=\"http:\/\/semndecarte.metarsis.ro\/wp-content\/uploads\/2016\/02\/4-95x95.jpg\" alt=\"4\" width=\"95\" height=\"95\" \/><\/a> <a href=\"http:\/\/semndecarte.metarsis.ro\/wp-content\/uploads\/2016\/02\/5.jpg\" rel=\"lightbox[9511]\"><img loading=\"lazy\" class=\"alignleft size-thumbnail wp-image-9516\" src=\"http:\/\/semndecarte.metarsis.ro\/wp-content\/uploads\/2016\/02\/5-95x95.jpg\" alt=\"5\" width=\"95\" height=\"95\" \/><\/a> <a href=\"http:\/\/semndecarte.metarsis.ro\/wp-content\/uploads\/2016\/02\/6.jpg\" rel=\"lightbox[9511]\"><img loading=\"lazy\" class=\"alignleft size-thumbnail wp-image-9517\" src=\"http:\/\/semndecarte.metarsis.ro\/wp-content\/uploads\/2016\/02\/6-95x95.jpg\" alt=\"6\" width=\"95\" height=\"95\" \/><\/a> <a href=\"http:\/\/semndecarte.metarsis.ro\/wp-content\/uploads\/2016\/02\/7.jpg\" rel=\"lightbox[9511]\"><img loading=\"lazy\" class=\"alignleft size-thumbnail wp-image-9518\" src=\"http:\/\/semndecarte.metarsis.ro\/wp-content\/uploads\/2016\/02\/7-95x95.jpg\" alt=\"7\" width=\"95\" height=\"95\" \/><\/a> <a href=\"http:\/\/semndecarte.metarsis.ro\/wp-content\/uploads\/2016\/02\/8.jpg\" rel=\"lightbox[9511]\"><img loading=\"lazy\" class=\"alignleft size-thumbnail wp-image-9519\" src=\"http:\/\/semndecarte.metarsis.ro\/wp-content\/uploads\/2016\/02\/8-95x95.jpg\" alt=\"8\" width=\"95\" height=\"95\" \/><\/a> <a href=\"http:\/\/semndecarte.metarsis.ro\/wp-content\/uploads\/2016\/02\/9.jpg\" rel=\"lightbox[9511]\"><img loading=\"lazy\" class=\"alignleft size-thumbnail wp-image-9520\" src=\"http:\/\/semndecarte.metarsis.ro\/wp-content\/uploads\/2016\/02\/9-95x95.jpg\" alt=\"9\" width=\"95\" height=\"95\" \/><\/a> <a href=\"http:\/\/semndecarte.metarsis.ro\/wp-content\/uploads\/2016\/02\/10.jpg\" rel=\"lightbox[9511]\"><img loading=\"lazy\" class=\"alignleft size-thumbnail wp-image-9521\" src=\"http:\/\/semndecarte.metarsis.ro\/wp-content\/uploads\/2016\/02\/10-95x95.jpg\" alt=\"10\" width=\"95\" height=\"95\" \/><\/a><\/p>\n","protected":false},"excerpt":{"rendered":"<p>Seara zilei de 24 februarie 2016 a adus la libr\u0103ria re\u0219i\u021bean\u0103 Semn de Carte copii, dasc\u0103li, p\u0103rin\u021bi, bunici, tineri \u0219i mai pu\u021bini tineri, oameni \u00eempreun\u0103 cu care, de Dragobete, am sim\u021bit rom\u00e2ne\u0219te. <\/p>\n","protected":false},"author":1,"featured_media":0,"comment_status":"open","ping_status":"open","sticky":false,"template":"","format":"standard","meta":[],"categories":[7],"tags":[564,565],"_links":{"self":[{"href":"https:\/\/semndecarte.metarsis.ro\/index.php?rest_route=\/wp\/v2\/posts\/9511"}],"collection":[{"href":"https:\/\/semndecarte.metarsis.ro\/index.php?rest_route=\/wp\/v2\/posts"}],"about":[{"href":"https:\/\/semndecarte.metarsis.ro\/index.php?rest_route=\/wp\/v2\/types\/post"}],"author":[{"embeddable":true,"href":"https:\/\/semndecarte.metarsis.ro\/index.php?rest_route=\/wp\/v2\/users\/1"}],"replies":[{"embeddable":true,"href":"https:\/\/semndecarte.metarsis.ro\/index.php?rest_route=%2Fwp%2Fv2%2Fcomments&post=9511"}],"version-history":[{"count":0,"href":"https:\/\/semndecarte.metarsis.ro\/index.php?rest_route=\/wp\/v2\/posts\/9511\/revisions"}],"wp:attachment":[{"href":"https:\/\/semndecarte.metarsis.ro\/index.php?rest_route=%2Fwp%2Fv2%2Fmedia&parent=9511"}],"wp:term":[{"taxonomy":"category","embeddable":true,"href":"https:\/\/semndecarte.metarsis.ro\/index.php?rest_route=%2Fwp%2Fv2%2Fcategories&post=9511"},{"taxonomy":"post_tag","embeddable":true,"href":"https:\/\/semndecarte.metarsis.ro\/index.php?rest_route=%2Fwp%2Fv2%2Ftags&post=9511"}],"curies":[{"name":"wp","href":"https:\/\/api.w.org\/{rel}","templated":true}]}}