{"id":9509,"date":"2016-02-22T18:52:22","date_gmt":"2016-02-22T16:52:22","guid":{"rendered":"http:\/\/semndecarte.metarsis.ro\/?p=9509"},"modified":"2016-02-22T18:54:44","modified_gmt":"2016-02-22T16:54:44","slug":"asta-e-caciula-mea","status":"publish","type":"post","link":"https:\/\/semndecarte.metarsis.ro\/?p=9509","title":{"rendered":"Asta e c\u0103ciula mea!"},"content":{"rendered":"<p>&nbsp;<\/p>\n<p style=\"text-align: justify;\"><em><strong><a href=\"http:\/\/semndecarte.metarsis.ro\/wp-content\/uploads\/2016\/02\/asta-e-caciula-mea.jpg\" rel=\"lightbox[9509]\"><img loading=\"lazy\" class=\"alignleft size-full wp-image-9510\" src=\"http:\/\/semndecarte.metarsis.ro\/wp-content\/uploads\/2016\/02\/asta-e-caciula-mea.jpg\" alt=\"asta e caciula mea\" width=\"520\" height=\"233\" srcset=\"https:\/\/semndecarte.metarsis.ro\/wp-content\/uploads\/2016\/02\/asta-e-caciula-mea.jpg 520w, https:\/\/semndecarte.metarsis.ro\/wp-content\/uploads\/2016\/02\/asta-e-caciula-mea-160x72.jpg 160w, https:\/\/semndecarte.metarsis.ro\/wp-content\/uploads\/2016\/02\/asta-e-caciula-mea-163x73.jpg 163w\" sizes=\"(max-width: 520px) 100vw, 520px\" \/><\/a>Cu drag, de Dragobete.<\/strong><\/em><\/p>\n<p style=\"text-align: justify;\">\u201cCu c\u0103ciulile pe frunte\/ St\u0103m de veacuri, ca un munte\/ \u00cen curbura arcului Carpa\u021bi\/ Asta e c\u0103ciula mea\/\u00a0 \u015ei o port cum se purta\/ C\u0103-i obicei din daci l\u0103sat.\u201d<\/p>\n<p style=\"text-align: justify;\">Miercuri, 24 februarie 2016, orele 17:00, v\u0103 a\u0219tept\u0103m la libr\u0103ria Semn de Carte din Re\u0219i\u021ba, str. Libert\u0103\u021bii 13, la o \u00eent\u00e2lnire sub genericul ASTA E C\u0102CIULA MEA! s\u0103 m\u0103rturisim, \u00eempreun\u0103, unul dintre cele mai nobile sentimente umane care ne confer\u0103 identitate: dragostea de neam \u0219i de \u021bar\u0103. Sunte\u021bi a\u0219tepta\u021bi ca, al\u0103turi de copiii minuna\u021bi din clasa a IV-a A de la \u0218coala Gimnazial\u0103 nr.7 coordona\u021bi de dasc\u0103lul de voca\u021bie Cristina ARDELEANU, s\u0103 c\u00e2nt\u0103m, s\u0103\u00a0 tr\u0103im \u00eempreun\u0103 sentimentul inegalabil de patriotism cu tot ce implic\u0103 el: respect, admira\u021bie, devotament, verticalitate, curaj, solidaritate, m\u00e2ndrie na\u021bional\u0103. Invita\u021bi speciali: copii de la \u0218coala Gimnazial\u0103 nr. 2 Re\u0219i\u021ba coordona\u021bi de Ozana Dr\u0103gila, Mariana Brebenariu \u0219i Elisaveta Vl\u0103du\u021b.<!--more--><\/p>\n<p style=\"text-align: justify;\">Evenimentul se va bucura de prezen\u021ba renumitului compozitor \u0219i dirijor Sabin PAUTZA.<\/p>\n<p style=\"text-align: justify;\">Organizator Societatea pentru Cultur\u0103 METARSIS- activit\u0103\u021bi \u0219i servicii de cultur\u0103 urban\u0103 \u0219i art\u0103 contemporan\u0103 prin libr\u0103ria Semn de Carte.<\/p>\n","protected":false},"excerpt":{"rendered":"<p>Miercuri, 24 februarie 2016, orele 17:00, v\u0103 a\u0219tept\u0103m la libr\u0103ria Semn de Carte din Re\u0219i\u021ba, str. Libert\u0103\u021bii 13, la o \u00eent\u00e2lnire sub genericul ASTA E C\u0102CIULA MEA! s\u0103 m\u0103rturisim, \u00eempreun\u0103, unul dintre cele mai nobile sentimente umane care ne confer\u0103 identitate: dragostea de neam \u0219i de \u021bar\u0103. <\/p>\n","protected":false},"author":1,"featured_media":0,"comment_status":"open","ping_status":"open","sticky":false,"template":"","format":"standard","meta":[],"categories":[3],"tags":[558,561,559,563,557,562,560],"_links":{"self":[{"href":"https:\/\/semndecarte.metarsis.ro\/index.php?rest_route=\/wp\/v2\/posts\/9509"}],"collection":[{"href":"https:\/\/semndecarte.metarsis.ro\/index.php?rest_route=\/wp\/v2\/posts"}],"about":[{"href":"https:\/\/semndecarte.metarsis.ro\/index.php?rest_route=\/wp\/v2\/types\/post"}],"author":[{"embeddable":true,"href":"https:\/\/semndecarte.metarsis.ro\/index.php?rest_route=\/wp\/v2\/users\/1"}],"replies":[{"embeddable":true,"href":"https:\/\/semndecarte.metarsis.ro\/index.php?rest_route=%2Fwp%2Fv2%2Fcomments&post=9509"}],"version-history":[{"count":0,"href":"https:\/\/semndecarte.metarsis.ro\/index.php?rest_route=\/wp\/v2\/posts\/9509\/revisions"}],"wp:attachment":[{"href":"https:\/\/semndecarte.metarsis.ro\/index.php?rest_route=%2Fwp%2Fv2%2Fmedia&parent=9509"}],"wp:term":[{"taxonomy":"category","embeddable":true,"href":"https:\/\/semndecarte.metarsis.ro\/index.php?rest_route=%2Fwp%2Fv2%2Fcategories&post=9509"},{"taxonomy":"post_tag","embeddable":true,"href":"https:\/\/semndecarte.metarsis.ro\/index.php?rest_route=%2Fwp%2Fv2%2Ftags&post=9509"}],"curies":[{"name":"wp","href":"https:\/\/api.w.org\/{rel}","templated":true}]}}