{"id":9506,"date":"2016-02-08T12:56:15","date_gmt":"2016-02-08T10:56:15","guid":{"rendered":"http:\/\/semndecarte.metarsis.ro\/?p=9506"},"modified":"2016-02-08T12:56:15","modified_gmt":"2016-02-08T10:56:15","slug":"la-multi-ani-2","status":"publish","type":"post","link":"https:\/\/semndecarte.metarsis.ro\/?p=9506","title":{"rendered":"LA MUL\u0162I ANI!"},"content":{"rendered":"<p><strong>Ast\u0103zi, 8 februarie 2016,\u00a0 maestrul SABIN PAUTZA, \u00eempline\u015fte 73 de ani.<\/strong><\/p>\n<p><a href=\"http:\/\/semndecarte.metarsis.ro\/wp-content\/uploads\/2016\/02\/Sabin-Pautza.jpg\" rel=\"lightbox[9506]\"><img loading=\"lazy\" class=\"alignleft size-full wp-image-9507\" src=\"http:\/\/semndecarte.metarsis.ro\/wp-content\/uploads\/2016\/02\/Sabin-Pautza.jpg\" alt=\"Sabin-Pautza\" width=\"520\" height=\"200\" srcset=\"https:\/\/semndecarte.metarsis.ro\/wp-content\/uploads\/2016\/02\/Sabin-Pautza.jpg 520w, https:\/\/semndecarte.metarsis.ro\/wp-content\/uploads\/2016\/02\/Sabin-Pautza-160x62.jpg 160w, https:\/\/semndecarte.metarsis.ro\/wp-content\/uploads\/2016\/02\/Sabin-Pautza-163x63.jpg 163w\" sizes=\"(max-width: 520px) 100vw, 520px\" \/><\/a>\u201eCet\u0103\u0163ean de Onoare\u201c al Re\u015fi\u0163ei \u015fi jude\u0163ului Cara\u015f-Severin numele s\u0103u este sinonim cu dragostea pentru muzica de bun\u0103 calitate \u015fi performan\u0163a \u00een compozi\u0163ie, dovad\u0103 st\u00e2nd\u00a0 numeroasele premii na\u0163ionale \u015fi interna\u0163ionale.<\/p>\n<p>Revenit dup\u0103 o carier\u0103 stralucit\u0103 \u00een SUA, SABIN PAUTZA a fost primit \u015fi onorat, acas\u0103 la Re\u015fi\u0163a, a\u015fa cum se cuvine.<!--more--><\/p>\n<p>Distinsului muzician, dirijor \u015fi interpret SABIN PAUTZA, Societatea pentru Cultur\u0103 METARSIS- activit\u0103\u0163i \u015fi servicii de cultur\u0103 urban\u0103 \u015fi art\u0103 contemporan\u0103, al c\u0103rui pre\u015fedinte este MAESTRUL, \u015fi libr\u0103ria Semn de Carte din Re\u015fi\u0163a \u00eei ureaz\u0103: Via\u0163\u0103 lung\u0103, s\u0103n\u0103tate, inspira\u0163ie \u015fi muze care s\u0103-l alinte zi \u015fi noapte!<\/p>\n<p>LA MUL\u0162I ANI, SABIN PAUTZA!<\/p>\n","protected":false},"excerpt":{"rendered":"<p>Ast\u0103zi, 8 februarie 2016,  maestrul SABIN PAUTZA, \u00eempline\u015fte 73 de ani.<br \/>\n\u201eCet\u0103\u0163ean de Onoare\u201c al Re\u015fi\u0163ei \u015fi jude\u0163ului Cara\u015f-Severin numele s\u0103u este sinonim cu dragostea pentru muzica de bun\u0103 calitate \u015fi performan\u0163a \u00een compozi\u0163ie, dovad\u0103 st\u00e2nd  numeroasele premii na\u0163ionale \u015fi interna\u0163ionale.<br \/>\nRevenit dup\u0103 o carier\u0103 stralucit\u0103 \u00een SUA, SABIN PAUTZA a fost primit \u015fi onorat, acas\u0103 la Re\u015fi\u0163a, a\u015fa cum se cuvine.<\/p>\n","protected":false},"author":1,"featured_media":0,"comment_status":"open","ping_status":"open","sticky":false,"template":"","format":"standard","meta":[],"categories":[376],"tags":[422],"_links":{"self":[{"href":"https:\/\/semndecarte.metarsis.ro\/index.php?rest_route=\/wp\/v2\/posts\/9506"}],"collection":[{"href":"https:\/\/semndecarte.metarsis.ro\/index.php?rest_route=\/wp\/v2\/posts"}],"about":[{"href":"https:\/\/semndecarte.metarsis.ro\/index.php?rest_route=\/wp\/v2\/types\/post"}],"author":[{"embeddable":true,"href":"https:\/\/semndecarte.metarsis.ro\/index.php?rest_route=\/wp\/v2\/users\/1"}],"replies":[{"embeddable":true,"href":"https:\/\/semndecarte.metarsis.ro\/index.php?rest_route=%2Fwp%2Fv2%2Fcomments&post=9506"}],"version-history":[{"count":0,"href":"https:\/\/semndecarte.metarsis.ro\/index.php?rest_route=\/wp\/v2\/posts\/9506\/revisions"}],"wp:attachment":[{"href":"https:\/\/semndecarte.metarsis.ro\/index.php?rest_route=%2Fwp%2Fv2%2Fmedia&parent=9506"}],"wp:term":[{"taxonomy":"category","embeddable":true,"href":"https:\/\/semndecarte.metarsis.ro\/index.php?rest_route=%2Fwp%2Fv2%2Fcategories&post=9506"},{"taxonomy":"post_tag","embeddable":true,"href":"https:\/\/semndecarte.metarsis.ro\/index.php?rest_route=%2Fwp%2Fv2%2Ftags&post=9506"}],"curies":[{"name":"wp","href":"https:\/\/api.w.org\/{rel}","templated":true}]}}