{"id":9496,"date":"2016-01-09T11:13:00","date_gmt":"2016-01-09T09:13:00","guid":{"rendered":"http:\/\/semndecarte.metarsis.ro\/?p=9496"},"modified":"2016-01-15T18:33:58","modified_gmt":"2016-01-15T16:33:58","slug":"bursa-alexandru-ritiu","status":"publish","type":"post","link":"https:\/\/semndecarte.metarsis.ro\/?p=9496","title":{"rendered":"Bursa Alexandru RI\u021aIU"},"content":{"rendered":"<p style=\"text-align: justify;\"><a href=\"http:\/\/semndecarte.metarsis.ro\/wp-content\/uploads\/2016\/01\/rot.jpg\" rel=\"lightbox[9496]\"><img loading=\"lazy\" class=\"alignleft size-full wp-image-9497\" src=\"http:\/\/semndecarte.metarsis.ro\/wp-content\/uploads\/2016\/01\/rot.jpg\" alt=\"rot\" width=\"519\" height=\"191\" srcset=\"https:\/\/semndecarte.metarsis.ro\/wp-content\/uploads\/2016\/01\/rot.jpg 519w, https:\/\/semndecarte.metarsis.ro\/wp-content\/uploads\/2016\/01\/rot-160x59.jpg 160w, https:\/\/semndecarte.metarsis.ro\/wp-content\/uploads\/2016\/01\/rot-163x60.jpg 163w\" sizes=\"(max-width: 519px) 100vw, 519px\" \/><\/a><\/p>\n<p style=\"text-align: justify;\">Vineri, 8 ianuarie 2016, la Libr\u0103ria Semn de Carte din Re\u0219i\u021ba, ROTARY CLUB RE\u0218I\u021aA cu sprijinul Societ\u0103\u021bii pentru Cultur\u0103 METARSIS, a organizat un eveniment care vine s\u0103 completeze proiectul \u201eRotary Sus\u021bine Performan\u021ba\u201d cu \u00eenc\u0103 o burs\u0103 acordat\u0103 unuia dintre cei mai talenta\u021bi tineri ai Re\u0219i\u021bei, Florin Codru\u021b CORNEA, elev \u00een clasa a XII-a la Liceului de Arte Sabin PAUTZA, clasa prof. Eremia Brejneni \u0219i de\u021bin\u0103tor al locului III la Olimpiada Na\u021bional\u0103 de Interpretare Instrumental\u0103, la clarinet.<br \/>\nDe ce este aceasta burs\u0103 special\u0103?<!--more--><br \/>\n\u00cen primul r\u00e2nd pentru c\u0103 finan\u021barea o face, at\u00e2t anul acesta c\u00e2t \u0219i \u00een anii care vor urma, Alexandru RITIU, prieten al rotarienilor, prosper om de afaceri, originar din Re\u0219i\u021ba, stabilit de peste 30 de ani \u00een Germania, absolvent al \u0218colii de Muzic\u0103 din ora\u0219ul nostru.<br \/>\n\u00cen al doilea r\u00e2nd pentru c\u0103 \u00een fiecare an selec\u021bia o va face maestrul Sabin Pautza personal \u0219i tot domnia sa o va \u00eenm\u00e2na \u00een cadrul festiv al Burselor Rotary.<br \/>\nAm vrea ca gestul prietenului nostru s\u0103 nu r\u0103m\u00e2n\u0103 singular ci s\u0103 inspire \u0219i al\u021bi oameni din marea comunitate re\u0219i\u021bean\u0103, oriunde s-ar afla ace\u0219tia, s\u0103 se implice cu aceia\u0219i bun\u0103voin\u021b\u0103 pentru c\u0103 la noi, \u00een Banatul Montan, mai sunt \u00eenc\u0103 multe probleme nerezolvate.<br \/>\n\u00ce\u021bi mul\u021bumim, Sandu, a\u0219a cum i\u021bi spunem noi rotarienii pe care ne-ai onorat cu prietenia ta, \u0219i \u00ee\u021bi dorim mult\u0103 fericire! (Virgiliu Opri\u015fa, president Rotary Club Re\u015fi\u0163a)<\/p>\n<p style=\"text-align: justify;\"><a href=\"http:\/\/semndecarte.metarsis.ro\/wp-content\/uploads\/2016\/01\/5.jpg\" rel=\"lightbox[9496]\"><img loading=\"lazy\" class=\"alignleft size-thumbnail wp-image-9499\" src=\"http:\/\/semndecarte.metarsis.ro\/wp-content\/uploads\/2016\/01\/5-95x95.jpg\" alt=\"5\" width=\"95\" height=\"95\" \/><\/a> <a href=\"http:\/\/semndecarte.metarsis.ro\/wp-content\/uploads\/2016\/01\/1.jpg\" rel=\"lightbox[9496]\"><img loading=\"lazy\" class=\"alignleft size-thumbnail wp-image-9500\" src=\"http:\/\/semndecarte.metarsis.ro\/wp-content\/uploads\/2016\/01\/1-95x95.jpg\" alt=\"1\" width=\"95\" height=\"95\" \/><\/a> <a href=\"http:\/\/semndecarte.metarsis.ro\/wp-content\/uploads\/2016\/01\/2.jpg\" rel=\"lightbox[9496]\"><img loading=\"lazy\" class=\"alignleft size-thumbnail wp-image-9501\" src=\"http:\/\/semndecarte.metarsis.ro\/wp-content\/uploads\/2016\/01\/2-95x95.jpg\" alt=\"2\" width=\"95\" height=\"95\" \/><\/a> <a href=\"http:\/\/semndecarte.metarsis.ro\/wp-content\/uploads\/2016\/01\/3.jpg\" rel=\"lightbox[9496]\"><img loading=\"lazy\" class=\"alignleft size-thumbnail wp-image-9502\" src=\"http:\/\/semndecarte.metarsis.ro\/wp-content\/uploads\/2016\/01\/3-95x95.jpg\" alt=\"3\" width=\"95\" height=\"95\" \/><\/a> <a href=\"http:\/\/semndecarte.metarsis.ro\/wp-content\/uploads\/2016\/01\/4.jpg\" rel=\"lightbox[9496]\"><img loading=\"lazy\" class=\"alignleft size-thumbnail wp-image-9503\" src=\"http:\/\/semndecarte.metarsis.ro\/wp-content\/uploads\/2016\/01\/4-95x95.jpg\" alt=\"4\" width=\"95\" height=\"95\" \/><\/a><\/p>\n","protected":false},"excerpt":{"rendered":"<p>Vineri, 8 ianuarie 2016, orele 17:30, la  libr\u0103ria Semn de Carte din Re\u0219i\u021ba, str. Libert\u0103\u021bii 13, \u00een primul eveniment al anului va fi acordat\u0103 bursa Alexandru RITIU. Prosper om de afaceri originar din Resita, stabilit de peste 30 de ani \u00een Germania, absolvent, printre altele, a \u0218colii de Muzic\u0103 din ora\u0219ul de pe B\u00e2rzava, Sandu RI\u021aIU adaug\u0103, prin gestul s\u0103u nobil, o noua burs\u0103 la cele acordate, anual, de Clubul ROTARY RESI\u021aA pentru sus\u021binerea performan\u021belor tinerilor frumo\u0219i, talenta\u021bi \u0219i destep\u021bi ai urbei noastre.<\/p>\n","protected":false},"author":1,"featured_media":0,"comment_status":"open","ping_status":"open","sticky":false,"template":"","format":"standard","meta":[],"categories":[3],"tags":[556,442],"_links":{"self":[{"href":"https:\/\/semndecarte.metarsis.ro\/index.php?rest_route=\/wp\/v2\/posts\/9496"}],"collection":[{"href":"https:\/\/semndecarte.metarsis.ro\/index.php?rest_route=\/wp\/v2\/posts"}],"about":[{"href":"https:\/\/semndecarte.metarsis.ro\/index.php?rest_route=\/wp\/v2\/types\/post"}],"author":[{"embeddable":true,"href":"https:\/\/semndecarte.metarsis.ro\/index.php?rest_route=\/wp\/v2\/users\/1"}],"replies":[{"embeddable":true,"href":"https:\/\/semndecarte.metarsis.ro\/index.php?rest_route=%2Fwp%2Fv2%2Fcomments&post=9496"}],"version-history":[{"count":0,"href":"https:\/\/semndecarte.metarsis.ro\/index.php?rest_route=\/wp\/v2\/posts\/9496\/revisions"}],"wp:attachment":[{"href":"https:\/\/semndecarte.metarsis.ro\/index.php?rest_route=%2Fwp%2Fv2%2Fmedia&parent=9496"}],"wp:term":[{"taxonomy":"category","embeddable":true,"href":"https:\/\/semndecarte.metarsis.ro\/index.php?rest_route=%2Fwp%2Fv2%2Fcategories&post=9496"},{"taxonomy":"post_tag","embeddable":true,"href":"https:\/\/semndecarte.metarsis.ro\/index.php?rest_route=%2Fwp%2Fv2%2Ftags&post=9496"}],"curies":[{"name":"wp","href":"https:\/\/api.w.org\/{rel}","templated":true}]}}