{"id":9494,"date":"2016-01-06T19:22:40","date_gmt":"2016-01-06T17:22:40","guid":{"rendered":"http:\/\/semndecarte.metarsis.ro\/?p=9494"},"modified":"2016-01-06T19:22:40","modified_gmt":"2016-01-06T17:22:40","slug":"la-multi-ani-2016","status":"publish","type":"post","link":"https:\/\/semndecarte.metarsis.ro\/?p=9494","title":{"rendered":"LA MUL\u021aI ANI ! 2016"},"content":{"rendered":"<p>&nbsp;<\/p>\n<p><a href=\"http:\/\/semndecarte.metarsis.ro\/wp-content\/uploads\/2016\/01\/La-multi-ani.jpg\" rel=\"lightbox[9494]\"><img loading=\"lazy\" class=\"size-full wp-image-9495\" src=\"http:\/\/semndecarte.metarsis.ro\/wp-content\/uploads\/2016\/01\/La-multi-ani.jpg\" alt=\"www.allwallpapersfree.org\" width=\"520\" height=\"200\" srcset=\"https:\/\/semndecarte.metarsis.ro\/wp-content\/uploads\/2016\/01\/La-multi-ani.jpg 520w, https:\/\/semndecarte.metarsis.ro\/wp-content\/uploads\/2016\/01\/La-multi-ani-160x62.jpg 160w, https:\/\/semndecarte.metarsis.ro\/wp-content\/uploads\/2016\/01\/La-multi-ani-163x63.jpg 163w\" sizes=\"(max-width: 520px) 100vw, 520px\" \/><\/a><\/p>\n<p style=\"text-align: justify;\">Dragi prieteni,<\/p>\n<p style=\"text-align: justify;\">Am petrecut \u00een 2015, \u00eempreun\u0103, momente emo\u021bionante, neasemuit de frumoase, \u00een care am con\u0219tientizat adev\u0103rata valoare a iubirii cu implica\u021biile sale: aten\u021bie, acceptare, d\u0103ruire, implicare. Am \u00eent\u0103lnit oameni frumo\u0219i, talenta\u021bi \u0219i creativi, oameni implica\u021bi direct sau din umbra \u00een sus\u021binerea evenimentelor prin care am \u00eencercat, dup\u0103 puterile noastre, s\u0103 aducem \u00een con\u0219tiin\u021ba public\u0103 valori din patrimoniul imaterial ale acestui spa\u021biu pluricultural\u00a0de excep\u021bie, cel al Banatului Montan. Datorit\u0103 Dumneavoastr\u0103 proiectele pornite cu pasiune \u0219i \u00eendr\u0103zneal\u0103 s-au materializat. V\u0102 MUL\u021aUMIM.\u00a0<!--more--><\/p>\n<p style=\"text-align: justify;\">Fie ca \u00een\u00a0 2016 s\u0103 fim s\u0103n\u0103to\u0219i, s\u0103 fim \u00eempreun\u0103\u00a0cu ochii \u0219i cu inima largi deschise unul spre cel\u0103lalt, \u00eentr-o s\u0103rbatoare zilnic\u0103 a luminii, a bucuriei \u00eemp\u0103rt\u0103\u0219ite cu familia, cu prietenii adev\u0103ra\u021bi. LA MUL\u0162I ANI!<\/p>\n","protected":false},"excerpt":{"rendered":"<p>Am petrecut \u00een 2015, \u00eempreun\u0103, momente emo\u021bionante, neasemuit de frumoase, \u00een care am con\u0219tientizat adev\u0103rata valoare a iubirii cu implica\u021biile sale: aten\u021bie, acceptare, d\u0103ruire, implicare. Am \u00eent\u0103lnit oameni frumo\u0219i, talenta\u021bi \u0219i creativi, oameni implica\u021bi direct sau din umbra \u00een sus\u021binerea evenimentelor prin care am \u00eencercat, dup\u0103 puterile noastre, s\u0103 aducem \u00een con\u0219tiin\u021ba public\u0103 valori din patrimoniul imaterial ale acestui spa\u021biu pluricultural de excep\u021bie, cel al Banatului Montan. Datorit\u0103 Dumneavoastr\u0103 proiectele pornite cu pasiune \u0219i \u00eendr\u0103zneal\u0103 s-au materializat. V\u0102 MUL\u021aUMIM. <\/p>\n","protected":false},"author":1,"featured_media":0,"comment_status":"open","ping_status":"open","sticky":false,"template":"","format":"standard","meta":[],"categories":[376],"tags":[352],"_links":{"self":[{"href":"https:\/\/semndecarte.metarsis.ro\/index.php?rest_route=\/wp\/v2\/posts\/9494"}],"collection":[{"href":"https:\/\/semndecarte.metarsis.ro\/index.php?rest_route=\/wp\/v2\/posts"}],"about":[{"href":"https:\/\/semndecarte.metarsis.ro\/index.php?rest_route=\/wp\/v2\/types\/post"}],"author":[{"embeddable":true,"href":"https:\/\/semndecarte.metarsis.ro\/index.php?rest_route=\/wp\/v2\/users\/1"}],"replies":[{"embeddable":true,"href":"https:\/\/semndecarte.metarsis.ro\/index.php?rest_route=%2Fwp%2Fv2%2Fcomments&post=9494"}],"version-history":[{"count":0,"href":"https:\/\/semndecarte.metarsis.ro\/index.php?rest_route=\/wp\/v2\/posts\/9494\/revisions"}],"wp:attachment":[{"href":"https:\/\/semndecarte.metarsis.ro\/index.php?rest_route=%2Fwp%2Fv2%2Fmedia&parent=9494"}],"wp:term":[{"taxonomy":"category","embeddable":true,"href":"https:\/\/semndecarte.metarsis.ro\/index.php?rest_route=%2Fwp%2Fv2%2Fcategories&post=9494"},{"taxonomy":"post_tag","embeddable":true,"href":"https:\/\/semndecarte.metarsis.ro\/index.php?rest_route=%2Fwp%2Fv2%2Ftags&post=9494"}],"curies":[{"name":"wp","href":"https:\/\/api.w.org\/{rel}","templated":true}]}}