{"id":9480,"date":"2015-12-23T21:42:07","date_gmt":"2015-12-23T19:42:07","guid":{"rendered":"http:\/\/semndecarte.metarsis.ro\/?p=9480"},"modified":"2015-12-23T21:42:07","modified_gmt":"2015-12-23T19:42:07","slug":"transylvania-dragon","status":"publish","type":"post","link":"https:\/\/semndecarte.metarsis.ro\/?p=9480","title":{"rendered":"Transylvania Dragon"},"content":{"rendered":"<p style=\"text-align: justify;\"><a href=\"http:\/\/semndecarte.metarsis.ro\/wp-content\/uploads\/2015\/12\/cop2.jpg\" rel=\"lightbox[9480]\"><img loading=\"lazy\" class=\"alignleft size-full wp-image-9492\" src=\"http:\/\/semndecarte.metarsis.ro\/wp-content\/uploads\/2015\/12\/cop2.jpg\" alt=\"cop\" width=\"520\" height=\"200\" srcset=\"https:\/\/semndecarte.metarsis.ro\/wp-content\/uploads\/2015\/12\/cop2.jpg 520w, https:\/\/semndecarte.metarsis.ro\/wp-content\/uploads\/2015\/12\/cop2-160x62.jpg 160w, https:\/\/semndecarte.metarsis.ro\/wp-content\/uploads\/2015\/12\/cop2-163x63.jpg 163w\" sizes=\"(max-width: 520px) 100vw, 520px\" \/><\/a>Premier\u0103 original\u0103, asear\u0103 la Re\u0219i\u021ba. Documentarul Transylvania Dragon av\u00e2ndu-l ca regizor pe re\u0219i\u021beanul\u00a0 Sabin DOROHOI \u0219i ca protagonist pe boc\u0219anul\u00a0 Flaviu Cernescu, proiec\u021bie \u00a0acompaniat\u0103 \u00a0LIVE de orchestra Simona Strungaru Symphonics- Bucute\u0219ti a umplut, p\u00e2na la refuz, sala Cinematografului DACIA. <!--more-->Spectacolul prezentat cu verv\u0103 de \u00eensu\u0219i t\u00e2narul \u0219i talentatul regizor a adus pe scen\u0103, \u00eempreun\u0103 \u00a0orchestra, \u00eentr-un moment emo\u021bionant grupul Allegretto al Liceului de Arte Sabin Pautza din Re\u0219i\u021ba coordonat de prof. Ema Moldovan, solist\u0103 Ana Moldovan\u00a0 cu piesa \u201cDe la cap\u0103t\u201d, \u00a0piesa compus\u0103 de trupa Voltaj pentru filmul\u00a0 de scurtmetraj Calea Dunarii \/ Way of the Danube\u00a0regizat de Sabin DOROHOI.\u00a0 Au fost prezenta\u021bi publicului \u0219i cei doi protagoni\u0219ti- copii- \u00a0re\u0219i\u021benii Ionut R\u0103zvan Sch\u00eenteie\u00a0 \u0219i Ana Serena Stanciu.<\/p>\n<p style=\"text-align: justify;\"><a href=\"http:\/\/semndecarte.metarsis.ro\/wp-content\/uploads\/2015\/12\/11.jpg\" rel=\"lightbox[9480]\"><img loading=\"lazy\" class=\"alignleft size-thumbnail wp-image-9487\" src=\"http:\/\/semndecarte.metarsis.ro\/wp-content\/uploads\/2015\/12\/11-95x95.jpg\" alt=\"1\" width=\"95\" height=\"95\" \/><\/a> <a href=\"http:\/\/semndecarte.metarsis.ro\/wp-content\/uploads\/2015\/12\/21.jpg\" rel=\"lightbox[9480]\"><img loading=\"lazy\" class=\"alignleft size-thumbnail wp-image-9488\" src=\"http:\/\/semndecarte.metarsis.ro\/wp-content\/uploads\/2015\/12\/21-95x95.jpg\" alt=\"2\" width=\"95\" height=\"95\" \/><\/a> <a href=\"http:\/\/semndecarte.metarsis.ro\/wp-content\/uploads\/2015\/12\/31.jpg\" rel=\"lightbox[9480]\"><img loading=\"lazy\" class=\"alignleft size-thumbnail wp-image-9489\" src=\"http:\/\/semndecarte.metarsis.ro\/wp-content\/uploads\/2015\/12\/31-95x95.jpg\" alt=\"3\" width=\"95\" height=\"95\" \/><\/a> <a href=\"http:\/\/semndecarte.metarsis.ro\/wp-content\/uploads\/2015\/12\/41.jpg\" rel=\"lightbox[9480]\"><img loading=\"lazy\" class=\"alignleft size-thumbnail wp-image-9490\" src=\"http:\/\/semndecarte.metarsis.ro\/wp-content\/uploads\/2015\/12\/41-95x95.jpg\" alt=\"4\" width=\"95\" height=\"95\" \/><\/a> <a href=\"http:\/\/semndecarte.metarsis.ro\/wp-content\/uploads\/2015\/12\/51.jpg\" rel=\"lightbox[9480]\"><img loading=\"lazy\" class=\"alignleft size-thumbnail wp-image-9491\" src=\"http:\/\/semndecarte.metarsis.ro\/wp-content\/uploads\/2015\/12\/51-95x95.jpg\" alt=\"5\" width=\"95\" height=\"95\" \/><\/a>Un eveniment de promovare non formal\u0103 a Romaniei, o Rom\u00e2nie frumoas\u0103, cu oameni talenta\u021bi.<\/p>\n<p style=\"text-align: justify;\">METARSIS- activit\u0103\u021bi \u0219i servicii de cultur\u0103 urban\u0103 \u0219i art\u0103 contemporan\u0103 \u0219i libr\u0103ria Semn de Carte au fost perteneri ai evenimentului organizat de Transylvania Dragon.<\/p>\n","protected":false},"excerpt":{"rendered":"<p>Premier\u0103 original\u0103, asear\u0103 la Re\u0219i\u021ba. Documentarul Transylvania Dragon av\u00e2ndu-l ca regizor pe re\u0219i\u021beanul  Sabin DOROHOI \u0219i ca protagonist pe boc\u0219anul  Flaviu Cernescu, proiec\u021bie  acompaniat\u0103  LIVE de orchestra Simona Strungaru Symphonics- Bucute\u0219ti a umplut, p\u00e2na la refuz, sala Cinematografului DACIA.<\/p>\n","protected":false},"author":1,"featured_media":0,"comment_status":"open","ping_status":"open","sticky":false,"template":"","format":"standard","meta":[],"categories":[7],"tags":[298,555,553,554],"_links":{"self":[{"href":"https:\/\/semndecarte.metarsis.ro\/index.php?rest_route=\/wp\/v2\/posts\/9480"}],"collection":[{"href":"https:\/\/semndecarte.metarsis.ro\/index.php?rest_route=\/wp\/v2\/posts"}],"about":[{"href":"https:\/\/semndecarte.metarsis.ro\/index.php?rest_route=\/wp\/v2\/types\/post"}],"author":[{"embeddable":true,"href":"https:\/\/semndecarte.metarsis.ro\/index.php?rest_route=\/wp\/v2\/users\/1"}],"replies":[{"embeddable":true,"href":"https:\/\/semndecarte.metarsis.ro\/index.php?rest_route=%2Fwp%2Fv2%2Fcomments&post=9480"}],"version-history":[{"count":0,"href":"https:\/\/semndecarte.metarsis.ro\/index.php?rest_route=\/wp\/v2\/posts\/9480\/revisions"}],"wp:attachment":[{"href":"https:\/\/semndecarte.metarsis.ro\/index.php?rest_route=%2Fwp%2Fv2%2Fmedia&parent=9480"}],"wp:term":[{"taxonomy":"category","embeddable":true,"href":"https:\/\/semndecarte.metarsis.ro\/index.php?rest_route=%2Fwp%2Fv2%2Fcategories&post=9480"},{"taxonomy":"post_tag","embeddable":true,"href":"https:\/\/semndecarte.metarsis.ro\/index.php?rest_route=%2Fwp%2Fv2%2Ftags&post=9480"}],"curies":[{"name":"wp","href":"https:\/\/api.w.org\/{rel}","templated":true}]}}