{"id":9477,"date":"2015-12-19T13:53:17","date_gmt":"2015-12-19T11:53:17","guid":{"rendered":"http:\/\/semndecarte.metarsis.ro\/?p=9477"},"modified":"2015-12-19T13:53:17","modified_gmt":"2015-12-19T11:53:17","slug":"dimitrie-acea","status":"publish","type":"post","link":"https:\/\/semndecarte.metarsis.ro\/?p=9477","title":{"rendered":"Dimitrie ACEA"},"content":{"rendered":"<p><strong><a href=\"http:\/\/semndecarte.metarsis.ro\/wp-content\/uploads\/2015\/12\/thumb.jpg\" rel=\"lightbox[9477]\"><img loading=\"lazy\" class=\"alignleft size-full wp-image-9478\" src=\"http:\/\/semndecarte.metarsis.ro\/wp-content\/uploads\/2015\/12\/thumb.jpg\" alt=\"thumb\" width=\"520\" height=\"200\" srcset=\"https:\/\/semndecarte.metarsis.ro\/wp-content\/uploads\/2015\/12\/thumb.jpg 520w, https:\/\/semndecarte.metarsis.ro\/wp-content\/uploads\/2015\/12\/thumb-160x62.jpg 160w, https:\/\/semndecarte.metarsis.ro\/wp-content\/uploads\/2015\/12\/thumb-163x63.jpg 163w\" sizes=\"(max-width: 520px) 100vw, 520px\" \/><\/a>Nins\u0103-i \u0219ura me-b\u0103tr\u00e2na, poezie \u00een grai<\/strong><\/p>\n<p style=\"text-align: justify;\">V\u0103 invit\u0103m luni, 21 decembrie 2015, orele 17:00, la libr\u0103ria Semn de Carte din str. Libert\u0103tii 13, la o \u00eent\u00e2lnire cu poezia \u00een grai b\u0103n\u0103\u021bean.<\/p>\n<p style=\"text-align: justify;\">Va fi lansat volumul selectat la Concursul de Literatura Dialectal\u0103 B\u0103n\u0103\u021bean\u0103, ed. a III-a,\u00a0 (2014-2015)\u00a0\u00a0<strong>Nins\u0103-i \u0219ura me-b\u0103tr\u00e2na<\/strong>, semnat Dimitrie Acea.<!--more--><\/p>\n<p style=\"text-align: justify;\">Vor recita \u00een grai \u0219i vor colinda copii de la \u0218coala Ginazial\u0103 nr. 7 coordona\u021bi de prof. Cristina Ardeleanu.<\/p>\n<p style=\"text-align: justify;\">Invita\u021bi speciali:\u00a0 prof. dr. Vasile Mircea Zaberca si prof. Angelica Herac<\/p>\n","protected":false},"excerpt":{"rendered":"<p>V\u0103 invit\u0103m luni, 21 decembrie 2015, orele 17:00, la libr\u0103ria Semn de Carte din str. Libert\u0103tii 13, la o \u00eent\u00e2lnire cu poezia \u00een grai b\u0103n\u0103\u021bean.<br \/>\nVa fi lansat volumul selectat la Concursul de Literatura Dialectal\u0103 B\u0103n\u0103\u021bean\u0103, ed. a III-a,  (2014-2015)  Nins\u0103-i \u0219ura me-b\u0103tr\u00e2na, semnat Dimitrie Acea.<\/p>\n","protected":false},"author":1,"featured_media":0,"comment_status":"open","ping_status":"open","sticky":false,"template":"","format":"standard","meta":[],"categories":[3],"tags":[69,349],"_links":{"self":[{"href":"https:\/\/semndecarte.metarsis.ro\/index.php?rest_route=\/wp\/v2\/posts\/9477"}],"collection":[{"href":"https:\/\/semndecarte.metarsis.ro\/index.php?rest_route=\/wp\/v2\/posts"}],"about":[{"href":"https:\/\/semndecarte.metarsis.ro\/index.php?rest_route=\/wp\/v2\/types\/post"}],"author":[{"embeddable":true,"href":"https:\/\/semndecarte.metarsis.ro\/index.php?rest_route=\/wp\/v2\/users\/1"}],"replies":[{"embeddable":true,"href":"https:\/\/semndecarte.metarsis.ro\/index.php?rest_route=%2Fwp%2Fv2%2Fcomments&post=9477"}],"version-history":[{"count":0,"href":"https:\/\/semndecarte.metarsis.ro\/index.php?rest_route=\/wp\/v2\/posts\/9477\/revisions"}],"wp:attachment":[{"href":"https:\/\/semndecarte.metarsis.ro\/index.php?rest_route=%2Fwp%2Fv2%2Fmedia&parent=9477"}],"wp:term":[{"taxonomy":"category","embeddable":true,"href":"https:\/\/semndecarte.metarsis.ro\/index.php?rest_route=%2Fwp%2Fv2%2Fcategories&post=9477"},{"taxonomy":"post_tag","embeddable":true,"href":"https:\/\/semndecarte.metarsis.ro\/index.php?rest_route=%2Fwp%2Fv2%2Ftags&post=9477"}],"curies":[{"name":"wp","href":"https:\/\/api.w.org\/{rel}","templated":true}]}}