{"id":9444,"date":"2015-12-02T16:17:56","date_gmt":"2015-12-02T14:17:56","guid":{"rendered":"http:\/\/semndecarte.metarsis.ro\/?p=9444"},"modified":"2015-12-02T19:11:20","modified_gmt":"2015-12-02T17:11:20","slug":"zilele-culturii-sarbe-la-resita","status":"publish","type":"post","link":"https:\/\/semndecarte.metarsis.ro\/?p=9444","title":{"rendered":"ZILELE CULTURII S\u00c2RBE LA RE\u0218I\u021aA"},"content":{"rendered":"<p>02 &#8211; 05.12. 2015<\/p>\n<p><a href=\"http:\/\/semndecarte.metarsis.ro\/wp-content\/uploads\/2015\/12\/1374378_620523558000280_339293663_n.jpg\" rel=\"lightbox[9444]\"><img loading=\"lazy\" class=\"alignleft size-full wp-image-9445\" src=\"http:\/\/semndecarte.metarsis.ro\/wp-content\/uploads\/2015\/12\/1374378_620523558000280_339293663_n.jpg\" alt=\"1374378_620523558000280_339293663_n\" width=\"520\" height=\"200\" srcset=\"https:\/\/semndecarte.metarsis.ro\/wp-content\/uploads\/2015\/12\/1374378_620523558000280_339293663_n.jpg 520w, https:\/\/semndecarte.metarsis.ro\/wp-content\/uploads\/2015\/12\/1374378_620523558000280_339293663_n-160x62.jpg 160w, https:\/\/semndecarte.metarsis.ro\/wp-content\/uploads\/2015\/12\/1374378_620523558000280_339293663_n-163x63.jpg 163w\" sizes=\"(max-width: 520px) 100vw, 520px\" \/><\/a><\/p>\n<p style=\"text-align: justify;\">Vernisaj pictur\u0103, Salon de Carte, Sear\u0103 literar\u0103<\/p>\n<p style=\"text-align: justify;\">Joi, 3 decembrie 2015, orele 17:30, libr\u0103ria Semn de Carte, str. Libert\u0103\u021bii 13,\u00a0va g\u0103zdui trei dinre evenimentele desf\u0103\u0219urate sub genericul ZILELE CULTURII S\u00c2RBE DIN ROMANIA LA RE\u0218I\u021aA (02.12.2015- 05.12.2015). Astfel, iubitorii de cultur\u0103 au prilejul s\u0103 participe la:<\/p>\n<p style=\"text-align: justify;\"><strong>&#8211; Salon de Carte<\/strong>&#8211; apari\u021bii sub egida Editurii Uniunii S\u00e2rbilor din Rom\u00e2nia<\/p>\n<p style=\"text-align: justify;\"><strong>&#8211; Vernisaj de pictur\u0103\u00a0<\/strong>cu lucr\u0103ri ale participan\u021bilor Coloniei de Art\u0103 din cadrul\u00a0<em>Zilelor Schimb\u0103rii la Fa\u021ba<\/em><\/p>\n<p style=\"text-align: justify;\"><strong>Sear\u0103 literar\u0103<\/strong>\u00a0cu participarea scriitorilor:<\/p>\n<p style=\"text-align: justify;\">\u00a0\u00a0\u00a0\u00a0\u00a0<strong><em>Raiko Kornea<\/em><\/strong>&#8211;\u00a0<u>Limbajul urii<\/u><\/p>\n<p style=\"text-align: justify;\">\u00a0\u00a0\u00a0\u00a0\u00a0<strong><em>Sa\u0219a- Zoran<\/em><\/strong>\u00a0<strong><em>Ia\u015fin<\/em><\/strong>\u00a0&#8211;\u00a0<u>Familiile nobiliare s\u00e2rbe\u015fti din Banat \u00een sec. XV- XVI<\/u><\/p>\n<p style=\"text-align: justify;\">\u00a0\u00a0\u00a0\u00a0\u00a0<strong><em>Borislav Kostici<\/em><\/strong>\u00a0\u2013\u00a0<u>Via\u021ba \u0219i obiceiurile din Clisur\u0103 \u0219i Poliadia\/ Jivot iobiciaii Klisurata i Poliadiiata<\/u><\/p>\n<p style=\"text-align: justify;\">\u00a0\u00a0\u00a0\u00a0\u00a0<strong><em>Predrag Despotovici<\/em><\/strong>&#8211;\u00a0<u>Prohod bilingv \/ Dvoiezi\u010dno opelo<\/u><\/p>\n<p style=\"text-align: justify;\">\u00a0\u00a0\u00a0\u00a0\u00a0<strong><em>Slavomir Gvozdenovici<\/em>\u00a0\u2013\u00a0<\/strong><u>Adresare Belgradului\/ Obra\u010danje Beogradu<\/u><!--more--><\/p>\n<p style=\"text-align: justify;\">V\u0103 invit\u0103m la o sear\u0103 \u00eentre prieteni, s\u0103 cunoa\u0219tem, prin intermediul culturii, una dintre minorit\u0103\u021bile importante ale Rom\u00e2niei- s\u00e2rbii-\u00a0 cu o contribu\u0163ie remarcabil\u0103 la identitatea noastr\u0103 regional\u0103 \u0219i\u00a0 na\u021bional\u0103.<\/p>\n<p style=\"text-align: justify;\">Eveniment organizat de Uniunea S\u00e2rbilor din Rom\u00e2nia, Organiza\u021bia Locala Re\u0219i\u021ba cu sprijinul Societ\u0103\u021bii pentru Cultur\u0103 METARSIS- activit\u0103\u021bi \u0219i servicii de cultur\u0103 urban\u0103 \u0219i art\u0103 contemporan\u0103 prin libr\u0103ria Semnn de Carte.<\/p>\n<p>&nbsp;<\/p>\n","protected":false},"excerpt":{"rendered":"<p>Joi, 3 decembrie 2015, orele 17:30, libr\u0103ria Semn de Carte, str. Libert\u0103\u021bii 13, va g\u0103zdui trei dinre evenimentele desf\u0103\u0219urate sub genericul ZILELE CULTURII S\u00c2RBE DIN ROMANIA LA RE\u0218I\u021aA<\/p>\n","protected":false},"author":1,"featured_media":0,"comment_status":"open","ping_status":"open","sticky":false,"template":"","format":"standard","meta":[],"categories":[3],"tags":[540,271,536,423,541,538,421,539,424,542,537,241],"_links":{"self":[{"href":"https:\/\/semndecarte.metarsis.ro\/index.php?rest_route=\/wp\/v2\/posts\/9444"}],"collection":[{"href":"https:\/\/semndecarte.metarsis.ro\/index.php?rest_route=\/wp\/v2\/posts"}],"about":[{"href":"https:\/\/semndecarte.metarsis.ro\/index.php?rest_route=\/wp\/v2\/types\/post"}],"author":[{"embeddable":true,"href":"https:\/\/semndecarte.metarsis.ro\/index.php?rest_route=\/wp\/v2\/users\/1"}],"replies":[{"embeddable":true,"href":"https:\/\/semndecarte.metarsis.ro\/index.php?rest_route=%2Fwp%2Fv2%2Fcomments&post=9444"}],"version-history":[{"count":0,"href":"https:\/\/semndecarte.metarsis.ro\/index.php?rest_route=\/wp\/v2\/posts\/9444\/revisions"}],"wp:attachment":[{"href":"https:\/\/semndecarte.metarsis.ro\/index.php?rest_route=%2Fwp%2Fv2%2Fmedia&parent=9444"}],"wp:term":[{"taxonomy":"category","embeddable":true,"href":"https:\/\/semndecarte.metarsis.ro\/index.php?rest_route=%2Fwp%2Fv2%2Fcategories&post=9444"},{"taxonomy":"post_tag","embeddable":true,"href":"https:\/\/semndecarte.metarsis.ro\/index.php?rest_route=%2Fwp%2Fv2%2Ftags&post=9444"}],"curies":[{"name":"wp","href":"https:\/\/api.w.org\/{rel}","templated":true}]}}