{"id":9424,"date":"2015-11-26T19:36:05","date_gmt":"2015-11-26T17:36:05","guid":{"rendered":"http:\/\/semndecarte.metarsis.ro\/?p=9424"},"modified":"2015-11-26T20:06:00","modified_gmt":"2015-11-26T18:06:00","slug":"expozitie-de-sculptura-2","status":"publish","type":"post","link":"https:\/\/semndecarte.metarsis.ro\/?p=9424","title":{"rendered":"\u201eJakob Neubauer\u201c- sculptur\u0103 mic\u0103 \u00een lemn"},"content":{"rendered":"<p><strong>Kunstausstellung des Holzschnitzerei- Kreises \u201eJakob Neubauer\u201c des Demokratischen Forums der Banater Berglanddeutschen<\/strong><\/p>\n<p>&nbsp;<\/p>\n<p style=\"text-align: justify;\"><a href=\"http:\/\/semndecarte.metarsis.ro\/wp-content\/uploads\/2015\/11\/Expo-sculpturi.jpg\" rel=\"lightbox[9424]\"><img loading=\"lazy\" class=\"alignleft size-full wp-image-9427\" src=\"http:\/\/semndecarte.metarsis.ro\/wp-content\/uploads\/2015\/11\/Expo-sculpturi.jpg\" alt=\"Expo sculpturi\" width=\"520\" height=\"200\" srcset=\"https:\/\/semndecarte.metarsis.ro\/wp-content\/uploads\/2015\/11\/Expo-sculpturi.jpg 520w, https:\/\/semndecarte.metarsis.ro\/wp-content\/uploads\/2015\/11\/Expo-sculpturi-160x62.jpg 160w, https:\/\/semndecarte.metarsis.ro\/wp-content\/uploads\/2015\/11\/Expo-sculpturi-163x63.jpg 163w\" sizes=\"(max-width: 520px) 100vw, 520px\" \/><\/a>\u201cO pas\u0103re a intrat, odat\u0103, prin fereastra Atelierului meu. \u015ei \u00eencerca s\u0103 ias\u0103 b\u0103t\u00e2nd \u00een geam \u015fi nu g\u0103sea ie\u015firea &#8211; c\u0103ci se lovea mereu de sticl\u0103. S-a a\u015fezat apoi s\u0103 se odihneasc\u0103. \u015ei a \u00eencercat din nou \u015fi a ie\u015fit. Sculptura este la fel: dac\u0103 g\u0103se\u015fti acel geam (acea ie\u015fire), te ridici \u00eenspre cer, intri \u00een \u00eemp\u0103r\u0103\u0163ia cerurilor&#8230;\u201d Constantin Br\u00e2ncu\u015fi.<\/p>\n<p style=\"text-align: justify;\">Miercuri, 25 noiembrie 2015, la libr\u0103ria re\u0219i\u021beana Semn de Carte a fost vernisat\u0103 expozi\u021bia de sculptur\u0103 \u00een lemn cu lucr\u0103ri realizate de membri ai cercului \u201cJacob Neubauer\u201d al Forumului\u00a0 Democrat al Germanilor din Rom\u00e2nia, filiala Cara\u0219-Severin. Purt\u00e2nd numele unui reprezentant de seam\u0103 al etniei germane din Banatul Montan, polisportiv \u0219i artist, Jacob Neubauer (1922- 2001) a fost \u0219i fondator al cercului de sculptur\u0103 \u00een lemn, cerc preluat din 2001 de discipolul s\u0103u- George Molin. Cu o componen\u021b\u0103 eterogen\u0103, aici se \u00eemplinesc, educ\u00e2ndu-se sau reg\u0103sindu-se, prin art\u0103, copii, tineri \u0219i adul\u021bi. <!--more-->Prezent la eveniment, Cristian Chioncel, vicepre\u0219edinte al Forumului Democratic al Germanilor din Banatul Montan a vorbit despre importan\u0163a evenimentelor desf\u0103\u015furate sub genericul\u00a0<em>Toamn\u0103 Cultural\u0103 German\u0103 la Re\u0219i\u021ba<\/em>\u00a0precum \u0219i despre activitatea cercului de sculptur\u0103, mul\u021bumind coordonatorului George Molin \u0219i cursan\u0163ilor pentru \u00eentreaga activitate.<\/p>\n<p style=\"text-align: justify;\">Marius \u0218tiru a subliniat, prin legenda re\u0219i\u021bean\u0103 povestit\u0103, importan\u021ba lucrului f\u0103cut cu pasiune: \u201c\u00cen 1945, \u00een luma ianuarie, a fosr deportat \u00een URSS, printre al\u021bii \u0219i Martin \u00a0KROTKY, strungar \u00een uzinele re\u0219i\u021bene. Dup\u0103 5 ani de lag\u0103r a ajuns \u00een R.F. Germania \u00een loc s\u0103 se \u00eentoarc\u0103 acas\u0103, la Re\u0219i\u021ba. Acolo \u0219i-a ales un loc de munc\u0103 nu \u00een\u00a0meseria lui de baz\u0103, cea de strungar, ci ca sculptor \u00eentr-un atelier care realiza statui din lemn pentru bisericile degradate \u00een timpul r\u0103zboiului. La alegerea locului de munc\u0103 l-a ajutat faptul c\u0103, acas\u0103 la Re\u0219i\u021ba, \u0219i-a petrecut timpul liber sculpt\u00e2nd \u00een lemn. A ales s\u0103 lucreze ca sculptor \u0219i nu ca strungar ob\u021bin\u00e2nd astfel satisfac\u021bii artistice dar \u0219i mul\u021bumiri b\u0103ne\u0219ti ajung\u00e2nd, \u00een final, copatron al acelui atelier \u0219i ating\u00e2nd un statut social superior colegilor s\u0103i care, la sosirea \u00een RFG, au activat \u00een fostele meserii re\u0219i\u021bene\u0219ti. Deci sculptura ofer\u0103 orizonturi multiple de dezvoltare \u0219i trebuie practicat\u0103 \u0219i \u00eencurajat\u0103.\u201d<\/p>\n<p style=\"text-align: justify;\">George Molin a subliniat c\u0103 \u00een cadrul Cercului de Sculptur\u0103 \u201eJakob Neubauer\u201c se promoveaz\u0103 spiritul de echip\u0103, fiind, cu to\u021bii, o adev\u0103rat\u0103 familie, munca de crea\u021bie fiind r\u0103spl\u0103tit\u0103 cu cu premii \u0219i distinc\u021bii importante la expozi\u021biile din Re\u0219i\u021ba, G\u0103r\u00e2na, Oravi\u021ba, Petro\u0219ani, Bac\u0103u, Pite\u0219ti, peste tot unde lucr\u0103rile cursan\u021bilor au fost prezente.<\/p>\n<p style=\"text-align: justify;\">Seara s-a \u00eencheiat cu un program muzical sus\u021binut de trio-ul \u201eBanater Bergland\u201c, ansamblu muzical format din prof. George Gassenheimer- vioara I, ing. Karl Lup\u0219iasca- Vioara a II-a \u015fi Vicenzo\u00a0Cerra\u00a0&#8211; chitar\u0103.<\/p>\n<p style=\"text-align: justify;\">Lucr\u0103rile de sculptur\u0103 mic\u0103 semnate: Adelin \u0219i Tatiana \u021aibru, Serafim, Arsenie \u0219i Georgiana Ciucur, Marianne Florea \u0219i George Molin \u00a0pot fi v\u0103zute \u00een ceain\u0103ria libr\u0103riei Semn de Carte p\u00e2na miercuri, 2 decembrie 2015.<\/p>\n<p style=\"text-align: justify;\">Eveniment cuprins \u00een cea de-a XIII-a edi\u021bie a TOAMNEI CULTURALE GERMANE LA RE\u0218I\u021aA \/ RESCHITAER DEUTSCHER HERBST, XIII, AUFLAGE \u0219i are ca principal organizator Forumul Democratic al Germanilor din Cara\u0219-Severin \u00een parteneriat cu Asocia\u021bia German\u0103 de Cultur\u0103 \u0219i Educa\u021bie a Adul\u021bilor Re\u0219i\u021ba \u0219i Societatea pentru Cultur\u0103 METARSIS- activit\u0103\u021bi \u0219i servicii de cultur\u0103 urban\u0103 \u0219i art\u0103 contemporan\u0103 prin libr\u0103ria Semn de Carte.<\/p>\n<p style=\"text-align: justify;\"><a href=\"http:\/\/semndecarte.metarsis.ro\/wp-content\/uploads\/2015\/11\/Expo-sculpturi_043.jpg\" rel=\"lightbox[9424]\"><img loading=\"lazy\" class=\"alignleft size-thumbnail wp-image-9429\" src=\"http:\/\/semndecarte.metarsis.ro\/wp-content\/uploads\/2015\/11\/Expo-sculpturi_043-95x95.jpg\" alt=\"Expo sculpturi_043\" width=\"95\" height=\"95\" \/><\/a><a href=\"http:\/\/semndecarte.metarsis.ro\/wp-content\/uploads\/2015\/11\/Expo-sculpturi_012.jpg\" rel=\"lightbox[9424]\"><img loading=\"lazy\" class=\"alignleft size-thumbnail wp-image-9430\" src=\"http:\/\/semndecarte.metarsis.ro\/wp-content\/uploads\/2015\/11\/Expo-sculpturi_012-95x95.jpg\" alt=\"Expo sculpturi_012\" width=\"95\" height=\"95\" \/><\/a><a href=\"http:\/\/semndecarte.metarsis.ro\/wp-content\/uploads\/2015\/11\/Expo-sculpturi_013.jpg\" rel=\"lightbox[9424]\"><img loading=\"lazy\" class=\"alignleft size-thumbnail wp-image-9431\" src=\"http:\/\/semndecarte.metarsis.ro\/wp-content\/uploads\/2015\/11\/Expo-sculpturi_013-95x95.jpg\" alt=\"Expo sculpturi_013\" width=\"95\" height=\"95\" \/><\/a><a href=\"http:\/\/semndecarte.metarsis.ro\/wp-content\/uploads\/2015\/11\/Expo-sculpturi_007.jpg\" rel=\"lightbox[9424]\"><img loading=\"lazy\" class=\"alignleft size-thumbnail wp-image-9432\" src=\"http:\/\/semndecarte.metarsis.ro\/wp-content\/uploads\/2015\/11\/Expo-sculpturi_007-95x95.jpg\" alt=\"Expo sculpturi_007\" width=\"95\" height=\"95\" \/><\/a><a href=\"http:\/\/semndecarte.metarsis.ro\/wp-content\/uploads\/2015\/11\/Expo-sculpturi_044.jpg\" rel=\"lightbox[9424]\"><img loading=\"lazy\" class=\"alignleft size-thumbnail wp-image-9433\" src=\"http:\/\/semndecarte.metarsis.ro\/wp-content\/uploads\/2015\/11\/Expo-sculpturi_044-95x95.jpg\" alt=\"Expo sculpturi_044\" width=\"95\" height=\"95\" \/><\/a><a href=\"http:\/\/semndecarte.metarsis.ro\/wp-content\/uploads\/2015\/11\/Expo-sculpturi_004.jpg\" rel=\"lightbox[9424]\"><img loading=\"lazy\" class=\"alignleft size-thumbnail wp-image-9434\" src=\"http:\/\/semndecarte.metarsis.ro\/wp-content\/uploads\/2015\/11\/Expo-sculpturi_004-95x95.jpg\" alt=\"Expo sculpturi_004\" width=\"95\" height=\"95\" \/><\/a><a href=\"http:\/\/semndecarte.metarsis.ro\/wp-content\/uploads\/2015\/11\/Expo-sculpturi_019.jpg\" rel=\"lightbox[9424]\"><img loading=\"lazy\" class=\"alignleft size-thumbnail wp-image-9435\" src=\"http:\/\/semndecarte.metarsis.ro\/wp-content\/uploads\/2015\/11\/Expo-sculpturi_019-95x95.jpg\" alt=\"Expo sculpturi_019\" width=\"95\" height=\"95\" \/><\/a><a href=\"http:\/\/semndecarte.metarsis.ro\/wp-content\/uploads\/2015\/11\/Expo-sculpturi_001.jpg\" rel=\"lightbox[9424]\"><img loading=\"lazy\" class=\"alignleft size-thumbnail wp-image-9436\" src=\"http:\/\/semndecarte.metarsis.ro\/wp-content\/uploads\/2015\/11\/Expo-sculpturi_001-95x95.jpg\" alt=\"Expo sculpturi_001\" width=\"95\" height=\"95\" \/><\/a><a href=\"http:\/\/semndecarte.metarsis.ro\/wp-content\/uploads\/2015\/11\/Expo-sculpturi_036.jpg\" rel=\"lightbox[9424]\"><img loading=\"lazy\" class=\"alignleft size-thumbnail wp-image-9437\" src=\"http:\/\/semndecarte.metarsis.ro\/wp-content\/uploads\/2015\/11\/Expo-sculpturi_036-95x95.jpg\" alt=\"Expo sculpturi_036\" width=\"95\" height=\"95\" \/><\/a><a href=\"http:\/\/semndecarte.metarsis.ro\/wp-content\/uploads\/2015\/11\/Expo-sculpturi_015.jpg\" rel=\"lightbox[9424]\"><img loading=\"lazy\" class=\"alignleft size-thumbnail wp-image-9438\" src=\"http:\/\/semndecarte.metarsis.ro\/wp-content\/uploads\/2015\/11\/Expo-sculpturi_015-95x95.jpg\" alt=\"Expo sculpturi_015\" width=\"95\" height=\"95\" \/><\/a><a href=\"http:\/\/semndecarte.metarsis.ro\/wp-content\/uploads\/2015\/11\/Expo-sculpturi_038.jpg\" rel=\"lightbox[9424]\"><img loading=\"lazy\" class=\"alignleft size-thumbnail wp-image-9439\" src=\"http:\/\/semndecarte.metarsis.ro\/wp-content\/uploads\/2015\/11\/Expo-sculpturi_038-95x95.jpg\" alt=\"Expo sculpturi_038\" width=\"95\" height=\"95\" \/><\/a><a href=\"http:\/\/semndecarte.metarsis.ro\/wp-content\/uploads\/2015\/11\/Expo-sculpturi_018.jpg\" rel=\"lightbox[9424]\"><img loading=\"lazy\" class=\"alignleft size-thumbnail wp-image-9440\" src=\"http:\/\/semndecarte.metarsis.ro\/wp-content\/uploads\/2015\/11\/Expo-sculpturi_018-95x95.jpg\" alt=\"Expo sculpturi_018\" width=\"95\" height=\"95\" \/><\/a><a href=\"http:\/\/semndecarte.metarsis.ro\/wp-content\/uploads\/2015\/11\/Expo-sculpturi_021.jpg\" rel=\"lightbox[9424]\"><img loading=\"lazy\" class=\"alignleft size-thumbnail wp-image-9441\" src=\"http:\/\/semndecarte.metarsis.ro\/wp-content\/uploads\/2015\/11\/Expo-sculpturi_021-95x95.jpg\" alt=\"Expo sculpturi_021\" width=\"95\" height=\"95\" \/><\/a><a href=\"http:\/\/semndecarte.metarsis.ro\/wp-content\/uploads\/2015\/11\/Expo-sculpturi_011.jpg\" rel=\"lightbox[9424]\"><img loading=\"lazy\" class=\"alignleft size-thumbnail wp-image-9442\" src=\"http:\/\/semndecarte.metarsis.ro\/wp-content\/uploads\/2015\/11\/Expo-sculpturi_011-95x95.jpg\" alt=\"Expo sculpturi_011\" width=\"95\" height=\"95\" \/><\/a><a href=\"http:\/\/semndecarte.metarsis.ro\/wp-content\/uploads\/2015\/11\/Expo-sculpturi_042.jpg\" rel=\"lightbox[9424]\"><img loading=\"lazy\" class=\"alignleft size-thumbnail wp-image-9428\" src=\"http:\/\/semndecarte.metarsis.ro\/wp-content\/uploads\/2015\/11\/Expo-sculpturi_042-95x95.jpg\" alt=\"Expo sculpturi_042\" width=\"95\" height=\"95\" \/><\/a><\/p>\n","protected":false},"excerpt":{"rendered":"<p>Miercuri, 25 noiembrie 2015, la libr\u0103ria re\u0219i\u021beana Semn de Carte a fost vernisat\u0103 expozi\u021bia de sculptur\u0103 \u00een lemn cu lucr\u0103ri realizate de membri ai cercului \u201cJacob Neubauer\u201d al Forumului  Democrat al Germanilor din Rom\u00e2nia, filiala Cara\u0219-Severin. <\/p>\n","protected":false},"author":1,"featured_media":0,"comment_status":"open","ping_status":"open","sticky":false,"template":"","format":"standard","meta":[],"categories":[3],"tags":[493,535],"_links":{"self":[{"href":"https:\/\/semndecarte.metarsis.ro\/index.php?rest_route=\/wp\/v2\/posts\/9424"}],"collection":[{"href":"https:\/\/semndecarte.metarsis.ro\/index.php?rest_route=\/wp\/v2\/posts"}],"about":[{"href":"https:\/\/semndecarte.metarsis.ro\/index.php?rest_route=\/wp\/v2\/types\/post"}],"author":[{"embeddable":true,"href":"https:\/\/semndecarte.metarsis.ro\/index.php?rest_route=\/wp\/v2\/users\/1"}],"replies":[{"embeddable":true,"href":"https:\/\/semndecarte.metarsis.ro\/index.php?rest_route=%2Fwp%2Fv2%2Fcomments&post=9424"}],"version-history":[{"count":0,"href":"https:\/\/semndecarte.metarsis.ro\/index.php?rest_route=\/wp\/v2\/posts\/9424\/revisions"}],"wp:attachment":[{"href":"https:\/\/semndecarte.metarsis.ro\/index.php?rest_route=%2Fwp%2Fv2%2Fmedia&parent=9424"}],"wp:term":[{"taxonomy":"category","embeddable":true,"href":"https:\/\/semndecarte.metarsis.ro\/index.php?rest_route=%2Fwp%2Fv2%2Fcategories&post=9424"},{"taxonomy":"post_tag","embeddable":true,"href":"https:\/\/semndecarte.metarsis.ro\/index.php?rest_route=%2Fwp%2Fv2%2Ftags&post=9424"}],"curies":[{"name":"wp","href":"https:\/\/api.w.org\/{rel}","templated":true}]}}