{"id":9383,"date":"2015-11-04T21:01:08","date_gmt":"2015-11-04T19:01:08","guid":{"rendered":"http:\/\/semndecarte.metarsis.ro\/?p=9383"},"modified":"2015-11-04T21:01:08","modified_gmt":"2015-11-04T19:01:08","slug":"dan-d-farcas-fapte-si-raspantii","status":"publish","type":"post","link":"https:\/\/semndecarte.metarsis.ro\/?p=9383","title":{"rendered":"Dan D. Farca\u015f, Fapte \u0219i r\u0103sp\u00e2ntii"},"content":{"rendered":"<p style=\"text-align: justify;\"><a href=\"http:\/\/semndecarte.metarsis.ro\/wp-content\/uploads\/2015\/11\/Dan-D-Farcas-ziua3-OZN_-078.jpg\" rel=\"lightbox[9383]\"><img loading=\"lazy\" class=\"alignleft size-full wp-image-9384\" src=\"http:\/\/semndecarte.metarsis.ro\/wp-content\/uploads\/2015\/11\/Dan-D-Farcas-ziua3-OZN_-078.jpg\" alt=\"Dan D Farcas ziua3-OZN_ 078\" width=\"520\" height=\"220\" srcset=\"https:\/\/semndecarte.metarsis.ro\/wp-content\/uploads\/2015\/11\/Dan-D-Farcas-ziua3-OZN_-078.jpg 520w, https:\/\/semndecarte.metarsis.ro\/wp-content\/uploads\/2015\/11\/Dan-D-Farcas-ziua3-OZN_-078-160x68.jpg 160w, https:\/\/semndecarte.metarsis.ro\/wp-content\/uploads\/2015\/11\/Dan-D-Farcas-ziua3-OZN_-078-163x69.jpg 163w\" sizes=\"(max-width: 520px) 100vw, 520px\" \/><\/a>Joi, 05 noiembrie 2015, orele 17:00, la libr\u0103ria Semn de Carte din Re\u0219i\u021ba, str. Libert\u0103\u021bii 13, va avea loc o \u00eent\u00e2lnire nonformal\u0103, \u00eentre prieteni, cu academician, dr. mat. Dan D. Farca\u015f. Re\u015fi\u0163ean\u00a0 la origine, cu o carier\u0103 excep\u0163ional\u0103 \u00een matematic\u0103 \u015fi informatic\u0103 (programator al MECIPT I \u00eentre anii 1962-1967), av\u00e2nd ca domenii principale de competen\u0163\u0103 modelarea matematic\u0103 a proceselor, cercetarea opera\u0163ional\u0103, strategia cercet\u0103rii \u015ftiin\u0163ifice, informatica pentru management, strategii de informatizare, analiz\u0103, proiectare \u015fi coordonarea realiz\u0103rii informatice,\u00a0pre\u015fedinte \u00a0al Asociatiei pentru Studiul Fenomenelor Aerospa\u0163iale Neindentificate, Dan D. Farcas este autor al peste 25 de volume de specialitate, eseuri \u015fi memorialistic\u0103.<\/p>\n<p style=\"text-align: justify;\">Dup\u0103 \u201cR\u0103t\u0103cind prin Re\u015fi\u0163a pierdut\u0103\u201d, carte de succes\u00a0 ajuns\u0103 la a III-a edi\u0163ie, Dan D. Farca\u015f vine acas\u0103 cu volumul \u201cFapte \u015fi r\u0103sp\u00e2ntii\u201d, lucrare autobiografic\u0103, o carte care porne\u015fte din Banat \u015fi ajunge la Bucure\u015fti, cu povestea primului calculator rom\u00e2nesc, document al unei epoci.<\/p>\n<p style=\"text-align: justify;\">Invita\u0163i speciali: Gheorghe Jurma,\u00a0 scriitor \u015fi editor, Daniel Borgros, scriitor, jurnalist.<!--more--><\/p>\n<p style=\"text-align: justify;\">\n<p style=\"text-align: justify;\">Dan D. Farca\u015f<\/p>\n<p style=\"text-align: justify;\">&#8211; n\u0103scut la 01 aprilie 1940 la Re\u015fi\u0163a,<\/p>\n<p style=\"text-align: justify;\">&#8211; absolvent al Facult\u0103\u0163ii de Matematic\u0103 \u015fi Fizic\u0103 din Timi\u015foara (1960) ,<\/p>\n<p style=\"text-align: justify;\">&#8211; doctor \u00een matematici cu specializarea &#8222;ma\u015fini de calcul&#8221; la Universitatea Bucure\u015fti (1979),<\/p>\n<p style=\"text-align: justify;\">&#8211; membru corespondent al Academiei de \u015etiin\u0163e Medicale din 1991 \u015fi membru titular(din 1993)<\/p>\n<p style=\"text-align: justify;\">&#8211; Laureat al premiului &#8222;Gh. Marinescu&#8221; al Academiei Rom\u00e2ne (1988) pentru volumul &#8222;Informatica medical\u0103&#8221;<\/p>\n<p style=\"text-align: justify;\">&#8211; cursuri de informatic\u0103 la IBM Bucure\u015fti (1968), Paris (1969 \u015fi Bonn (1971)<\/p>\n<p style=\"text-align: justify;\">&#8211; expert \u00een grupul de lucru eHealth al Directoratuli General pentru Societatea Informa\u0163ional\u0103 \u015fi Media al Comisiei Europene (1991-2010)<\/p>\n<p style=\"text-align: justify;\">&#8211; Consilier temporar al Organiza\u0163iei Mondiale a S\u0103n\u0103t\u0103\u0163ii , Biroul Regional pentru Europa 1997- 2011<\/p>\n<p style=\"text-align: justify;\">&#8211; Vicepre\u015fedinte al Asocia\u0163iei pentru Studiul Fenomenelor Aerospa\u0163iale Neindentificate (ASFAN) din 1998 p\u00e2n\u0103 \u00een 2011 c\u00e2nd devine pre\u015fedinte ASFAN<\/p>\n<p style=\"text-align: justify;\">&#8211; prgramator la calculatorul MECIPT I (1962-1967), secretar \u015ftiin\u0163ific al Centrului de Calcul IP Timi\u015foara<\/p>\n<p style=\"text-align: justify;\">&#8211; autor al peste 25\u00a0 de c\u0103r\u0163i de specialitate (informatic\u0103, matematic\u0103) dar \u015fi eseuri \u015fi memorialistic\u0103 ap\u0103rute la Bucure\u015fti \u015fi Re\u015fi\u0163a<\/p>\n<p style=\"text-align: justify;\">Dan D. Farca\u015f are ca domenii principale de competen\u0163\u0103 modelarea matematic\u0103 a proceselor, cercetarea opera\u0163ional\u0103, strategia cercet\u0103rii \u015ftiin\u0163ifice, informatic\u0103 pentru management, strategii de informatizare, analiz\u0103, proiectare \u015fi coordonarea realiz\u0103rii informatice.<\/p>\n","protected":false},"excerpt":{"rendered":"<p>Joi, 05 noiembrie 2015, orele 17:00, la libr\u0103ria Semn de Carte din Re\u0219i\u021ba, str. Libert\u0103\u021bii 13, va avea loc o \u00eent\u00e2lnire nonformal\u0103, \u00eentre prieteni, cu academician, dr. mat. Dan D. Farca\u015f. Re\u015fi\u0163ean  la origine, cu o carier\u0103 excep\u0163ional\u0103 \u00een matematic\u0103 \u015fi informatic\u0103 (programator al MECIPT I \u00eentre anii 1962-1967), av\u00e2nd ca domenii principale de competen\u0163\u0103 modelarea matematic\u0103 a proceselor, cercetarea opera\u0163ional\u0103, strategia cercet\u0103rii \u015ftiin\u0163ifice, informatica pentru management, strategii de informatizare, analiz\u0103, proiectare \u015fi coordonarea realiz\u0103rii informatice, pre\u015fedinte  al Asociatiei pentru Studiul Fenomenelor Aerospa\u0163iale Neindentificate, Dan D. Farcas este autor al peste 25 de volume de specialitate, eseuri \u015fi memorialistic\u0103.<br \/>\nDup\u0103 \u201cR\u0103t\u0103cind prin Re\u015fi\u0163a pierdut\u0103\u201d, carte de succes  ajuns\u0103 la a III-a edi\u0163ie, Dan D. Farca\u015f vine acas\u0103 cu volumul \u201cFapte \u015fi r\u0103sp\u00e2ntii\u201d, lucrare autobiografic\u0103, o carte care porne\u015fte din Banat \u015fi ajunge la Bucure\u015fti, cu povestea primului calculator rom\u00e2nesc, document al unei epoci.<\/p>\n","protected":false},"author":1,"featured_media":0,"comment_status":"open","ping_status":"open","sticky":false,"template":"","format":"standard","meta":[],"categories":[3],"tags":[532,69,534,533],"_links":{"self":[{"href":"https:\/\/semndecarte.metarsis.ro\/index.php?rest_route=\/wp\/v2\/posts\/9383"}],"collection":[{"href":"https:\/\/semndecarte.metarsis.ro\/index.php?rest_route=\/wp\/v2\/posts"}],"about":[{"href":"https:\/\/semndecarte.metarsis.ro\/index.php?rest_route=\/wp\/v2\/types\/post"}],"author":[{"embeddable":true,"href":"https:\/\/semndecarte.metarsis.ro\/index.php?rest_route=\/wp\/v2\/users\/1"}],"replies":[{"embeddable":true,"href":"https:\/\/semndecarte.metarsis.ro\/index.php?rest_route=%2Fwp%2Fv2%2Fcomments&post=9383"}],"version-history":[{"count":0,"href":"https:\/\/semndecarte.metarsis.ro\/index.php?rest_route=\/wp\/v2\/posts\/9383\/revisions"}],"wp:attachment":[{"href":"https:\/\/semndecarte.metarsis.ro\/index.php?rest_route=%2Fwp%2Fv2%2Fmedia&parent=9383"}],"wp:term":[{"taxonomy":"category","embeddable":true,"href":"https:\/\/semndecarte.metarsis.ro\/index.php?rest_route=%2Fwp%2Fv2%2Fcategories&post=9383"},{"taxonomy":"post_tag","embeddable":true,"href":"https:\/\/semndecarte.metarsis.ro\/index.php?rest_route=%2Fwp%2Fv2%2Ftags&post=9383"}],"curies":[{"name":"wp","href":"https:\/\/api.w.org\/{rel}","templated":true}]}}