{"id":9373,"date":"2015-10-27T21:31:06","date_gmt":"2015-10-27T19:31:06","guid":{"rendered":"http:\/\/semndecarte.metarsis.ro\/?p=9373"},"modified":"2015-10-28T08:34:05","modified_gmt":"2015-10-28T06:34:05","slug":"aurora-banatului","status":"publish","type":"post","link":"https:\/\/semndecarte.metarsis.ro\/?p=9373","title":{"rendered":"Aurora Banatului"},"content":{"rendered":"<p><a href=\"http:\/\/semndecarte.metarsis.ro\/wp-content\/uploads\/2015\/10\/Marilla_1926.jpg\" rel=\"lightbox[9373]\"><img loading=\"lazy\" class=\"alignleft size-full wp-image-9374\" src=\"http:\/\/semndecarte.metarsis.ro\/wp-content\/uploads\/2015\/10\/Marilla_1926.jpg\" alt=\"Marilla_1926\" width=\"520\" height=\"287\" srcset=\"https:\/\/semndecarte.metarsis.ro\/wp-content\/uploads\/2015\/10\/Marilla_1926.jpg 520w, https:\/\/semndecarte.metarsis.ro\/wp-content\/uploads\/2015\/10\/Marilla_1926-160x88.jpg 160w, https:\/\/semndecarte.metarsis.ro\/wp-content\/uploads\/2015\/10\/Marilla_1926-163x90.jpg 163w\" sizes=\"(max-width: 520px) 100vw, 520px\" \/><\/a><\/p>\n<p style=\"text-align: justify;\"><strong>Expo fotografie Nicolae \u0218u\u0219ar\u0103<\/strong><\/p>\n<p style=\"text-align: justify;\">\u00cendr\u0103gostit iremediabil de natur\u0103- \u00een general,\u00a0 \u0219i de Mun\u0163ii Aninei- \u00een special, Nicolae \u0218u\u0219ar\u0103, adev\u0103rat promoter al zonei, aduce \u00een fa\u021ba re\u0219i\u021benilor miercuri, 28\u00a0octombrie 2015, de la orele 17:00, fotografii relizate \u00een arealul supranumit Aurora Banatului.<\/p>\n<p style=\"text-align: justify;\">O \u00eentalnire, prin intermediul fotografiilor realizate de Nicu \u0218u\u0219ar\u0103, cu un co\u021b de Rai din Banatul Montan. Fotografii, legende, informa\u021bii reale despre locuri, natur\u0103 \u0219i oameni \u00eentr-o discu\u021bie nonformala cu cel ce locuie\u0219te permanent\u00a0 la Cantonul de la Lacul Buhui, \u00eei prime\u0219te \u0219i-i \u00eendruma pe turi\u0219ti \u00een zon\u0103 cu\u00a0deosebit\u0103 voca\u021bie.<!--more--><\/p>\n<p style=\"text-align: justify;\">\u00a0Zona turistic\u0103 AURORA BANATULUI\u00a0 este \u201eperla\u201d turismului din Banat, de o frumuse\u0163e neasemuit\u0103, \u00eenc\u00e2t turistul care a descoperit-o este cuprins de dorin\u0163a\u00a0 unei permanente \u201eredescoperiri\u201d. Cele dou\u0103 ora\u015fe din zon\u0103, Anina \u015fi Oravi\u0163a, sunt legate prin cea mai spectaculoas\u0103 cale ferat\u0103 de munte din sud-estul Europei, cunoscut\u0103 sub denumirea de \u201eSemeringul b\u0103n\u0103\u0163ean\u201d \u015fi, tocmai de aceea, despre istoria lor se poate vorbi numai prin superlativele \u201ecel mai\u201d \u015fi \u201ecea mai\u201d. Ora\u015ful Anina este ora\u015ful al c\u0103rui nume, de oriunde l-ai citi, acela\u015fi nume va fi. Anina a fost \u201ecentrul minier\u201d cu cel mai bun c\u0103rbune de \u201epiatr\u0103 neagr\u0103\u201d \u015fi cu cea mai ad\u00e2nc\u0103 min\u0103 din Banat (1240 m) \u015fi a doua din Europa. La Anina-\u015eteierdorf, \u00een perioada interbelic\u0103, a fost sta\u0163iunea climateric\u0103 Aurora Banatului sau Sommerfrische, cum s-a numit din anul \u00eenfiin\u0163\u0103rii (1893) \u015fi p\u00e2n\u0103 \u00een 1930; sta\u0163iunea era cunoscut\u0103 \u00een toat\u0103 Europa pentru cea mai bun\u0103 \u201ecur\u0103 de aer\u201d curat \u015fi ozonat. Este \u015fi premisa pentru care cu acela\u015fi nume vom prezenta aceast\u0103 zon\u0103 turistic\u0103, unde sunt \u201ebijuteriile\u201d turistice ale Banatului Montan.<\/p>\n<p style=\"text-align: justify;\">Invita\u021bi speciali: membri ai clubului Nutrisan Re\u0219i\u021ba \u0219i Drume\u021bii din Clubul Prietenii Mun\u021bilor Re\u0219i\u021ba.<\/p>\n","protected":false},"excerpt":{"rendered":"<p>\u00cendr\u0103gostit iremediabil de natur\u0103- \u00een general,  \u0219i de Mun\u0163ii Aninei- \u00een special, Nicolae \u0218u\u0219ar\u0103, adev\u0103rat promoter al zonei, aduce \u00een fa\u021ba re\u0219i\u021benilor miercuri, 15 octombrie 2015, de la orele 17:00, fotografii relizate \u00een arealul supranumit Aurora Banatului.<\/p>\n","protected":false},"author":1,"featured_media":0,"comment_status":"open","ping_status":"open","sticky":false,"template":"","format":"standard","meta":[],"categories":[3],"tags":[528,526,530,527,529],"_links":{"self":[{"href":"https:\/\/semndecarte.metarsis.ro\/index.php?rest_route=\/wp\/v2\/posts\/9373"}],"collection":[{"href":"https:\/\/semndecarte.metarsis.ro\/index.php?rest_route=\/wp\/v2\/posts"}],"about":[{"href":"https:\/\/semndecarte.metarsis.ro\/index.php?rest_route=\/wp\/v2\/types\/post"}],"author":[{"embeddable":true,"href":"https:\/\/semndecarte.metarsis.ro\/index.php?rest_route=\/wp\/v2\/users\/1"}],"replies":[{"embeddable":true,"href":"https:\/\/semndecarte.metarsis.ro\/index.php?rest_route=%2Fwp%2Fv2%2Fcomments&post=9373"}],"version-history":[{"count":0,"href":"https:\/\/semndecarte.metarsis.ro\/index.php?rest_route=\/wp\/v2\/posts\/9373\/revisions"}],"wp:attachment":[{"href":"https:\/\/semndecarte.metarsis.ro\/index.php?rest_route=%2Fwp%2Fv2%2Fmedia&parent=9373"}],"wp:term":[{"taxonomy":"category","embeddable":true,"href":"https:\/\/semndecarte.metarsis.ro\/index.php?rest_route=%2Fwp%2Fv2%2Fcategories&post=9373"},{"taxonomy":"post_tag","embeddable":true,"href":"https:\/\/semndecarte.metarsis.ro\/index.php?rest_route=%2Fwp%2Fv2%2Ftags&post=9373"}],"curies":[{"name":"wp","href":"https:\/\/api.w.org\/{rel}","templated":true}]}}