{"id":9289,"date":"2015-10-14T16:15:18","date_gmt":"2015-10-14T14:15:18","guid":{"rendered":"http:\/\/semndecarte.metarsis.ro\/?p=9289"},"modified":"2015-10-14T16:15:18","modified_gmt":"2015-10-14T14:15:18","slug":"croatii-din-banatul-montan","status":"publish","type":"post","link":"https:\/\/semndecarte.metarsis.ro\/?p=9289","title":{"rendered":"Croa\u021bii din Banatul Montan"},"content":{"rendered":"<p style=\"line-height: 13.15pt; background: white; margin: 6.0pt 0in 12.0pt 0in;\"><span style=\"font-size: 9.0pt; font-family: Arial; color: #555555;\">Prezentare comunitate<\/span><\/p>\n<p style=\"line-height: 13.15pt; orphans: auto; text-align: justify; widows: 1; -webkit-text-stroke-width: 0px; word-spacing: 0px; margin: 6pt 0in 12pt; background-image: initial; background-attachment: initial; background-color: white; background-size: initial; background-origin: initial; background-clip: initial; background-position: initial; background-repeat: initial;\"><span style=\"font-size: 9.0pt; font-family: Arial; color: #555555;\"><a href=\"http:\/\/semndecarte.metarsis.ro\/wp-content\/uploads\/2015\/10\/Carasoveni.jpg\" rel=\"lightbox[9289]\"><img loading=\"lazy\" class=\"alignleft size-full wp-image-9290\" src=\"http:\/\/semndecarte.metarsis.ro\/wp-content\/uploads\/2015\/10\/Carasoveni.jpg\" alt=\"Carasoveni\" width=\"520\" height=\"200\" srcset=\"https:\/\/semndecarte.metarsis.ro\/wp-content\/uploads\/2015\/10\/Carasoveni.jpg 520w, https:\/\/semndecarte.metarsis.ro\/wp-content\/uploads\/2015\/10\/Carasoveni-160x62.jpg 160w, https:\/\/semndecarte.metarsis.ro\/wp-content\/uploads\/2015\/10\/Carasoveni-163x63.jpg 163w\" sizes=\"(max-width: 520px) 100vw, 520px\" \/><\/a>Joi, 15 octombrie 2015, orele 17:30, v\u0103 invit\u0103m la libr\u0103ria Semn de Carte din Re\u0219i\u021ba, str. Libert\u0103\u021bii 13, pentru a cunoa\u0219te una dintre etniile de frunte ale Banatului Montan- CROA\u021aII sau cra\u0219ovenii (cara\u0219overii). Atesta\u021bi documentar \u00eenc\u0103 din secolul al XIV-lea, \u00eemp\u0103r\u021bi\u021bi azi \u00een doua comune: Cara\u0219ova (cu satele; Cara\u0219ova, Nermed, Iabalcea) \u0219i Lupac (cu satele:Lupac, Clocotici, Rafnic \u0219i Vodnic), croa\u021bii sunt oameni frumo\u0219i, m\u00e2ndri \u0219i harnici, cu un port popular de o frumuse\u021be aparte.<\/span><!--more--><\/p>\n<p style=\"line-height: 13.15pt; orphans: auto; text-align: justify; widows: 1; -webkit-text-stroke-width: 0px; word-spacing: 0px; margin: 6pt 0in 12pt; background-image: initial; background-attachment: initial; background-color: white; background-size: initial; background-origin: initial; background-clip: initial; background-position: initial; background-repeat: initial;\"><span style=\"font-size: 9.0pt; font-family: Arial; color: #555555;\">V\u0103 invit\u0103m s\u0103 afl\u0103m, \u00eempreun\u0103, mai multe despe croa\u021bii din Banatul Montan prin:<\/span><\/p>\n<p style=\"line-height: 13.15pt; orphans: auto; text-align: justify; widows: 1; -webkit-text-stroke-width: 0px; word-spacing: 0px; margin: 6pt 0in 12pt; background-image: initial; background-attachment: initial; background-color: white; background-size: initial; background-origin: initial; background-clip: initial; background-position: initial; background-repeat: initial;\"><span style=\"font-size: 9.0pt; font-family: Arial; color: #555555;\">*expozi\u021bie de fotografie<\/span><\/p>\n<p style=\"line-height: 13.15pt; orphans: auto; text-align: justify; widows: 1; -webkit-text-stroke-width: 0px; word-spacing: 0px; margin: 6pt 0in 12pt; background-image: initial; background-attachment: initial; background-color: white; background-size: initial; background-origin: initial; background-clip: initial; background-position: initial; background-repeat: initial;\"><span style=\"font-size: 9.0pt; font-family: Arial; color: #555555;\">*expoz\u021bie costume populare cra\u0219ovene\u0219ti<\/span><\/p>\n<p style=\"line-height: 13.15pt; orphans: auto; text-align: justify; widows: 1; -webkit-text-stroke-width: 0px; word-spacing: 0px; margin: 6pt 0in 12pt; background-image: initial; background-attachment: initial; background-color: white; background-size: initial; background-origin: initial; background-clip: initial; background-position: initial; background-repeat: initial;\"><span style=\"font-size: 9.0pt; font-family: Arial; color: #555555;\">*mic atelier (\u0219ez\u0103toare) de me\u0219te\u0219uguri<\/span><\/p>\n<p style=\"line-height: 13.15pt; orphans: auto; text-align: justify; widows: 1; -webkit-text-stroke-width: 0px; word-spacing: 0px; margin: 6pt 0in 12pt; background-image: initial; background-attachment: initial; background-color: white; background-size: initial; background-origin: initial; background-clip: initial; background-position: initial; background-repeat: initial;\"><span style=\"font-size: 9.0pt; font-family: Arial; color: #555555;\">* prezentarea comunit\u0103\u021bii, obiceiuri, tradi\u021btii, muzic\u0103<\/span><\/p>\n<p style=\"line-height: 13.15pt; orphans: auto; text-align: justify; widows: 1; -webkit-text-stroke-width: 0px; word-spacing: 0px; margin: 6pt 0in 12pt; background-image: initial; background-attachment: initial; background-color: white; background-size: initial; background-origin: initial; background-clip: initial; background-position: initial; background-repeat: initial;\"><span style=\"font-size: 9.0pt; font-family: Arial; color: #555555;\">*<\/span><span class=\"apple-converted-space\"><span style=\"font-size: 8.0pt; font-family: Arial; color: #222222;\">\u00a0<\/span><\/span><span style=\"font-size: 9.0pt; font-family: Arial; color: #555555;\">\u00a0mic bufet croat-cara\u0219ovenesc &#8211; \u021buic\u0103, br\u00e2nz\u0103 de oaie, m\u0103lai \u0219i paprica\u0219 de miel.<\/span><\/p>\n<p style=\"line-height: 13.15pt; orphans: auto; text-align: justify; widows: 1; -webkit-text-stroke-width: 0px; word-spacing: 0px; margin: 6pt 0in 12pt; background-image: initial; background-attachment: initial; background-color: white; background-size: initial; background-origin: initial; background-clip: initial; background-position: initial; background-repeat: initial;\"><span style=\"font-size: 9.0pt; font-family: Arial; color: #555555;\">Va fi prezent\u0103 Nicoleta Mariana Vlasici, 19 ani, MISS DIASPORA 2015<\/span><\/p>\n<p style=\"line-height: 13.15pt; orphans: auto; text-align: justify; widows: 1; -webkit-text-stroke-width: 0px; word-spacing: 0px; background-image: initial; background-attachment: initial; background-color: white; background-size: initial; background-origin: initial; background-clip: initial; background-position: initial; background-repeat: initial;\"><span style=\"font-size: 9.0pt; font-family: Arial; color: #555555;\">Invita\u021bi speciali: Petru HA\u021aEGAN, pre\u0219edinte Uniunea Democrat\u0103 a Croa\u021bilor din Rom\u00e2nia, asist. univ. Maria LA\u021aCHICI, catedra de limbi \u0219i literaturi slave din Universitatea Bucure\u0219ti, prof. Mihai TODOR, Re\u0219i\u021ba, Maria ISER, Biblioteca Jude\u021bean\u0103<span class=\"apple-converted-space\">\u00a0<\/span><i>Paul Iorgovici<\/i><span class=\"apple-converted-space\">\u00a0<\/span>Cara\u0219-Severin, Mihai DOM\u0102NEAN\u021a din partea Bibliotecii Comunale Cara\u0219ova, Maria VLASICI, profesor \u0218coala Vodnic.<\/span><\/p>\n<p style=\"line-height: 13.15pt; orphans: auto; text-align: justify; widows: 1; -webkit-text-stroke-width: 0px; word-spacing: 0px; background-image: initial; background-attachment: initial; background-color: white; background-size: initial; background-origin: initial; background-clip: initial; background-position: initial; background-repeat: initial;\"><span style=\"font-size: 9.0pt; font-family: Arial; color: #555555;\">Organizator Metarsis- activit\u0103\u021bi \u0219i servicii de cultur\u0103 urban\u0103 \u0219i art\u0103 contemporan\u0103 prin libr\u0103ria Semn de Carte din Re\u0219i\u021ba \u00een parteneriat cu Uniunea Democrat\u0103 a Croa\u021bilor din Rom\u00e2nia.<span class=\"apple-converted-space\">\u00a0<\/span><\/span><span style=\"font-size: 8.0pt; font-family: Arial; color: #222222;\">\u00a0<\/span><\/p>\n","protected":false},"excerpt":{"rendered":"<p>Joi, 15 octombrie 2015, orele 17:30, v\u0103 invit\u0103m la libr\u0103ria Semn de Carte din Re\u0219i\u021ba, str. Libert\u0103\u021bii 13, pentru a cunoa\u0219te una dintre etniile de frunte ale Banatului Montan- CROA\u021aII sau cra\u0219ovenii (cara\u0219overii).<\/p>\n","protected":false},"author":1,"featured_media":0,"comment_status":"open","ping_status":"open","sticky":false,"template":"","format":"standard","meta":[],"categories":[3],"tags":[525],"_links":{"self":[{"href":"https:\/\/semndecarte.metarsis.ro\/index.php?rest_route=\/wp\/v2\/posts\/9289"}],"collection":[{"href":"https:\/\/semndecarte.metarsis.ro\/index.php?rest_route=\/wp\/v2\/posts"}],"about":[{"href":"https:\/\/semndecarte.metarsis.ro\/index.php?rest_route=\/wp\/v2\/types\/post"}],"author":[{"embeddable":true,"href":"https:\/\/semndecarte.metarsis.ro\/index.php?rest_route=\/wp\/v2\/users\/1"}],"replies":[{"embeddable":true,"href":"https:\/\/semndecarte.metarsis.ro\/index.php?rest_route=%2Fwp%2Fv2%2Fcomments&post=9289"}],"version-history":[{"count":0,"href":"https:\/\/semndecarte.metarsis.ro\/index.php?rest_route=\/wp\/v2\/posts\/9289\/revisions"}],"wp:attachment":[{"href":"https:\/\/semndecarte.metarsis.ro\/index.php?rest_route=%2Fwp%2Fv2%2Fmedia&parent=9289"}],"wp:term":[{"taxonomy":"category","embeddable":true,"href":"https:\/\/semndecarte.metarsis.ro\/index.php?rest_route=%2Fwp%2Fv2%2Fcategories&post=9289"},{"taxonomy":"post_tag","embeddable":true,"href":"https:\/\/semndecarte.metarsis.ro\/index.php?rest_route=%2Fwp%2Fv2%2Ftags&post=9289"}],"curies":[{"name":"wp","href":"https:\/\/api.w.org\/{rel}","templated":true}]}}