{"id":9279,"date":"2015-10-03T09:19:29","date_gmt":"2015-10-03T07:19:29","guid":{"rendered":"http:\/\/semndecarte.metarsis.ro\/?p=9279"},"modified":"2015-10-03T09:19:29","modified_gmt":"2015-10-03T07:19:29","slug":"cernauti-in-imagini","status":"publish","type":"post","link":"https:\/\/semndecarte.metarsis.ro\/?p=9279","title":{"rendered":"CERN\u0102U\u0162I \u00ceN IMAGINI"},"content":{"rendered":"<p><strong>CZERNOWITZ in BILDERN<\/strong><\/p>\n<p style=\"text-align: justify;\"><strong>Expo foto Paul Pitvorak \u015fi Vasyl Dugan, Ucraina<\/strong><\/p>\n<p style=\"text-align: justify;\">Decada Culturii Germane \u00een Banatul Montan \/\u00a0Deutsche Kulturdekade im Banater Bergland<\/p>\n<p style=\"text-align: justify;\">Luni, 5 octombrie 2015, orele 15:30, libraria Semn de Carte din Re\u015fi\u0163a, str. Liberta\u0163ii 13, \u00a0gazduie\u015fte unul dintre multiplele evenimente de marc\u0103 din cadrul edi\u0163iei a XXV-a a Decadei Culturii Germane \u00een Banatul Montan: vernisajul expozi\u0163iei de fotografie CERN\u0102U\u0162I \u00ceN IMAGINI cu imagini semnate Paul Pitvorak \u015fi Vasyl Dugan, membri ai Uniunii Culturale Austriaco- Germane din regiunea Cern\u0103u\u0163i, Ucraina.<!--more--><\/p>\n<p style=\"text-align: justify;\">Montag, den 5 Oktober 2015,15:30 Uhr:<br \/>\nVernissage der Fotoausstellung: \u201eCzernowitz in Bildern\u201d mit Fotos von Paul Pivtorak und Vasyl Dugan, beide Mitglieder des Verbands der \u00d6sterreichisch-Deutschen Kultur im Gebiet Czernowitz ,Tscherniwzi, Ukraine.<\/p>\n<p style=\"text-align: justify;\">Organizator principal: ASOCIA\u0162IA DE CULTUR\u0102 \u015eI EDUCA\u0162IE A ADUL\u0162ILOR RE\u015eI\u0162A, cu sprijinul \u015fi colaborarea necondi\u0163ionat\u0103 a Societ\u0103\u0163ii METARSIS- actitit\u0103\u0163i \u015fi servicii de cultur\u0103 urban\u0103 \u015fi art\u0103 contemporan\u0103.<\/p>\n<p>&nbsp;<\/p>\n<p>Hauptveranstalter: der Kultur- und Erwachsenenbildungsverein \u201cDEUTSCHE VORTRAGSREIHE RESCHITZA\u201d<\/p>\n<p>Unterst\u00fctzern: METARSIS u. Lesezeichen BUCHHANDLUNG<\/p>\n","protected":false},"excerpt":{"rendered":"<p>CZERNOWITZ in BILDERN Expo foto Paul Pitvorak \u015fi Vasyl Dugan, Ucraina Decada Culturii Germane \u00een Banatul Montan \/\u00a0Deutsche Kulturdekade im Banater Bergland Luni, 5 octombrie 2015, orele 15:30, libraria Semn de Carte din Re\u015fi\u0163a, str. Liberta\u0163ii 13, \u00a0gazduie\u015fte unul dintre multiplele evenimente de marc\u0103 din cadrul edi\u0163iei a XXV-a a Decadei Culturii Germane \u00een Banatul [&hellip;]<\/p>\n","protected":false},"author":1,"featured_media":0,"comment_status":"open","ping_status":"open","sticky":false,"template":"","format":"standard","meta":[],"categories":[3],"tags":[248],"_links":{"self":[{"href":"https:\/\/semndecarte.metarsis.ro\/index.php?rest_route=\/wp\/v2\/posts\/9279"}],"collection":[{"href":"https:\/\/semndecarte.metarsis.ro\/index.php?rest_route=\/wp\/v2\/posts"}],"about":[{"href":"https:\/\/semndecarte.metarsis.ro\/index.php?rest_route=\/wp\/v2\/types\/post"}],"author":[{"embeddable":true,"href":"https:\/\/semndecarte.metarsis.ro\/index.php?rest_route=\/wp\/v2\/users\/1"}],"replies":[{"embeddable":true,"href":"https:\/\/semndecarte.metarsis.ro\/index.php?rest_route=%2Fwp%2Fv2%2Fcomments&post=9279"}],"version-history":[{"count":0,"href":"https:\/\/semndecarte.metarsis.ro\/index.php?rest_route=\/wp\/v2\/posts\/9279\/revisions"}],"wp:attachment":[{"href":"https:\/\/semndecarte.metarsis.ro\/index.php?rest_route=%2Fwp%2Fv2%2Fmedia&parent=9279"}],"wp:term":[{"taxonomy":"category","embeddable":true,"href":"https:\/\/semndecarte.metarsis.ro\/index.php?rest_route=%2Fwp%2Fv2%2Fcategories&post=9279"},{"taxonomy":"post_tag","embeddable":true,"href":"https:\/\/semndecarte.metarsis.ro\/index.php?rest_route=%2Fwp%2Fv2%2Ftags&post=9279"}],"curies":[{"name":"wp","href":"https:\/\/api.w.org\/{rel}","templated":true}]}}