{"id":9118,"date":"2015-07-03T19:30:03","date_gmt":"2015-07-03T17:30:03","guid":{"rendered":"http:\/\/semndecarte.metarsis.ro\/?p=9118"},"modified":"2015-07-05T20:23:16","modified_gmt":"2015-07-05T18:23:16","slug":"arme-si-destine","status":"publish","type":"post","link":"https:\/\/semndecarte.metarsis.ro\/?p=9118","title":{"rendered":"ARME \u015eI DESTINE"},"content":{"rendered":"<p style=\"text-align: justify;\"><strong>General de brigad\u0103 (r) ADRIAN MARINESCU<\/strong><\/p>\n<p style=\"text-align: justify;\"><a href=\"http:\/\/semndecarte.metarsis.ro\/wp-content\/uploads\/2015\/07\/Arrme-si-destine.jpg\" rel=\"lightbox[9118]\"><img loading=\"lazy\" class=\"alignleft size-large wp-image-9119\" src=\"http:\/\/semndecarte.metarsis.ro\/wp-content\/uploads\/2015\/07\/Arrme-si-destine-103x163.jpg\" alt=\"Arrme si destine\" width=\"103\" height=\"163\" srcset=\"https:\/\/semndecarte.metarsis.ro\/wp-content\/uploads\/2015\/07\/Arrme-si-destine-103x163.jpg 103w, https:\/\/semndecarte.metarsis.ro\/wp-content\/uploads\/2015\/07\/Arrme-si-destine-101x160.jpg 101w, https:\/\/semndecarte.metarsis.ro\/wp-content\/uploads\/2015\/07\/Arrme-si-destine.jpg 380w\" sizes=\"(max-width: 103px) 100vw, 103px\" \/><\/a>Miercuri, 8 iulie 2015, orele 18:00, libr\u0103ria Semn de Carte din Re\u0219i\u021ba, str. Libert\u0103\u021bii 13, va g\u0103zdui prezentarea c\u0103r\u021bii\u00a0<strong>ARME \u015eI DESTINE<\/strong>\u00a0semnat\u0103 de Generalul de brigad\u0103 (r)\u00a0<strong>Adrian Marinescu<\/strong>, o carte despre o via\u021b\u0103 de Om, o parte de istorie recent\u0103 a Re\u0219i\u021bei, tr\u0103it\u0103 \u0219i m\u0103rturisit\u0103 de\u00a0unul dintre f\u0103uritorii ei. Cel al c\u0103rui destin s-a \u00eemplinit \u00een Uzina de tunuri\u00a0<em>Arsenal<\/em>\u00a0Re\u0219i\u021ba \u0219i care, azi, \u0219i-a reg\u0103sit caden\u021ba scriind.<\/p>\n<p style=\"text-align: justify;\">V\u0103 invit\u0103m s\u0103-l cunoa\u0219te\u021bi pe\u00a0<em>o\u0219teanul-f\u0103uritor\u00a0<\/em>care declar\u0103, cu v\u0103dit\u0103 m\u00e2ndrie: \u201cSunt mul\u021bumit c\u0103 n-am trecut prin via\u021b\u0103 degeaba: am s\u0103dit pomi drep\u021bi pe marginea drumurilor mele \u0219i ml\u0103di\u021be de g\u00e2nduri pe o carte\u2026\u201d<\/p>\n<p style=\"text-align: justify;\">Momentul muzical al serii va fi sus\u021binut de Jozsef Racz jr.- saxofon<\/p>\n<p style=\"text-align: justify;\">Invita\u021bi speciali: criticul Ada D. Cruceanu, managerul Bibliotecii Jude\u021bene\u00a0<em>Paul Iorgovici<\/em>\u00a0Clara Constantin \u0219i pre\u0219esintele UZPR Doru -Dinu Gl\u0103van<!--more--><\/p>\n<p style=\"text-align: justify;\">N\u0103scut \u00een Moldova, la Ia\u0219i \u00een 1936, coleg de camer\u0103 la internatul Liceului Nicu Gane din F\u0103lticeni cu Nicolae Labi\u0219 de care-l apropie \u0219edin\u021bele de cenaclu literar de la Libr\u0103ria Sadoveanu, absolvent al Liceului Militar Dimitrie Cantemir din Predeal unde face parte din orchestra semisimfonic\u0103 a Liceului cant\u00e2nd, sub bagheta tatalui celebrei violoniste Lola Bobescu- Aurel Bobescu, la corn, Adrian Marinescu a fost coleg \u0219i cu inegalabilul\u00a0 Marin Sorescu.<\/p>\n<p style=\"text-align: justify;\">\u00cen 1957 termin\u0103\u00a0 \u0218coala Militar\u0103 de Ofi\u021beri de Artilerie din\u00a0Sibiu cu gradul de locotenent iar \u00een 1965 Academia Militar\u0103 Tehnic\u0103, ambele ca \u0219ef de promo\u021bie. Toate gradele militare, de la c\u0103pitan \u00een sus, le-a ob\u021binit la excep\u021bional (\u00eenainte de termen) devenind colonel la doar 40 de ani. Din 1977 devine director general\u00a0 al\u00a0 Intreprinderii Mecanice Re\u0219i\u021ba unde, timp de 20 de ani \u201ca modelat metal \u0219i caractere\u201d, av\u00e2nd \u0219ansa \u201cs\u0103 polarizez energii aici, unde munca \u00ee\u0219i afl\u0103 aureola din o\u021belul suprarezistent al celor 3.500 de tunuri care au p\u0103r\u0103sit solemn, pies\u0103 cu pies\u0103, por\u021bile uzinei\u2026 \u00een 13 modele noi\u2026 Lor le-am h\u0103r\u0103zit \u0219i dou\u0103 inven\u021bii brevetate\u2026\u201d<\/p>\n","protected":false},"excerpt":{"rendered":"<p>Miercuri, 8 iunie 2015, orele 18:00, libr\u0103ria Semn de Carte din Re\u0219i\u021ba, str. Libert\u0103\u021bii 13, va g\u0103zdui lansarea c\u0103r\u021bii ARME \u015eI DESTINE semnat\u0103 de Generalul de brigad\u0103 (r) Adrian Marinescu, o carte despre o via\u021b\u0103 de Om, o parte de istorie recent\u0103 a Re\u0219i\u021bei, tr\u0103it\u0103 \u0219i m\u0103rturisit\u0103 de unul dintre f\u0103uritorii ei. Cel al c\u0103rui destin s-a \u00eemplinit \u00een Uzina de tunuri Arsenal Re\u0219i\u021ba \u0219i care, azi, \u0219i-a reg\u0103sit caden\u021ba scriind.<\/p>\n","protected":false},"author":1,"featured_media":0,"comment_status":"open","ping_status":"open","sticky":false,"template":"","format":"standard","meta":[],"categories":[3],"tags":[503,69],"_links":{"self":[{"href":"https:\/\/semndecarte.metarsis.ro\/index.php?rest_route=\/wp\/v2\/posts\/9118"}],"collection":[{"href":"https:\/\/semndecarte.metarsis.ro\/index.php?rest_route=\/wp\/v2\/posts"}],"about":[{"href":"https:\/\/semndecarte.metarsis.ro\/index.php?rest_route=\/wp\/v2\/types\/post"}],"author":[{"embeddable":true,"href":"https:\/\/semndecarte.metarsis.ro\/index.php?rest_route=\/wp\/v2\/users\/1"}],"replies":[{"embeddable":true,"href":"https:\/\/semndecarte.metarsis.ro\/index.php?rest_route=%2Fwp%2Fv2%2Fcomments&post=9118"}],"version-history":[{"count":0,"href":"https:\/\/semndecarte.metarsis.ro\/index.php?rest_route=\/wp\/v2\/posts\/9118\/revisions"}],"wp:attachment":[{"href":"https:\/\/semndecarte.metarsis.ro\/index.php?rest_route=%2Fwp%2Fv2%2Fmedia&parent=9118"}],"wp:term":[{"taxonomy":"category","embeddable":true,"href":"https:\/\/semndecarte.metarsis.ro\/index.php?rest_route=%2Fwp%2Fv2%2Fcategories&post=9118"},{"taxonomy":"post_tag","embeddable":true,"href":"https:\/\/semndecarte.metarsis.ro\/index.php?rest_route=%2Fwp%2Fv2%2Ftags&post=9118"}],"curies":[{"name":"wp","href":"https:\/\/api.w.org\/{rel}","templated":true}]}}