{"id":9089,"date":"2015-06-25T22:34:20","date_gmt":"2015-06-25T20:34:20","guid":{"rendered":"http:\/\/semndecarte.metarsis.ro\/?p=9089"},"modified":"2015-06-25T22:34:20","modified_gmt":"2015-06-25T20:34:20","slug":"concert-extraordinar-4","status":"publish","type":"post","link":"https:\/\/semndecarte.metarsis.ro\/?p=9089","title":{"rendered":"CONCERT EXTRAORDINAR"},"content":{"rendered":"<p style=\"text-align: justify;\"><strong><a href=\"http:\/\/semndecarte.metarsis.ro\/wp-content\/uploads\/2015\/06\/cor-fila-600x400-8.jpg\" rel=\"lightbox[9089]\"><img loading=\"lazy\" class=\"alignleft size-full wp-image-9090\" src=\"http:\/\/semndecarte.metarsis.ro\/wp-content\/uploads\/2015\/06\/cor-fila-600x400-8.jpg\" alt=\"cor-fila-600x400-8\" width=\"520\" height=\"200\" srcset=\"https:\/\/semndecarte.metarsis.ro\/wp-content\/uploads\/2015\/06\/cor-fila-600x400-8.jpg 520w, https:\/\/semndecarte.metarsis.ro\/wp-content\/uploads\/2015\/06\/cor-fila-600x400-8-160x61.jpg 160w, https:\/\/semndecarte.metarsis.ro\/wp-content\/uploads\/2015\/06\/cor-fila-600x400-8-163x62.jpg 163w\" sizes=\"(max-width: 520px) 100vw, 520px\" \/><\/a>Corul Academic al Filarmonicii de Stat din Arad &#8211; la pupitru SABIN PAUTZA<\/strong><\/p>\n<p style=\"text-align: justify;\">Vineri, 26 iunie 2015, orele 19:00, \u00een sala LIRA a Liceului de Arte Sabin P\u0103u\u021ba\u00a0 din Re\u0219i\u021ba va avea loc un CONCERT CORAL EXTRAORDINAR sus\u021binut de CORUL ACADEMIC AL FILARMONICII DE STAT DIN ARAD\u00a0 av\u00e2ndu-l la pupitru pe SABIN PAUTZA.<\/p>\n<p>Programul va cuprinde lucrari ale renumi\u021bilor compozitori: Fr.Schubert, W.A.Mozart, J.Brahms, G.Verdi, K.Jenkins si S.Pautza .<!--more--><\/p>\n<p style=\"text-align: justify;\">Evenimentul special creat va marca acordarea titlului academic DOCTOR HONORIS CAUSA al Universitatii Eftimie Murgu compozitorului, pedagogului \u0219i dirijorului Sabin Pautza,\u00a0Zilele Ora\u0219ului Re\u0219i\u021ba \u0219i 72 de ani de via\u021b\u0103 \u0219i peste 50 de ani de carier\u0103 muzical\u0103 \u00een \u021bar\u0103 \u0219i str\u0103in\u0103tate.<\/p>\n<p style=\"text-align: justify;\">CORUL ACADEMIC AL FILARMONICII DE STAT DIN ARAD<\/p>\n<p style=\"text-align: justify;\">\u00cenfiin\u0163at \u00een 1950 \u015fi institu\u0163ionalizat \u00een 1954, Corul Academic al Filarmonicii de Stat din Arad este unul dintre cele mai apreciate ansambluri de profil din Rom\u00e2nia, cu un num\u0103r impresionant de concerte vocal simfonice \u015fi a cappella, \u00eenregistr\u0103ri pentru radio \u015fi televiziune.<\/p>\n<p style=\"text-align: justify;\">Configurat la ini\u0163iativa profesorului Adrian Demian, ansamblul coral se va bucura de-a lungul anilor de \u00eendrum\u0103rile mae\u015ftrilor Kurt Mild, Anatol Goreaev, Iovan Miclea, Paul Paradenco, Didu Marian, Doru \u015eerban (1973 \u2013 1996), formula de dirijor permanent fiind ulterior suplinit\u0103 cu succes de invita\u0163i de marc\u0103 din str\u0103in\u0103tate: Kenneth Tucker (SUA), Tido Dejan (Fran\u0163a), Ethan Sperry (SUA), Seyon Park (SUA), Jean Marie Juan (Fran\u0163a), Neil Ferris (Anglia), Sofi Jeannin (Anglia), Jeffrey Bernstein (SUA).<\/p>\n<p style=\"text-align: justify;\">\u00cenc\u0103 din primii ani de existen\u0163\u0103 Corul academic al Filarmonicii de Stat Arad \u015fi-a asumat prezentarea \u00een prim\u0103 audi\u0163ie rom\u00e2neasc\u0103 a unor opusuri universale. Dac\u0103 \u00een 1957 ansamblul prezenta pentru prima dat\u0103 \u00een Rom\u00e2nia Carmina Burana de Carl Orff, \u00een ultimele stagiuni concertistice a ad\u0103ugat la lista de premiere na\u0163ionale lucr\u0103ri precum: Ralph Vaughan Williams \u2013 Dona Nobis Pacem, Fran\u00e7is Poulenc \u2013 Stabat Mater, \u0219i Gloria, Antonin Dvorak \u2013 Te Deum, Anton Bruckner \u2013 Misa \u00een fa minor nr.3, Ernest Bloch \u2013 Serviciu sacru (Avodath Hakodesh), Morten Lauridsen \u2013 Lux Aeterna, Leonard Bernstein \u2013 Chichester Psalms, Serghei Rahmaninov \u2013 Vecerniile op.37, Ildebrando Pizzetti \u2013 Requiem sau Karl Jenkins \u2013 Requiem.<\/p>\n<p style=\"text-align: justify;\">Corul Filarmonicii de Stat Arad a concertat \u00een ultimii ani \u00een centre muzicale importante din Austria, Italia, Germania, Olanda, Spania, Fran\u021ba \u0219i Ungaria. \u00cen decembrie 2011, de Ziua Na\u0163ional\u0103, Corul academic a reprezentat Rom\u00e2nia la Consiliul Europei, cu ocazia unui concert organizat de Consulatul General al Rom\u00e2niei la Strasbourg.<\/p>\n<p style=\"text-align: justify;\">\u00cen anul 2011 ansamblul coral a participat la cea de a XX-a edi\u0163ie a Festivalului Interna\u0163ional George Enescu, prezent\u00e2nd \u00een premier\u0103 pe scena Ateneului Rom\u00e2n Simfonia H\u00f6lderlin de Peter Ruzicka \u015fi Simfonia nr.5 de George Enescu.<\/p>\n<p style=\"text-align: justify;\">Pentru intervale de timp limitate, apari\u0163iile corului au fost preg\u0103tite de reprezentan\u0163i ai genera\u0163iilor\u00a0 tinere de dirijori, Szasz Tamas, Vladimir Popean, Dorin Chereji, iar \u00eencep\u00e2nd din stagiunea 2007 programele corale, vocal simfonice dar \u015fi incursiunile \u00een domeniul crea\u0163iilor de oper\u0103 fiind girate de Robert Daniel R\u0103doia\u015f, dirijor permanent al Filarmonicii.<\/p>\n<p style=\"text-align: justify;\">SABIN PAUTZA<\/p>\n<p style=\"text-align: justify;\">N\u0103scut la 08 februarie 1943 la C\u00e2lnic, Re\u015fi\u0163a, Jud. Cara\u0219-Severin<\/p>\n<p style=\"text-align: justify;\">Absolvent al Universit\u0103\u0163ii Na\u0163ionale de Muzic\u0103 din Bucure\u015fti, specialitatea dirijat \u0219i pedagogie muzical\u0103 (1965) \u0219i al Academiei Muzicale Chigiana din Siena, Italia, specialitatea compozi\u021bie &#8211; dirijat orchestr\u0103 cu Franco Donatoni, Franco Ferrara \u015fi Bruno Maderna (1970)<\/p>\n<p style=\"text-align: justify;\">DOCTOR in Music al The London Institue for Applied Research, Anglia (1995)<\/p>\n<p style=\"text-align: justify;\">DOCTOR \u00een Compozi\u0163ie al Academiei de Muzic\u0103 \u201eGh. Dima\u201d din Cluj-Napoca (2005)<\/p>\n<p style=\"text-align: justify;\">De\u0163ine numeroase premii \u015fi distinc\u0163ii rom\u00e2ne\u015fti \u015fi interna\u0163ionale printre care: premiul George Enescu al Academiei Rom\u00e2ne, premiul Uniunii Compozitorilor \u015fi Muzicologilor din Rom\u00e2nia, Marele Premiu al Televiziunii Rom\u00e2ne, premiul de compozi\u0163ie al Concursului Interna\u0163ional din Salt Lake City-SUA,\u00a0 premiul Rudolf Nissim al Uniunii Compozitorilor Americani, Marele Premiu Martin Luther King Jr. pentru compozi\u021bie.<\/p>\n<p style=\"text-align: justify;\">Ziua de 7 Mai 2007 a fost decretata Ziua Sabin Pautza \u00een Plainfield- SUA<\/p>\n<p style=\"text-align: justify;\">Este cetatean de onoare al ora\u0219ului Plainfield din New Jersey, al ora\u0219ului Re\u0219i\u021ba\u00a0\u00a0 \u0219i al jude\u021bului Cara\u0219-Severin.<\/p>\n<p style=\"text-align: justify;\">Liceul de Arta din Municipiul Re\u0219i\u021ba \u00eei poarta numele.<\/p>\n<p style=\"text-align: justify;\">Este membru al Uniunii Compozitorilor \u015fi Muzicologilor din Rom\u00e2nia, al ASCAP \u2013 Uniunea Compozitorilor Americani si GEMA, Uniuna Compozitorilor din Germania.<\/p>\n<p style=\"text-align: justify;\">Membru onorific al Consiliului de conducere al Institutului Biografic American.<\/p>\n<p style=\"text-align: justify;\">Numele lui Sabin PAUTZA figureaz\u0103 \u00een \u201cWho\u2019s Who in Music\u201d (1988-2003) \u015fi \u00een volumul, \u201c2000 de oameni de seam\u0103 americani\u201d publicat de Institutul Biografic American.<\/p>\n<p style=\"text-align: justify;\">Compozi\u0163iile sale au fost \u00eenregistrate de c\u0103tre firma \u201eSwift Music Group\u201d din Statele Unite \u00een seria \u201eOpera Omnia\u201d, pe 15 CD-uri. De asemenea, editura muzical\u0103 San Nicobian din New York\u00a0 i-a publicat, \u00een exclusivitate,\u00a0 partiturile.<\/p>\n<p style=\"text-align: justify;\">Din anul 2014 are loc la Re\u0219i\u021ba Festivalul International SABIN PAUTZA organizat de Societatea pntru Cultur\u0103\u00a0 METARSIS<\/p>\n<p style=\"text-align: justify;\">Membru al Clubului ROTARY RE\u0218I\u021aA din 2007.<\/p>\n<p style=\"text-align: justify;\">Doctor Honoris Causa al Universitatii \u201eValahia\u201d din Targoviste.<\/p>\n<p style=\"text-align: justify;\">DOCTOR HONORIS CAUSA al Universit\u0103\u021bii Eftimie Murgu din Re\u0219i\u021ba din 26 iunie 2015.<\/p>\n","protected":false},"excerpt":{"rendered":"<p>Vineri, 26 iunie 2015, orele 19:00, \u00een sala LIRA a Liceului de Arte Sabin P\u0103u\u021ba  din Re\u0219i\u021ba va avea loc un CONCERT CORAL EXTRAORDINAR sus\u021binut de CORUL ACADEMIC AL FILARMONICII DE STAT DIN ARAD  av\u00e2ndu-l la pupitru pe SABIN PAUTZA.<\/p>\n<p>Programul va cuprinde lucrari ale renumi\u021bilor compozitori: Fr.Schubert, W.A.Mozart, J.Brahms, G.Verdi, K.Jenkins si S.Pautza .<\/p>\n","protected":false},"author":1,"featured_media":0,"comment_status":"open","ping_status":"open","sticky":false,"template":"","format":"standard","meta":[],"categories":[3],"tags":[500,501,422],"_links":{"self":[{"href":"https:\/\/semndecarte.metarsis.ro\/index.php?rest_route=\/wp\/v2\/posts\/9089"}],"collection":[{"href":"https:\/\/semndecarte.metarsis.ro\/index.php?rest_route=\/wp\/v2\/posts"}],"about":[{"href":"https:\/\/semndecarte.metarsis.ro\/index.php?rest_route=\/wp\/v2\/types\/post"}],"author":[{"embeddable":true,"href":"https:\/\/semndecarte.metarsis.ro\/index.php?rest_route=\/wp\/v2\/users\/1"}],"replies":[{"embeddable":true,"href":"https:\/\/semndecarte.metarsis.ro\/index.php?rest_route=%2Fwp%2Fv2%2Fcomments&post=9089"}],"version-history":[{"count":0,"href":"https:\/\/semndecarte.metarsis.ro\/index.php?rest_route=\/wp\/v2\/posts\/9089\/revisions"}],"wp:attachment":[{"href":"https:\/\/semndecarte.metarsis.ro\/index.php?rest_route=%2Fwp%2Fv2%2Fmedia&parent=9089"}],"wp:term":[{"taxonomy":"category","embeddable":true,"href":"https:\/\/semndecarte.metarsis.ro\/index.php?rest_route=%2Fwp%2Fv2%2Fcategories&post=9089"},{"taxonomy":"post_tag","embeddable":true,"href":"https:\/\/semndecarte.metarsis.ro\/index.php?rest_route=%2Fwp%2Fv2%2Ftags&post=9089"}],"curies":[{"name":"wp","href":"https:\/\/api.w.org\/{rel}","templated":true}]}}