{"id":9049,"date":"2015-06-23T21:46:51","date_gmt":"2015-06-23T19:46:51","guid":{"rendered":"http:\/\/semndecarte.metarsis.ro\/?p=9049"},"modified":"2015-06-23T21:46:51","modified_gmt":"2015-06-23T19:46:51","slug":"ii-de-sanziene","status":"publish","type":"post","link":"https:\/\/semndecarte.metarsis.ro\/?p=9049","title":{"rendered":"Ii de S\u00c2NZIENE"},"content":{"rendered":"<p style=\"text-align: justify;\"><a href=\"http:\/\/semndecarte.metarsis.ro\/wp-content\/uploads\/2015\/06\/cop7.jpg\" rel=\"lightbox[9049]\"><img loading=\"lazy\" class=\"alignleft size-full wp-image-9050\" src=\"http:\/\/semndecarte.metarsis.ro\/wp-content\/uploads\/2015\/06\/cop7.jpg\" alt=\"cop\" width=\"520\" height=\"212\" srcset=\"https:\/\/semndecarte.metarsis.ro\/wp-content\/uploads\/2015\/06\/cop7.jpg 520w, https:\/\/semndecarte.metarsis.ro\/wp-content\/uploads\/2015\/06\/cop7-160x65.jpg 160w, https:\/\/semndecarte.metarsis.ro\/wp-content\/uploads\/2015\/06\/cop7-163x66.jpg 163w\" sizes=\"(max-width: 520px) 100vw, 520px\" \/><\/a>Miercuri, 24 iunie 2015, orele 17:00 la libr\u0103ria Semn de Carte din Re\u0219i\u021ba va avea loc vernisajul unei expozitii de fotografii dedicate portului popular rom\u00e2nesc. Expozi\u021bia, cu lucr\u0103ri semnate Bujorel Purice \u0219i Lucian Duca, va fi vernisat\u0103, nu \u00eent\u00e2mpl\u0103tor, \u00eentr-o zi de s\u0103rb\u0103toare cu denumire p\u0103g\u00e2n\u0103 &#8211; S\u00c2NZIENELE \u00a0\u00een care Biserica Ortodox\u0103 s\u0103rb\u0103tore\u0219te Na\u0219terea Sf\u00e2ntului Ioan Botez\u0103torul.<!--more--><\/p>\n<p style=\"text-align: justify;\">Evenimentul \u00a0aduce \u00een centrul aten\u021biei una dintre tradi\u021biile vechi rom\u00e2ne\u0219ti march\u00e2nd, totodata, ZIUA UNIVERSALA A IEI ROM\u00c2NE\u0218TI.<\/p>\n<p style=\"text-align: justify;\">\u00cembraca\u021bi o IE sau o c\u0103ma\u0219\u0103 popular\u0103 rom\u00e2neasc\u0103 \u0219i veni\u021bi s\u0103 fim \u00eempreun\u0103 \u00een prima dup\u0103-amiaz\u0103 de dup\u0103 noaptea de S\u00c2NZIENE.<\/p>\n<p style=\"text-align: justify;\">\u201cS-ar putea \u00eentampla fel de fel de miracole. Dar trebuie s\u0103 te \u00eenve\u021be cineva cum s\u0103 le prive\u0219ti, ca s\u0103 \u0219tii c\u0103 sunt miracole. Altminteri, nici m\u0103car nu le vezi. Treci pe l\u00e2ng\u0103 ele \u0219i nu \u0219tii c\u0103 sunt miracole. Nu le vezi.\u201d\u00a0Mircea \u00a0Eliade &#8211; Noaptea de S\u00e2nziene.<\/p>\n","protected":false},"excerpt":{"rendered":"<p>Miercuri, 24 iunie 2015, orele 17:00 la libr\u0103ria Semn de Carte din Re\u0219i\u021ba va avea loc vernisajul unei expozitii de fotografii dedicate portului popular rom\u00e2nesc. Expozi\u021bia, cu lucr\u0103ri semnate Bujorel Purice \u0219i Lucian Duca, va fi vernisat\u0103, nu \u00eent\u00e2mpl\u0103tor, \u00eentr-o zi de s\u0103rb\u0103toare cu denumire p\u0103g\u00e2n\u0103 &#8211; S\u00c2NZIENELE  \u00een care Biserica Ortodox\u0103 s\u0103rb\u0103tore\u0219te Na\u0219terea Sf\u00e2ntului Ioan Botez\u0103torul.<\/p>\n","protected":false},"author":1,"featured_media":0,"comment_status":"open","ping_status":"open","sticky":false,"template":"","format":"standard","meta":[],"categories":[3],"tags":[499,495,498,348],"_links":{"self":[{"href":"https:\/\/semndecarte.metarsis.ro\/index.php?rest_route=\/wp\/v2\/posts\/9049"}],"collection":[{"href":"https:\/\/semndecarte.metarsis.ro\/index.php?rest_route=\/wp\/v2\/posts"}],"about":[{"href":"https:\/\/semndecarte.metarsis.ro\/index.php?rest_route=\/wp\/v2\/types\/post"}],"author":[{"embeddable":true,"href":"https:\/\/semndecarte.metarsis.ro\/index.php?rest_route=\/wp\/v2\/users\/1"}],"replies":[{"embeddable":true,"href":"https:\/\/semndecarte.metarsis.ro\/index.php?rest_route=%2Fwp%2Fv2%2Fcomments&post=9049"}],"version-history":[{"count":0,"href":"https:\/\/semndecarte.metarsis.ro\/index.php?rest_route=\/wp\/v2\/posts\/9049\/revisions"}],"wp:attachment":[{"href":"https:\/\/semndecarte.metarsis.ro\/index.php?rest_route=%2Fwp%2Fv2%2Fmedia&parent=9049"}],"wp:term":[{"taxonomy":"category","embeddable":true,"href":"https:\/\/semndecarte.metarsis.ro\/index.php?rest_route=%2Fwp%2Fv2%2Fcategories&post=9049"},{"taxonomy":"post_tag","embeddable":true,"href":"https:\/\/semndecarte.metarsis.ro\/index.php?rest_route=%2Fwp%2Fv2%2Ftags&post=9049"}],"curies":[{"name":"wp","href":"https:\/\/api.w.org\/{rel}","templated":true}]}}