{"id":9033,"date":"2015-06-17T12:33:04","date_gmt":"2015-06-17T10:33:04","guid":{"rendered":"http:\/\/semndecarte.metarsis.ro\/?p=9033"},"modified":"2015-06-17T12:33:32","modified_gmt":"2015-06-17T10:33:32","slug":"concert-extraordinar-3","status":"publish","type":"post","link":"https:\/\/semndecarte.metarsis.ro\/?p=9033","title":{"rendered":"CONCERT EXTRAORDINAR"},"content":{"rendered":"<p><strong><a href=\"http:\/\/semndecarte.metarsis.ro\/wp-content\/uploads\/2015\/06\/cotroceni.jpg\" rel=\"lightbox[9033]\"><img loading=\"lazy\" class=\"alignleft size-full wp-image-9034\" src=\"http:\/\/semndecarte.metarsis.ro\/wp-content\/uploads\/2015\/06\/cotroceni.jpg\" alt=\"cotroceni\" width=\"562\" height=\"216\" srcset=\"https:\/\/semndecarte.metarsis.ro\/wp-content\/uploads\/2015\/06\/cotroceni.jpg 562w, https:\/\/semndecarte.metarsis.ro\/wp-content\/uploads\/2015\/06\/cotroceni-160x61.jpg 160w, https:\/\/semndecarte.metarsis.ro\/wp-content\/uploads\/2015\/06\/cotroceni-163x62.jpg 163w\" sizes=\"(max-width: 562px) 100vw, 562px\" \/><\/a>VIOAR\u0102\u00a0\u0218I PIAN<\/strong><\/p>\n<p style=\"text-align: justify;\">Re\u0219i\u021ba- sala <em>Lira<\/em>, al\u0103turi de Bucure\u0219ti \u2013 <em>Aula Palatului Cantacuzino<\/em> \u0219i Suceava- <em>Auditorium Joseph Schmidt<\/em> g\u0103zduiesc, \u00een perioada 3-23 iunie 2015,\u00a0 seria de concerte sub titulatura <em>Muzica Comunit\u0103\u021bilor<\/em>, proiect\u00a0 sus\u021binut de Ambasada Germaniei la Bucure\u0219ti.<\/p>\n<p style=\"text-align: justify;\">Luni, 22 iunie 2015, de la orele 19:00, pe scena s\u0103lii <em>LIRA<\/em> a Liceului de Arte SABIN P\u0102U\u021aA vor evolua \u00een fa\u021ba publicului meloman re\u0219i\u021bean muzicienii:<strong> Ioana Raluca VOICU ARN\u0102U\u021aOIU \u2013 vioara, Manuela GIOSA \u2013 pian, Corina R\u0102DUCANU \u0219i Eugen DUMITRESCU- pian la 4 maini.<\/strong><!--more--><\/p>\n<p style=\"text-align: justify;\">Programul cuprinde\u00a0 lucr\u0103ri ale compozitorilor Carl GOLDMARK (1830-1915), Ignacy Jan PADEREWSKI (1860-1941), Max REGER (1873-1916), Ern\u0151 DOHN\u00c1NYI (1877-1960), B\u00e9la BART\u00d3K (1881-1945), Lazare SAMINSKY (1882-1959), Leon KLEPPER (1900-1991), Gy\u00f6rgy S\u00e1ndor LIGETI (1923-2006), Walter Michael KLEPPER (1929-2008) \u0219i Fazil SAY (n.1970).<\/p>\n<p style=\"text-align: justify;\">Proiectul este sus\u021binut de Ambasada Germaniei la Bucure\u0219ti \u0219i organizat de Asocia\u021bia Klavier ART \u00een parteneriat cu Muzeul Na\u021bional George Enescu Bucure\u0219ti, Universitatea \u0218tefan cel Mare Suceava, Forumul Democrat al Germanilor din Banatul Montan, Societatea pentru Cultur\u0103 METARSIS.<\/p>\n<p style=\"text-align: justify;\">Mul\u021bumiri colaboratorilor: Primaria Re\u0219i\u021ba, Consilul Local Re\u0219i\u021ba \u0219i Liceul de Arte SABIN P\u0102U\u021aA pentru asigurarea loca\u021biei.<\/p>\n<p style=\"text-align: justify;\">Intrarea- pe baza de invita\u021bii ridicate gratuit de la libr\u0103ria Semn de Carte din Re\u0219i\u021ba, str. Libert\u0103\u021bii 13.<\/p>\n","protected":false},"excerpt":{"rendered":"<p>Re\u0219i\u021ba- sala Lira, al\u0103turi de Bucure\u0219ti \u2013 Aula Palatului Cantacuzino \u0219i Suceava- Auditorium Joseph Schmidt g\u0103zduiesc, \u00een perioada 3-23 iunie 2015,  seria de concerte sub titulatura Muzica Comunit\u0103\u021bilor, proiect  sus\u021binut de Ambasada Germaniei la Bucure\u0219ti.<br \/>\nLuni, 22 iunie 2015, de la orele 19:00, pe scena s\u0103lii LIRA a Liceului de Arte SABIN P\u0102U\u021aA vor evolua \u00een fa\u021ba publicului meloman re\u0219i\u021bean muzicienii: Ioana Raluca VOICU ARN\u0102U\u021aOIU \u2013 vioara, Manuela GIOSA \u2013 pian, Corina R\u0102DUCANU \u0219i Eugen DUMITRESCU- pian la 4 maini.<\/p>\n","protected":false},"author":1,"featured_media":0,"comment_status":"open","ping_status":"open","sticky":false,"template":"","format":"standard","meta":[],"categories":[3],"tags":[257,82,243,244],"_links":{"self":[{"href":"https:\/\/semndecarte.metarsis.ro\/index.php?rest_route=\/wp\/v2\/posts\/9033"}],"collection":[{"href":"https:\/\/semndecarte.metarsis.ro\/index.php?rest_route=\/wp\/v2\/posts"}],"about":[{"href":"https:\/\/semndecarte.metarsis.ro\/index.php?rest_route=\/wp\/v2\/types\/post"}],"author":[{"embeddable":true,"href":"https:\/\/semndecarte.metarsis.ro\/index.php?rest_route=\/wp\/v2\/users\/1"}],"replies":[{"embeddable":true,"href":"https:\/\/semndecarte.metarsis.ro\/index.php?rest_route=%2Fwp%2Fv2%2Fcomments&post=9033"}],"version-history":[{"count":0,"href":"https:\/\/semndecarte.metarsis.ro\/index.php?rest_route=\/wp\/v2\/posts\/9033\/revisions"}],"wp:attachment":[{"href":"https:\/\/semndecarte.metarsis.ro\/index.php?rest_route=%2Fwp%2Fv2%2Fmedia&parent=9033"}],"wp:term":[{"taxonomy":"category","embeddable":true,"href":"https:\/\/semndecarte.metarsis.ro\/index.php?rest_route=%2Fwp%2Fv2%2Fcategories&post=9033"},{"taxonomy":"post_tag","embeddable":true,"href":"https:\/\/semndecarte.metarsis.ro\/index.php?rest_route=%2Fwp%2Fv2%2Ftags&post=9033"}],"curies":[{"name":"wp","href":"https:\/\/api.w.org\/{rel}","templated":true}]}}