{"id":9030,"date":"2015-06-16T21:11:24","date_gmt":"2015-06-16T19:11:24","guid":{"rendered":"http:\/\/semndecarte.metarsis.ro\/?p=9030"},"modified":"2015-06-16T21:11:24","modified_gmt":"2015-06-16T19:11:24","slug":"paaaaarty","status":"publish","type":"post","link":"https:\/\/semndecarte.metarsis.ro\/?p=9030","title":{"rendered":"PAAAAARTY !"},"content":{"rendered":"<p style=\"text-align: justify;\"><strong><a href=\"http:\/\/semndecarte.metarsis.ro\/wp-content\/uploads\/2015\/06\/Karaoke.jpg\" rel=\"lightbox[9030]\"><img loading=\"lazy\" class=\"alignleft size-full wp-image-9031\" src=\"http:\/\/semndecarte.metarsis.ro\/wp-content\/uploads\/2015\/06\/Karaoke.jpg\" alt=\"Karaoke\" width=\"520\" height=\"200\" srcset=\"https:\/\/semndecarte.metarsis.ro\/wp-content\/uploads\/2015\/06\/Karaoke.jpg 520w, https:\/\/semndecarte.metarsis.ro\/wp-content\/uploads\/2015\/06\/Karaoke-160x61.jpg 160w, https:\/\/semndecarte.metarsis.ro\/wp-content\/uploads\/2015\/06\/Karaoke-163x62.jpg 163w\" sizes=\"(max-width: 520px) 100vw, 520px\" \/><\/a>Karaoke Party for children<\/strong><\/p>\n<p style=\"text-align: justify;\">Vineri, 19 iunie 2015 de la 17:00, v\u0103 invit\u0103m, la libr\u0103ria Semn de Carte din Re\u0219i\u021ba, str. Libert\u0103\u021bii 13, \u00een lumea copil\u0103riei, a inocen\u021bei \u0219i candoarei, s\u0103 c\u00e2nt\u0103m\u00a0\u00eempreun\u0103 cu micu\u021bii membri ai Andreea\u2019s English Club.<\/p>\n<p><strong>Karaoke Party for Children<\/strong>\u00a0este un eveniment ajuns deja la a patra edi\u021bie si, ca de obicei, va aduna sub bolta vi\u021bei de vie din curtea libr\u0103riei, copii, p\u0103rin\u021bi \u0219i bunici bucuro\u0219i s\u0103 c\u00e2nte \u00een limba englez\u0103, s\u0103 petreac\u0103 o dup\u0103-amiaz\u0103 \u00eempreun\u0103. Pentru c\u0103 timpul petrecut al\u0103turi de copii \u00eentr-un mod creativ este, cu siguran\u021b\u0103, un timp de calitate, c\u00e2\u0219tigat de ambele p\u0103rti, consolid\u00e2nd rela\u021bii \u0219i asigur\u00e2nd un mediu lini\u0219tit \u0219i armonios.<!--more--><\/p>\n<p style=\"text-align: justify;\">Veni\u021bi, a\u0219adar, cu copiii D.vs s\u0103 c\u00e2nt\u0103m, s\u0103 r\u00e2dem \u0219i s\u0103 ne sim\u021bim bine \u00eempreun\u0103.<\/p>\n<p style=\"text-align: justify;\">Intrarea este liber\u0103.<\/p>\n<p style=\"text-align: justify;\">Eveniment organizat de Societatea pentru Cultur\u0103 METARSIS- activit\u0103\u021bi \u0219i servicii de cultur\u0103 urban\u0103 \u0219i art\u0103 contemporan\u0103 prin libr\u0103ria Semn de Carte \u0219i ANDREEA\u2019S ENGLISH CLUB by Andreea Simin.<\/p>\n","protected":false},"excerpt":{"rendered":"<p>Vineri, 19 iunie 2015 de la 17:00, v\u0103 invit\u0103m, la libr\u0103ria Semn de Carte din Re\u0219i\u021ba, str. Libert\u0103\u021bii 13, \u00een lumea copil\u0103riei, a inocen\u021bei \u0219i candoarei, s\u0103 c\u00e2nt\u0103m \u00eempreun\u0103 cu micu\u021bii membri ai Andreea\u2019s English Club.<\/p>\n","protected":false},"author":1,"featured_media":0,"comment_status":"open","ping_status":"open","sticky":false,"template":"","format":"standard","meta":[],"categories":[3],"tags":[332],"_links":{"self":[{"href":"https:\/\/semndecarte.metarsis.ro\/index.php?rest_route=\/wp\/v2\/posts\/9030"}],"collection":[{"href":"https:\/\/semndecarte.metarsis.ro\/index.php?rest_route=\/wp\/v2\/posts"}],"about":[{"href":"https:\/\/semndecarte.metarsis.ro\/index.php?rest_route=\/wp\/v2\/types\/post"}],"author":[{"embeddable":true,"href":"https:\/\/semndecarte.metarsis.ro\/index.php?rest_route=\/wp\/v2\/users\/1"}],"replies":[{"embeddable":true,"href":"https:\/\/semndecarte.metarsis.ro\/index.php?rest_route=%2Fwp%2Fv2%2Fcomments&post=9030"}],"version-history":[{"count":0,"href":"https:\/\/semndecarte.metarsis.ro\/index.php?rest_route=\/wp\/v2\/posts\/9030\/revisions"}],"wp:attachment":[{"href":"https:\/\/semndecarte.metarsis.ro\/index.php?rest_route=%2Fwp%2Fv2%2Fmedia&parent=9030"}],"wp:term":[{"taxonomy":"category","embeddable":true,"href":"https:\/\/semndecarte.metarsis.ro\/index.php?rest_route=%2Fwp%2Fv2%2Fcategories&post=9030"},{"taxonomy":"post_tag","embeddable":true,"href":"https:\/\/semndecarte.metarsis.ro\/index.php?rest_route=%2Fwp%2Fv2%2Ftags&post=9030"}],"curies":[{"name":"wp","href":"https:\/\/api.w.org\/{rel}","templated":true}]}}