{"id":9022,"date":"2015-06-12T18:42:16","date_gmt":"2015-06-12T16:42:16","guid":{"rendered":"http:\/\/semndecarte.metarsis.ro\/?p=9022"},"modified":"2015-06-12T18:42:16","modified_gmt":"2015-06-12T16:42:16","slug":"timp-si-contratimp-in-identitatea-banatului-de-munte","status":"publish","type":"post","link":"https:\/\/semndecarte.metarsis.ro\/?p=9022","title":{"rendered":"Timp \u0219i Contratimp \u00een identitatea Banatului de Munte"},"content":{"rendered":"<p><strong>Presa c\u0103r\u0103\u015fan\u0103 promoveaz\u0103 ia \u0219i br\u00e2ul bana\u0163ean<\/strong><\/p>\n<p><a href=\"http:\/\/semndecarte.metarsis.ro\/wp-content\/uploads\/2015\/06\/cop.jpg\" rel=\"lightbox[9022]\"><img loading=\"lazy\" class=\"alignleft size-full wp-image-9023\" src=\"http:\/\/semndecarte.metarsis.ro\/wp-content\/uploads\/2015\/06\/cop.jpg\" alt=\"cop\" width=\"520\" height=\"200\" srcset=\"https:\/\/semndecarte.metarsis.ro\/wp-content\/uploads\/2015\/06\/cop.jpg 520w, https:\/\/semndecarte.metarsis.ro\/wp-content\/uploads\/2015\/06\/cop-160x61.jpg 160w, https:\/\/semndecarte.metarsis.ro\/wp-content\/uploads\/2015\/06\/cop-163x62.jpg 163w\" sizes=\"(max-width: 520px) 100vw, 520px\" \/><\/a><\/p>\n<p><strong>\u201cNatura omului se cuprinde \u00een suflet \u015fi \u00een trup\u201d Paul Iorgovici<\/strong><\/p>\n<p style=\"text-align: justify;\">IA ROM\u00c2NEASC\u0102 \u015fi BR\u00c2UL B\u0102N\u0102\u0162EAN, repere definitorii ale identit\u0103\u0163ii noastre na\u0163ionale \u015fi regionale, au fost puse \u00een valoare, miercuri 10 iunie 2015, \u00een Pia\u0163a 1 Decembrie 1918 din Re\u015fi\u0163a, \u00eentre orele 18:00 \u2013 19:00, printr-un eveniment cultural puternic mediatizat de presa c\u0103r\u0103\u015fan\u0103.<\/p>\n<p style=\"text-align: justify;\">Pornit \u00een 2013 din ini\u0163iativa a doi jurnali\u015fti re\u015fi\u0163eni, so\u0163ii Paula \u015fi Vasile Neam\u0163u, evenimentul a fost unul de impact, promovarea iei rom\u00e2ne\u015fti c\u00e2\u015ftig\u00e2nd, aici ca peste tot, adepte \u00een randul femeilor de toate v\u00e2rstele.<!--more--><\/p>\n<p style=\"text-align: justify;\"><a href=\"http:\/\/semndecarte.metarsis.ro\/wp-content\/uploads\/2015\/06\/cop22.jpg\" rel=\"lightbox[9022]\"><img loading=\"lazy\" class=\"alignleft size-full wp-image-9024\" src=\"http:\/\/semndecarte.metarsis.ro\/wp-content\/uploads\/2015\/06\/cop22.jpg\" alt=\"cop2\" width=\"520\" height=\"200\" srcset=\"https:\/\/semndecarte.metarsis.ro\/wp-content\/uploads\/2015\/06\/cop22.jpg 520w, https:\/\/semndecarte.metarsis.ro\/wp-content\/uploads\/2015\/06\/cop22-160x61.jpg 160w, https:\/\/semndecarte.metarsis.ro\/wp-content\/uploads\/2015\/06\/cop22-163x62.jpg 163w\" sizes=\"(max-width: 520px) 100vw, 520px\" \/><\/a>\u00cen anul 2014, la invita\u021bia jurnalistului Vasile Neam\u021bu, Societatea pentru Cultur\u0103 METARSIS s-a al\u0103turat logistic \u00eentregii Prese C\u0103r\u0103\u0219ene. De anul trecut, iilor \u0219i c\u0103m\u0103\u0219ilor rom\u00e2ne\u0219ti s-a ad\u0103ugat\u00a0 CONTRATIMPUL br\u00e2ului b\u0103n\u0103\u0163ean, joc din patrimoniul imaterial al Banatului de Munte pe care Eftimie Murgu \u00eel definea plastic \u201csar \u00een \u015fir to\u0163i deodat\u0103, astfel \u00eenc\u00e2t al treilea pas s\u0103 \u0163in\u0103 ritmul\u201d.<\/p>\n<p style=\"text-align: justify;\"><a href=\"http:\/\/semndecarte.metarsis.ro\/wp-content\/uploads\/2015\/06\/cop32.jpg\" rel=\"lightbox[9022]\"><img loading=\"lazy\" class=\"alignleft size-full wp-image-9025\" src=\"http:\/\/semndecarte.metarsis.ro\/wp-content\/uploads\/2015\/06\/cop32.jpg\" alt=\"cop3\" width=\"520\" height=\"200\" srcset=\"https:\/\/semndecarte.metarsis.ro\/wp-content\/uploads\/2015\/06\/cop32.jpg 520w, https:\/\/semndecarte.metarsis.ro\/wp-content\/uploads\/2015\/06\/cop32-160x61.jpg 160w, https:\/\/semndecarte.metarsis.ro\/wp-content\/uploads\/2015\/06\/cop32-163x62.jpg 163w\" sizes=\"(max-width: 520px) 100vw, 520px\" \/><\/a>Miercuri, 10 iunie 2015, \u00een Centrul Civic, al\u0103turi de dansatorii profesioni\u0219ti din ansamblurile: B\u00e2rzava, Re\u0219i\u021beana, Armeni\u015fana, Sveti Nicola din Radimna, \u00eembr\u0103ca\u021bi in ii, ne-am prins \u201ccu fal\u0103\u201d \u00eentr-un br\u00e2u ban\u0103\u0163ean, reper rom\u00e2nesc definitoriu peste TIMP, \u00a0\u00een semn de respect fa\u0163\u0103 de valorile na\u0163ionale \u015fi regionale, fa\u0163\u0103 de bunii \u0219i str\u0103bunii \u00a0no\u0219tri.<\/p>\n<p style=\"text-align: justify;\"><a href=\"http:\/\/semndecarte.metarsis.ro\/wp-content\/uploads\/2015\/06\/cop42.jpg\" rel=\"lightbox[9022]\"><img loading=\"lazy\" class=\"alignleft size-full wp-image-9026\" src=\"http:\/\/semndecarte.metarsis.ro\/wp-content\/uploads\/2015\/06\/cop42.jpg\" alt=\"cop4\" width=\"520\" height=\"200\" srcset=\"https:\/\/semndecarte.metarsis.ro\/wp-content\/uploads\/2015\/06\/cop42.jpg 520w, https:\/\/semndecarte.metarsis.ro\/wp-content\/uploads\/2015\/06\/cop42-160x61.jpg 160w, https:\/\/semndecarte.metarsis.ro\/wp-content\/uploads\/2015\/06\/cop42-163x62.jpg 163w\" sizes=\"(max-width: 520px) 100vw, 520px\" \/><\/a>Pentru c\u0103 toate DORURILE noastre sunt eternizate \u00een IA rom\u00e2neasc\u0103 \u015fi toata FALA b\u0103n\u0103\u0163ean\u0103 este articulat\u0103 \u00een melodiile c\u00e2ntate pe \u201ctimp\u201d \u015fi jucate pe \u201ccontratimp\u201d \u00eentr-o rela\u0163ie des\u0103v\u00e2r\u015fit\u0103 dintre muzican\u0163i \u015fi dansatori.<\/p>\n<p style=\"text-align: justify;\"><a href=\"http:\/\/semndecarte.metarsis.ro\/wp-content\/uploads\/2015\/06\/cop52.jpg\" rel=\"lightbox[9022]\"><img loading=\"lazy\" class=\"alignleft size-full wp-image-9027\" src=\"http:\/\/semndecarte.metarsis.ro\/wp-content\/uploads\/2015\/06\/cop52.jpg\" alt=\"cop5\" width=\"520\" height=\"200\" srcset=\"https:\/\/semndecarte.metarsis.ro\/wp-content\/uploads\/2015\/06\/cop52.jpg 520w, https:\/\/semndecarte.metarsis.ro\/wp-content\/uploads\/2015\/06\/cop52-160x61.jpg 160w, https:\/\/semndecarte.metarsis.ro\/wp-content\/uploads\/2015\/06\/cop52-163x62.jpg 163w\" sizes=\"(max-width: 520px) 100vw, 520px\" \/><\/a>Evenimet organizat de METARSIS- activit\u0103\u0163i \u015fi servicii de cultur\u0103 urban\u0103 \u015fi art\u0103 contemporan\u0103 \u00een parteneriat cu Prim\u0103ria Re\u015fi\u0163a \u015fi PRESA CAR\u0102\u015eAN\u0102: Banat TV, Banat FM,\u00a0 Vest TV, TVR Timi\u015foara, Radio Rom\u00e2nia Re\u015fi\u0163a, Radio Rom\u00e2nia Actualit\u0103\u0163i, Jurnal de Cara\u015f-Severin, Agen\u0163ia de Pres\u0103 Agerpress, Ziua de Vest, Argument Online, Reper 24, Info-CS, Express de Banat, \u015etiri din Banat, Uniunea Ziaristilor Profesionisti din Romania, cu sprijinul libr\u0103riei Semn de Carte \u015fi Piperiu Publica\u0163ii.<\/p>\n","protected":false},"excerpt":{"rendered":"<p>IA ROM\u00c2NEASC\u0102 \u015fi BR\u00c2UL B\u0102N\u0102\u0162EAN, repere definitorii ale identit\u0103\u0163ii noastre na\u0163ionale \u015fi regionale, au fost puse \u00een valoare, miercuri 10 iunie 2015, \u00een Pia\u0163a 1 Decembrie 1918 din Re\u015fi\u0163a, \u00eentre orele 18:00 \u2013 19:00, printr-un eveniment cultural puternic mediatizat de presa c\u0103r\u0103\u015fan\u0103.<\/p>\n","protected":false},"author":1,"featured_media":0,"comment_status":"open","ping_status":"open","sticky":false,"template":"","format":"standard","meta":[],"categories":[7],"tags":[496,495,497],"_links":{"self":[{"href":"https:\/\/semndecarte.metarsis.ro\/index.php?rest_route=\/wp\/v2\/posts\/9022"}],"collection":[{"href":"https:\/\/semndecarte.metarsis.ro\/index.php?rest_route=\/wp\/v2\/posts"}],"about":[{"href":"https:\/\/semndecarte.metarsis.ro\/index.php?rest_route=\/wp\/v2\/types\/post"}],"author":[{"embeddable":true,"href":"https:\/\/semndecarte.metarsis.ro\/index.php?rest_route=\/wp\/v2\/users\/1"}],"replies":[{"embeddable":true,"href":"https:\/\/semndecarte.metarsis.ro\/index.php?rest_route=%2Fwp%2Fv2%2Fcomments&post=9022"}],"version-history":[{"count":0,"href":"https:\/\/semndecarte.metarsis.ro\/index.php?rest_route=\/wp\/v2\/posts\/9022\/revisions"}],"wp:attachment":[{"href":"https:\/\/semndecarte.metarsis.ro\/index.php?rest_route=%2Fwp%2Fv2%2Fmedia&parent=9022"}],"wp:term":[{"taxonomy":"category","embeddable":true,"href":"https:\/\/semndecarte.metarsis.ro\/index.php?rest_route=%2Fwp%2Fv2%2Fcategories&post=9022"},{"taxonomy":"post_tag","embeddable":true,"href":"https:\/\/semndecarte.metarsis.ro\/index.php?rest_route=%2Fwp%2Fv2%2Ftags&post=9022"}],"curies":[{"name":"wp","href":"https:\/\/api.w.org\/{rel}","templated":true}]}}