{"id":8998,"date":"2015-06-08T09:04:54","date_gmt":"2015-06-08T07:04:54","guid":{"rendered":"http:\/\/semndecarte.metarsis.ro\/?p=8998"},"modified":"2015-06-08T09:04:54","modified_gmt":"2015-06-08T07:04:54","slug":"expozitie-de-sculptura","status":"publish","type":"post","link":"https:\/\/semndecarte.metarsis.ro\/?p=8998","title":{"rendered":"Expozi\u021bie de sculptur\u0103"},"content":{"rendered":"<p style=\"text-align: justify;\"><a href=\"http:\/\/semndecarte.metarsis.ro\/wp-content\/uploads\/2014\/06\/Sculptura_026.jpg\" rel=\"lightbox[8998]\"><img loading=\"lazy\" class=\"alignleft  wp-image-8577\" src=\"http:\/\/semndecarte.metarsis.ro\/wp-content\/uploads\/2014\/06\/Sculptura_026.jpg\" alt=\"Sculptura_026\" width=\"546\" height=\"361\" srcset=\"https:\/\/semndecarte.metarsis.ro\/wp-content\/uploads\/2014\/06\/Sculptura_026.jpg 599w, https:\/\/semndecarte.metarsis.ro\/wp-content\/uploads\/2014\/06\/Sculptura_026-160x105.jpg 160w, https:\/\/semndecarte.metarsis.ro\/wp-content\/uploads\/2014\/06\/Sculptura_026-163x107.jpg 163w\" sizes=\"(max-width: 546px) 100vw, 546px\" \/><\/a>Ausstellung mit Holzschnitzereien<\/p>\n<p style=\"text-align: justify;\">Mar\u021bi, 9 iunie 2015, orele 17:00, la libr\u0103ria Semn de Carte din Re\u0219i\u021ba, \u00a0str. Libert\u0103\u021bii 13, va avea loc vernisajul expozi\u021biei de sculptur\u0103 \u00een lemn cu lucr\u0103ri realizate de membri ai cercului de sculptur\u0103 \u201cJacob Neubauer\u201d al Forumului \u00a0Democrat al Germanilor\u00a0 din Rom\u00e2nia, \u00a0filiala Cara\u0219-Severin.<!--more--><\/p>\n<p style=\"text-align: justify;\">Evenimentul este cuprins \u00een programul \u201cLUNA IUNIE- LUNA EXPOZI\u021aIILOR\u201d edi\u021bia a VIII-a \u0219i are ca principal organizator Forumul Democrat al Germanilor din Cara\u0219-Severin \u00een parteneriat cu Asocia\u021bia German\u0103 de Cultur\u0103 \u0219i Educa\u021bie a Adul\u021bilor Re\u0219i\u021ba \u0219i Societatea pentru Cultur\u0103 METARSIS- activit\u0103\u021bi \u0219i servicii de cultur\u0103 urban\u0103 \u0219i art\u0103 contemporan\u0103 prin libr\u0103ria Semn de Carte.<\/p>\n","protected":false},"excerpt":{"rendered":"<p>Mar\u021bi, 9 iunie 2015, orele 17:00, la libr\u0103ria Semn de Carte din Re\u0219i\u021ba,  str. Libert\u0103\u021bii 13, va avea loc vernisajul expozi\u021biei de sculptur\u0103 \u00een lemn cu lucr\u0103ri realizate de membri ai cercului de sculptur\u0103 \u201cJacob Neubauer\u201d al Forumului  Democrat al Germanilor  din Rom\u00e2nia,  filiala Cara\u0219-Severin.<\/p>\n","protected":false},"author":1,"featured_media":0,"comment_status":"open","ping_status":"open","sticky":false,"template":"","format":"standard","meta":[],"categories":[3],"tags":[493,494,421,110],"_links":{"self":[{"href":"https:\/\/semndecarte.metarsis.ro\/index.php?rest_route=\/wp\/v2\/posts\/8998"}],"collection":[{"href":"https:\/\/semndecarte.metarsis.ro\/index.php?rest_route=\/wp\/v2\/posts"}],"about":[{"href":"https:\/\/semndecarte.metarsis.ro\/index.php?rest_route=\/wp\/v2\/types\/post"}],"author":[{"embeddable":true,"href":"https:\/\/semndecarte.metarsis.ro\/index.php?rest_route=\/wp\/v2\/users\/1"}],"replies":[{"embeddable":true,"href":"https:\/\/semndecarte.metarsis.ro\/index.php?rest_route=%2Fwp%2Fv2%2Fcomments&post=8998"}],"version-history":[{"count":0,"href":"https:\/\/semndecarte.metarsis.ro\/index.php?rest_route=\/wp\/v2\/posts\/8998\/revisions"}],"wp:attachment":[{"href":"https:\/\/semndecarte.metarsis.ro\/index.php?rest_route=%2Fwp%2Fv2%2Fmedia&parent=8998"}],"wp:term":[{"taxonomy":"category","embeddable":true,"href":"https:\/\/semndecarte.metarsis.ro\/index.php?rest_route=%2Fwp%2Fv2%2Fcategories&post=8998"},{"taxonomy":"post_tag","embeddable":true,"href":"https:\/\/semndecarte.metarsis.ro\/index.php?rest_route=%2Fwp%2Fv2%2Ftags&post=8998"}],"curies":[{"name":"wp","href":"https:\/\/api.w.org\/{rel}","templated":true}]}}