{"id":8905,"date":"2015-04-23T08:13:45","date_gmt":"2015-04-23T06:13:45","guid":{"rendered":"http:\/\/semndecarte.metarsis.ro\/?p=8905"},"modified":"2015-04-23T08:14:56","modified_gmt":"2015-04-23T06:14:56","slug":"prescolarii-si-semnul-de-carte","status":"publish","type":"post","link":"https:\/\/semndecarte.metarsis.ro\/?p=8905","title":{"rendered":"Pre\u0219colarii \u015fi Semnul de Carte"},"content":{"rendered":"<p style=\"text-align: justify;\"><strong><a href=\"http:\/\/semndecarte.metarsis.ro\/wp-content\/uploads\/2015\/04\/cop21.jpg\" rel=\"lightbox[8905]\"><img loading=\"lazy\" class=\"alignleft size-full wp-image-8906\" src=\"http:\/\/semndecarte.metarsis.ro\/wp-content\/uploads\/2015\/04\/cop21.jpg\" alt=\"cop2\" width=\"520\" height=\"200\" srcset=\"https:\/\/semndecarte.metarsis.ro\/wp-content\/uploads\/2015\/04\/cop21.jpg 520w, https:\/\/semndecarte.metarsis.ro\/wp-content\/uploads\/2015\/04\/cop21-160x61.jpg 160w, https:\/\/semndecarte.metarsis.ro\/wp-content\/uploads\/2015\/04\/cop21-163x62.jpg 163w\" sizes=\"(max-width: 520px) 100vw, 520px\" \/><\/a>S\u0103pt\u0103m\u00e2na altfel<\/strong><\/p>\n<p style=\"text-align: justify;\">Pe tot parcursul s\u0103pt\u0103m\u00e2nii\u00a06-10 aprilie 2015 libr\u0103ria Semn de Carte \u0219i Societatea pentru Cultur\u0103 METARSIS au fost implicate \u00een numeroase proiecte \u00een cadrul programului na\u021bional\u00a0<em>\u0218coala altfel<\/em>.<!--more--><\/p>\n<p style=\"text-align: justify;\">Dup\u0103 Opereta Hansel \u015fi Gretel \u00a0jucat\u0103 de Compania\u00a0<em>Fascina\u021bia Sunetului<\/em>\u00a0din Timi\u0219oara\u2013mul\u021bi dintre elevii prezen\u021bi \u00een sala<em>\u00a0<\/em><em>Lira <\/em>urm\u0103rind pentru prima oar\u0103 \u00een via\u021b\u0103 un teatru muzical,\u00a0<em>S\u0103pt\u0103m\u00e2na altfel<\/em>\u00a0a prilejuit \u00eent\u00e2lnirea pre\u0219colarilor \u0219i \u0219colarilor cu minunatele c\u0103rti din libr\u0103ria Semn de Carte.<\/p>\n<p style=\"text-align: justify;\">Miercuri, 08.04.2015, de la Gr\u0103dini\u0163a\u00a0<em>Nu m\u0103 uita<\/em>\u00a0ne-au vizitat \u201cAlbinu\u021bele\u201d- coordonator d-na prof. Zori\u021ba Tudor \u0219i \u201cCampionii\u201d \u2013 coordonator d-na prof. Lucia Mato. \u00centr-o explozie de bucurie la vederea c\u0103r\u021bilor colorate micu\u021bii au privit, au c\u00e2ntat, au desenat \u00een curtea libr\u0103riei cu cret\u0103 colorat\u0103\u00a0\u0219i-au ales c\u00e2te o carte-poveste de colorat pe care, cu siguran\u021b\u0103, p\u0103rin\u0163ii \u0219i bunicii le-o vor citi.<\/p>\n<p style=\"text-align: justify;\">Educatori, p\u0103rin\u021bi, bunici \u0219i copii frumo\u0219i au f\u0103cut cuno\u0219tin\u021b\u0103 cu ARIcel ISTE\u021a,\u00a0 ariciul- mascot\u0103 al libr\u0103riei Semn de Carte, cel care iube\u0219te nespus pove\u0219tile \u0219i c\u0103r\u0163ile dar, mai ales, copii care iubesc c\u0103r\u021bile. Iar pentru fiecare cump\u0103r\u0103tor, cititor sau ascultator de pove\u0219ti, mic sau mare,\u00a0ARIcel ISTE\u021a are c\u00e2te o bomboan\u0103 bun\u0103-bun\u0103 \u0219i fermecat\u0103. M\u00e2nc\u00e2nd-o \u0219i pun\u00e2ndu-\u021bi o dorin\u021b\u0103, aceasta se va \u00eemplini. Nu m\u0103 crede\u021bi? \u00cencerca\u021bi!<\/p>\n<p style=\"text-align: justify;\">Iar pentru c\u0103 frumosul Luca (2 ani) a fost taaaare \u00eembufnat, ARIcel ISTE\u021a i l-a d\u0103ruit\u00a0 pe unul dintre baie\u021bii lui, pe ARIcel VESEL s\u0103-l \u00eenveseleasc\u0103 de c\u00e2te ori o fi nevoie&#8230; O fi reu\u0219it? Eu cred ca da!<\/p>\n<p style=\"text-align: justify;\"><a href=\"http:\/\/semndecarte.metarsis.ro\/wp-content\/uploads\/2015\/04\/DSC_6699.jpg\" rel=\"lightbox[8905]\"><img loading=\"lazy\" class=\"alignleft size-thumbnail wp-image-8907\" src=\"http:\/\/semndecarte.metarsis.ro\/wp-content\/uploads\/2015\/04\/DSC_6699-95x95.jpg\" alt=\"DSC_6699\" width=\"95\" height=\"95\" \/><\/a><a href=\"http:\/\/semndecarte.metarsis.ro\/wp-content\/uploads\/2015\/04\/DSC_6683.jpg\" rel=\"lightbox[8905]\"><img loading=\"lazy\" class=\"alignleft size-thumbnail wp-image-8908\" src=\"http:\/\/semndecarte.metarsis.ro\/wp-content\/uploads\/2015\/04\/DSC_6683-95x95.jpg\" alt=\"DSC_6683\" width=\"95\" height=\"95\" \/><\/a> <a href=\"http:\/\/semndecarte.metarsis.ro\/wp-content\/uploads\/2015\/04\/DSC_6688.jpg\" rel=\"lightbox[8905]\"><img loading=\"lazy\" class=\"alignleft size-thumbnail wp-image-8909\" src=\"http:\/\/semndecarte.metarsis.ro\/wp-content\/uploads\/2015\/04\/DSC_6688-95x95.jpg\" alt=\"DSC_6688\" width=\"95\" height=\"95\" \/><\/a> <a href=\"http:\/\/semndecarte.metarsis.ro\/wp-content\/uploads\/2015\/04\/DSC_6724.jpg\" rel=\"lightbox[8905]\"><img loading=\"lazy\" class=\"alignleft size-thumbnail wp-image-8910\" src=\"http:\/\/semndecarte.metarsis.ro\/wp-content\/uploads\/2015\/04\/DSC_6724-95x95.jpg\" alt=\"DSC_6724\" width=\"95\" height=\"95\" \/><\/a><a href=\"http:\/\/semndecarte.metarsis.ro\/wp-content\/uploads\/2015\/04\/DSC_6721.jpg\" rel=\"lightbox[8905]\"><img loading=\"lazy\" class=\"alignleft size-thumbnail wp-image-8911\" src=\"http:\/\/semndecarte.metarsis.ro\/wp-content\/uploads\/2015\/04\/DSC_6721-95x95.jpg\" alt=\"DSC_6721\" width=\"95\" height=\"95\" \/><\/a><\/p>\n","protected":false},"excerpt":{"rendered":"<p>Pe tot parcursul s\u0103pt\u0103m\u00e2nii 6-10 aprilie 2015 libr\u0103ria Semn de Carte \u0219i Societatea pentru Cultur\u0103 METARSIS au fost implicate \u00een numeroase proiecte \u00een cadrul programului na\u021bional \u0218coala altfel.<\/p>\n","protected":false},"author":1,"featured_media":0,"comment_status":"open","ping_status":"open","sticky":false,"template":"","format":"standard","meta":[],"categories":[7],"tags":[361],"_links":{"self":[{"href":"https:\/\/semndecarte.metarsis.ro\/index.php?rest_route=\/wp\/v2\/posts\/8905"}],"collection":[{"href":"https:\/\/semndecarte.metarsis.ro\/index.php?rest_route=\/wp\/v2\/posts"}],"about":[{"href":"https:\/\/semndecarte.metarsis.ro\/index.php?rest_route=\/wp\/v2\/types\/post"}],"author":[{"embeddable":true,"href":"https:\/\/semndecarte.metarsis.ro\/index.php?rest_route=\/wp\/v2\/users\/1"}],"replies":[{"embeddable":true,"href":"https:\/\/semndecarte.metarsis.ro\/index.php?rest_route=%2Fwp%2Fv2%2Fcomments&post=8905"}],"version-history":[{"count":0,"href":"https:\/\/semndecarte.metarsis.ro\/index.php?rest_route=\/wp\/v2\/posts\/8905\/revisions"}],"wp:attachment":[{"href":"https:\/\/semndecarte.metarsis.ro\/index.php?rest_route=%2Fwp%2Fv2%2Fmedia&parent=8905"}],"wp:term":[{"taxonomy":"category","embeddable":true,"href":"https:\/\/semndecarte.metarsis.ro\/index.php?rest_route=%2Fwp%2Fv2%2Fcategories&post=8905"},{"taxonomy":"post_tag","embeddable":true,"href":"https:\/\/semndecarte.metarsis.ro\/index.php?rest_route=%2Fwp%2Fv2%2Ftags&post=8905"}],"curies":[{"name":"wp","href":"https:\/\/api.w.org\/{rel}","templated":true}]}}