{"id":8888,"date":"2015-04-10T18:19:01","date_gmt":"2015-04-10T16:19:01","guid":{"rendered":"http:\/\/semndecarte.metarsis.ro\/?p=8888"},"modified":"2015-04-10T18:19:01","modified_gmt":"2015-04-10T16:19:01","slug":"scoala-altfel-3","status":"publish","type":"post","link":"https:\/\/semndecarte.metarsis.ro\/?p=8888","title":{"rendered":"\u0218coala altfel"},"content":{"rendered":"<p><strong><a href=\"http:\/\/semndecarte.metarsis.ro\/wp-content\/uploads\/2015\/04\/cop3.jpg\" rel=\"lightbox[8888]\"><img loading=\"lazy\" class=\"alignleft size-full wp-image-8889\" src=\"http:\/\/semndecarte.metarsis.ro\/wp-content\/uploads\/2015\/04\/cop3.jpg\" alt=\"cop\" width=\"520\" height=\"200\" srcset=\"https:\/\/semndecarte.metarsis.ro\/wp-content\/uploads\/2015\/04\/cop3.jpg 520w, https:\/\/semndecarte.metarsis.ro\/wp-content\/uploads\/2015\/04\/cop3-160x61.jpg 160w, https:\/\/semndecarte.metarsis.ro\/wp-content\/uploads\/2015\/04\/cop3-163x62.jpg 163w\" sizes=\"(max-width: 520px) 100vw, 520px\" \/><\/a>Hansel \u0219i Gretel<\/strong><\/p>\n<p style=\"text-align: justify;\">Mar\u021bi, 7 aprilie 2015, \u00een\u00a0<em>S\u0103pt\u0103m\u00e2na altfel<\/em>\u00a0elevi re\u0219i\u021beni s-au \u00eent\u00e2lnit din nou cu Compania \u201cFascina\u021bia sunetului\u201d din Timi\u0219oara. Anul acesta tinerii muzicieni i-au \u00eenc\u00e2ntat pe cei prezen\u021bi in sala Lira a Liceului de Arte <em>Sabin P\u0103u\u021ba<\/em>\u00a0cu opereta pentru copii Hansel \u0219i Gretel dup\u0103 fra\u021bii Grimm, pe un libret de Adelhaid Wette \u0219i muzica lui Engelbert Humperdinck- compozitor german din secolul al XIX-lea.<!--more--><\/p>\n<p style=\"text-align: justify;\">\u00centr-un spectacol interactiv \u00een care Vr\u0103jitoarea abia a sc\u0103pat din m\u00e2inile copiilor deveni\u021bi al \u0219aselea personaj din spectacol, fascina\u021bi- la propriu de muzic\u0103 \u0219i interpretare, Cosmina \u0218erban- Hansel, Cristina Vlaicu- Gretel, Marilena Chirc\u0103- Mama, Alexandru Suc\u0103- Tata \u0219i re\u0219i\u021beanca noastr\u0103 Ana-Maria St\u0103noia \u00een rol dublu: Z\u00e2na cea bun\u0103 \u0219i Vr\u0103jitoarea au fost extraordinari \u0219i au adus spectacolul muzical \u00een prim plan.<\/p>\n<p style=\"text-align: justify;\"><a href=\"http:\/\/semndecarte.metarsis.ro\/wp-content\/uploads\/2015\/04\/01.jpg\" rel=\"lightbox[8888]\"><img loading=\"lazy\" class=\"alignleft size-thumbnail wp-image-8892\" src=\"http:\/\/semndecarte.metarsis.ro\/wp-content\/uploads\/2015\/04\/01-95x95.jpg\" alt=\"01\" width=\"95\" height=\"95\" \/><\/a><a href=\"http:\/\/semndecarte.metarsis.ro\/wp-content\/uploads\/2015\/04\/02.jpg\" rel=\"lightbox[8888]\"><img loading=\"lazy\" class=\"alignleft size-thumbnail wp-image-8893\" src=\"http:\/\/semndecarte.metarsis.ro\/wp-content\/uploads\/2015\/04\/02-95x95.jpg\" alt=\"02\" width=\"95\" height=\"95\" \/><\/a><a href=\"http:\/\/semndecarte.metarsis.ro\/wp-content\/uploads\/2015\/04\/041.jpg\" rel=\"lightbox[8888]\"><img loading=\"lazy\" class=\"alignleft size-thumbnail wp-image-8894\" src=\"http:\/\/semndecarte.metarsis.ro\/wp-content\/uploads\/2015\/04\/041-95x95.jpg\" alt=\"04\" width=\"95\" height=\"95\" \/><\/a><a href=\"http:\/\/semndecarte.metarsis.ro\/wp-content\/uploads\/2015\/04\/051.jpg\" rel=\"lightbox[8888]\"><img loading=\"lazy\" class=\"alignleft size-thumbnail wp-image-8895\" src=\"http:\/\/semndecarte.metarsis.ro\/wp-content\/uploads\/2015\/04\/051-95x95.jpg\" alt=\"05\" width=\"95\" height=\"95\" \/><\/a><a href=\"http:\/\/semndecarte.metarsis.ro\/wp-content\/uploads\/2015\/04\/06.jpg\" rel=\"lightbox[8888]\"><img loading=\"lazy\" class=\"alignleft size-thumbnail wp-image-8896\" src=\"http:\/\/semndecarte.metarsis.ro\/wp-content\/uploads\/2015\/04\/06-95x95.jpg\" alt=\"06\" width=\"95\" height=\"95\" \/><\/a><strong><a href=\"http:\/\/semndecarte.metarsis.ro\/wp-content\/uploads\/2015\/04\/071.jpg\" rel=\"lightbox[8888]\"><img loading=\"lazy\" class=\"alignleft size-thumbnail wp-image-8897\" src=\"http:\/\/semndecarte.metarsis.ro\/wp-content\/uploads\/2015\/04\/071-95x95.jpg\" alt=\"07\" width=\"95\" height=\"95\" \/><\/a><a href=\"http:\/\/semndecarte.metarsis.ro\/wp-content\/uploads\/2015\/04\/07b.jpg\" rel=\"lightbox[8888]\"><img loading=\"lazy\" class=\"alignleft size-thumbnail wp-image-8898\" src=\"http:\/\/semndecarte.metarsis.ro\/wp-content\/uploads\/2015\/04\/07b-95x95.jpg\" alt=\"07b\" width=\"95\" height=\"95\" \/><\/a><a href=\"http:\/\/semndecarte.metarsis.ro\/wp-content\/uploads\/2015\/04\/08.jpg\" rel=\"lightbox[8888]\"><img loading=\"lazy\" class=\"alignleft size-thumbnail wp-image-8899\" src=\"http:\/\/semndecarte.metarsis.ro\/wp-content\/uploads\/2015\/04\/08-95x95.jpg\" alt=\"08\" width=\"95\" height=\"95\" \/><\/a><a href=\"http:\/\/semndecarte.metarsis.ro\/wp-content\/uploads\/2015\/04\/101.jpg\" rel=\"lightbox[8888]\"><img loading=\"lazy\" class=\"alignleft size-thumbnail wp-image-8891\" src=\"http:\/\/semndecarte.metarsis.ro\/wp-content\/uploads\/2015\/04\/101-95x95.jpg\" alt=\"10\" width=\"95\" height=\"95\" \/><\/a><a href=\"http:\/\/semndecarte.metarsis.ro\/wp-content\/uploads\/2015\/04\/091.jpg\" rel=\"lightbox[8888]\"><img loading=\"lazy\" class=\"alignleft size-thumbnail wp-image-8900\" src=\"http:\/\/semndecarte.metarsis.ro\/wp-content\/uploads\/2015\/04\/091-95x95.jpg\" alt=\"09\" width=\"95\" height=\"95\" \/><\/a><\/strong><\/p>\n<p style=\"text-align: justify;\">Teatru muzical sau operet\u0103 pentru copii- o form\u0103 de art\u0103 prin care copiii pot experimenta emo\u021bii noi.<\/p>\n<p style=\"text-align: justify;\">Eveniment organizat de METARSIS- activit\u0103\u021bi \u0219i servicii de cultur\u0103 urban\u0103 \u0219i art\u0103 contemporan\u0103 cu sprijinul Prim\u0103riei Re\u0219i\u021ba \u0219i al Liceului de Arte Sabin P\u0103u\u021ba.<\/p>\n","protected":false},"excerpt":{"rendered":"<p>Mar\u021bi, 7 aprilie 2015, \u00een S\u0103pt\u0103m\u00e2na altfel elevi re\u0219i\u021beni s-au \u00eent\u00e2lnit din nou cu Compania \u201cFascina\u021bia sunetului\u201d din Timi\u0219oara. Anul acesta tinerii muzicieni i-au \u00eenc\u00e2ntat pe cei prezen\u021bi in sala Lira a Liceului de Arte Sabin P\u0103u\u021ba cu opereta pentru copii Hansel \u0219i Gretel dup\u0103 fra\u021bii Grimm, pe un libret de Adelhaid Wette \u0219i muzica lui Engelbert Humperdinck- compozitor german din secolul al XIX-lea.<\/p>\n","protected":false},"author":1,"featured_media":0,"comment_status":"open","ping_status":"open","sticky":false,"template":"","format":"standard","meta":[],"categories":[7],"tags":[382],"_links":{"self":[{"href":"https:\/\/semndecarte.metarsis.ro\/index.php?rest_route=\/wp\/v2\/posts\/8888"}],"collection":[{"href":"https:\/\/semndecarte.metarsis.ro\/index.php?rest_route=\/wp\/v2\/posts"}],"about":[{"href":"https:\/\/semndecarte.metarsis.ro\/index.php?rest_route=\/wp\/v2\/types\/post"}],"author":[{"embeddable":true,"href":"https:\/\/semndecarte.metarsis.ro\/index.php?rest_route=\/wp\/v2\/users\/1"}],"replies":[{"embeddable":true,"href":"https:\/\/semndecarte.metarsis.ro\/index.php?rest_route=%2Fwp%2Fv2%2Fcomments&post=8888"}],"version-history":[{"count":0,"href":"https:\/\/semndecarte.metarsis.ro\/index.php?rest_route=\/wp\/v2\/posts\/8888\/revisions"}],"wp:attachment":[{"href":"https:\/\/semndecarte.metarsis.ro\/index.php?rest_route=%2Fwp%2Fv2%2Fmedia&parent=8888"}],"wp:term":[{"taxonomy":"category","embeddable":true,"href":"https:\/\/semndecarte.metarsis.ro\/index.php?rest_route=%2Fwp%2Fv2%2Fcategories&post=8888"},{"taxonomy":"post_tag","embeddable":true,"href":"https:\/\/semndecarte.metarsis.ro\/index.php?rest_route=%2Fwp%2Fv2%2Ftags&post=8888"}],"curies":[{"name":"wp","href":"https:\/\/api.w.org\/{rel}","templated":true}]}}