{"id":8869,"date":"2015-04-03T14:18:36","date_gmt":"2015-04-03T12:18:36","guid":{"rendered":"http:\/\/semndecarte.metarsis.ro\/?p=8869"},"modified":"2015-04-03T14:18:36","modified_gmt":"2015-04-03T12:18:36","slug":"expozitie-foto","status":"publish","type":"post","link":"https:\/\/semndecarte.metarsis.ro\/?p=8869","title":{"rendered":"Expozitie foto"},"content":{"rendered":"<p style=\"text-align: justify;\"><a href=\"http:\/\/semndecarte.metarsis.ro\/wp-content\/uploads\/2015\/04\/cop1.jpg\" rel=\"lightbox[8869]\"><img loading=\"lazy\" class=\"alignleft size-full wp-image-8870\" src=\"http:\/\/semndecarte.metarsis.ro\/wp-content\/uploads\/2015\/04\/cop1.jpg\" alt=\"Expo foto\" width=\"519\" height=\"227\" srcset=\"https:\/\/semndecarte.metarsis.ro\/wp-content\/uploads\/2015\/04\/cop1.jpg 519w, https:\/\/semndecarte.metarsis.ro\/wp-content\/uploads\/2015\/04\/cop1-160x69.jpg 160w, https:\/\/semndecarte.metarsis.ro\/wp-content\/uploads\/2015\/04\/cop1-163x71.jpg 163w\" sizes=\"(max-width: 519px) 100vw, 519px\" \/><\/a><a href=\"http:\/\/semndecarte.metarsis.ro\/wp-content\/uploads\/2015\/04\/afis-web.jpg\" rel=\"lightbox[8869]\"><img loading=\"lazy\" class=\"alignright size-large wp-image-8872\" src=\"http:\/\/semndecarte.metarsis.ro\/wp-content\/uploads\/2015\/04\/afis-web-115x163.jpg\" alt=\"afis web\" width=\"115\" height=\"163\" srcset=\"https:\/\/semndecarte.metarsis.ro\/wp-content\/uploads\/2015\/04\/afis-web-115x163.jpg 115w, https:\/\/semndecarte.metarsis.ro\/wp-content\/uploads\/2015\/04\/afis-web-113x160.jpg 113w, https:\/\/semndecarte.metarsis.ro\/wp-content\/uploads\/2015\/04\/afis-web.jpg 424w\" sizes=\"(max-width: 115px) 100vw, 115px\" \/><\/a>S\u00e2mb\u0103t\u0103 4 aprilie 2015, orele 17, la Heimatstub\u2019n zu Wolfsberg (Muzeul din G\u0103r\u00e2na), va avea loc vernisajul expozi\u021biei &#8222;Kirchweih in Wolfsberg&#8221; cu fotografii realizate la s\u0103rb\u0103torirea Hramului Bisericii din G\u0103r\u00e2na \u00een luna octombrie 2014 de c\u0103tre: Doru Dumitru, Petre Dalea, Gheorghe Popoviciu Camelia \u0219i Lucian Duca.<\/p>\n<p style=\"text-align: justify;\">Expozi\u021bia marcheaz\u0103 500 de ani de la na\u0219terea Sintei Theresia de Avila, ocrotitoarea\u00a0 Bisericii Romano \u2013 Catolice din G\u0103r\u00e2na.<!--more--><\/p>\n<p style=\"text-align: justify;\">Manifestare organizat\u0103 de Metarsis \u2013 activit\u0103\u021bi \u0219i servicii de cultur\u0103 urban\u0103 si art\u0103 contemporan\u0103 prin Libr\u0103ria Semn de Carte \u00een colaborare cu Forumul Democrat al Germanilor din Banatul Montan \u0219i Comuna Brebu-Nou.<\/p>\n<p>&nbsp;<\/p>\n<p>&nbsp;<\/p>\n","protected":false},"excerpt":{"rendered":"<p>S\u00e2mb\u0103t\u0103 4 aprilie 2015, orele 17, la Heimatstub\u2019n zu Wolfsberg (Muzeul din G\u0103r\u00e2na), va avea loc vernisajul expozi\u021biei &#8222;Kirchweih in Wolfsberg&#8221; cu fotografii realizate la s\u0103rb\u0103torirea Hramului Bisericii din G\u0103r\u00e2na \u00een luna octombrie 2014 de c\u0103tre: Doru Dumitru, Petre Dalea, Gheorghe Popoviciu Camelia \u0219i Lucian Duca.<br \/>\nExpozi\u021bia marcheaz\u0103 500 de ani de la na\u0219terea Sintei Theresia de Avila, ocrotitoarea  Bisericii Romano \u2013 Catolice din G\u0103r\u00e2na.<\/p>\n","protected":false},"author":1,"featured_media":0,"comment_status":"open","ping_status":"open","sticky":false,"template":"","format":"standard","meta":[],"categories":[3],"tags":[53],"_links":{"self":[{"href":"https:\/\/semndecarte.metarsis.ro\/index.php?rest_route=\/wp\/v2\/posts\/8869"}],"collection":[{"href":"https:\/\/semndecarte.metarsis.ro\/index.php?rest_route=\/wp\/v2\/posts"}],"about":[{"href":"https:\/\/semndecarte.metarsis.ro\/index.php?rest_route=\/wp\/v2\/types\/post"}],"author":[{"embeddable":true,"href":"https:\/\/semndecarte.metarsis.ro\/index.php?rest_route=\/wp\/v2\/users\/1"}],"replies":[{"embeddable":true,"href":"https:\/\/semndecarte.metarsis.ro\/index.php?rest_route=%2Fwp%2Fv2%2Fcomments&post=8869"}],"version-history":[{"count":0,"href":"https:\/\/semndecarte.metarsis.ro\/index.php?rest_route=\/wp\/v2\/posts\/8869\/revisions"}],"wp:attachment":[{"href":"https:\/\/semndecarte.metarsis.ro\/index.php?rest_route=%2Fwp%2Fv2%2Fmedia&parent=8869"}],"wp:term":[{"taxonomy":"category","embeddable":true,"href":"https:\/\/semndecarte.metarsis.ro\/index.php?rest_route=%2Fwp%2Fv2%2Fcategories&post=8869"},{"taxonomy":"post_tag","embeddable":true,"href":"https:\/\/semndecarte.metarsis.ro\/index.php?rest_route=%2Fwp%2Fv2%2Ftags&post=8869"}],"curies":[{"name":"wp","href":"https:\/\/api.w.org\/{rel}","templated":true}]}}