{"id":8834,"date":"2015-03-27T19:41:49","date_gmt":"2015-03-27T17:41:49","guid":{"rendered":"http:\/\/semndecarte.metarsis.ro\/?p=8834"},"modified":"2015-03-27T19:41:49","modified_gmt":"2015-03-27T17:41:49","slug":"ora-pamantului","status":"publish","type":"post","link":"https:\/\/semndecarte.metarsis.ro\/?p=8834","title":{"rendered":"Ora P\u0103m\u00e2ntului"},"content":{"rendered":"<p style=\"text-align: justify;\"><a href=\"http:\/\/semndecarte.metarsis.ro\/wp-content\/uploads\/2015\/03\/ora-pamantului.jpg\" rel=\"lightbox[8834]\"><img loading=\"lazy\" class=\"alignleft size-full wp-image-8836\" src=\"http:\/\/semndecarte.metarsis.ro\/wp-content\/uploads\/2015\/03\/ora-pamantului.jpg\" alt=\"Celebrating Earth Hour 2010, Canada\" width=\"520\" height=\"179\" srcset=\"https:\/\/semndecarte.metarsis.ro\/wp-content\/uploads\/2015\/03\/ora-pamantului.jpg 520w, https:\/\/semndecarte.metarsis.ro\/wp-content\/uploads\/2015\/03\/ora-pamantului-160x55.jpg 160w, https:\/\/semndecarte.metarsis.ro\/wp-content\/uploads\/2015\/03\/ora-pamantului-163x56.jpg 163w\" sizes=\"(max-width: 520px) 100vw, 520px\" \/><\/a>S\u00e2mb\u0103t\u0103, 28 martie 2015, la libr\u0103ria Semn de Carte din Re\u0219i\u021ba, str. Libert\u0103\u021bii 13, va fi marcat\u0103, ca \u00een fiecare an, Ziua P\u0103m\u00e2ntului.<\/p>\n<p style=\"text-align: justify;\">Vom stinge, simbolic, luminile \u00eentre orele 20:30- 21:30, al\u0103tur\u00e2ndu-ne celei mai mari mi\u0219c\u0103ri voluntare de mediu din toate timpurile, din respect fa\u0163\u0103 de Natur\u0103.<\/p>\n<p style=\"text-align: justify;\">Din respect fa\u021b\u0103 de Natur\u0103 vom petrece Ora Pamantului \u00eentre prieteni, la lumina lum\u00e2n\u0103rilor, <!--more-->ascult\u00e2nd chitara m\u00e2ng\u00e2iat\u0103 de Lucian Duca.<\/p>\n<p style=\"text-align: justify;\">Eveniment organizat de Metarsis- activit\u0103\u021bi \u0219i servicii de cultur\u0103 urban\u0103 \u0219i art\u0103 contemporan\u0103, Euroland Banat Association \u0219i Piperiu Arte.<\/p>\n","protected":false},"excerpt":{"rendered":"<p>S\u00e2mb\u0103t\u0103, 28 martie 2015, la libr\u0103ria Semn de Carte din Re\u0219i\u021ba, str. Libert\u0103\u021bii 13, va fi marcat\u0103, ca \u00een fiecare an, Ziua P\u0103m\u00e2ntului.<br \/>\nVom stinge, simbolic, luminile \u00eentre orele 20:30- 21:30, al\u0103tur\u00e2ndu-ne celei mai mari mi\u0219c\u0103ri voluntare de mediu din toate timpurile, din respect fa\u0163\u0103 de Natur\u0103.<br \/>\nDin respect fa\u021b\u0103 de Natur\u0103 vom petrece Ora Pamantului \u00eentre prieteni, la lumina lum\u00e2n\u0103rilor,<\/p>\n","protected":false},"author":1,"featured_media":0,"comment_status":"open","ping_status":"open","sticky":false,"template":"","format":"standard","meta":[],"categories":[3],"tags":[381],"_links":{"self":[{"href":"https:\/\/semndecarte.metarsis.ro\/index.php?rest_route=\/wp\/v2\/posts\/8834"}],"collection":[{"href":"https:\/\/semndecarte.metarsis.ro\/index.php?rest_route=\/wp\/v2\/posts"}],"about":[{"href":"https:\/\/semndecarte.metarsis.ro\/index.php?rest_route=\/wp\/v2\/types\/post"}],"author":[{"embeddable":true,"href":"https:\/\/semndecarte.metarsis.ro\/index.php?rest_route=\/wp\/v2\/users\/1"}],"replies":[{"embeddable":true,"href":"https:\/\/semndecarte.metarsis.ro\/index.php?rest_route=%2Fwp%2Fv2%2Fcomments&post=8834"}],"version-history":[{"count":0,"href":"https:\/\/semndecarte.metarsis.ro\/index.php?rest_route=\/wp\/v2\/posts\/8834\/revisions"}],"wp:attachment":[{"href":"https:\/\/semndecarte.metarsis.ro\/index.php?rest_route=%2Fwp%2Fv2%2Fmedia&parent=8834"}],"wp:term":[{"taxonomy":"category","embeddable":true,"href":"https:\/\/semndecarte.metarsis.ro\/index.php?rest_route=%2Fwp%2Fv2%2Fcategories&post=8834"},{"taxonomy":"post_tag","embeddable":true,"href":"https:\/\/semndecarte.metarsis.ro\/index.php?rest_route=%2Fwp%2Fv2%2Ftags&post=8834"}],"curies":[{"name":"wp","href":"https:\/\/api.w.org\/{rel}","templated":true}]}}