{"id":8831,"date":"2015-03-24T20:26:02","date_gmt":"2015-03-24T18:26:02","guid":{"rendered":"http:\/\/semndecarte.metarsis.ro\/?p=8831"},"modified":"2015-03-24T20:28:20","modified_gmt":"2015-03-24T18:28:20","slug":"7-obiective-in-banatul-montan-sens-unic","status":"publish","type":"post","link":"https:\/\/semndecarte.metarsis.ro\/?p=8831","title":{"rendered":"7 obiective \u00een Banatul Montan. Sens Unic."},"content":{"rendered":"<p><strong><a href=\"http:\/\/semndecarte.metarsis.ro\/wp-content\/uploads\/2015\/03\/cop3.jpg\" rel=\"lightbox[8831]\"><img loading=\"lazy\" class=\"alignleft size-full wp-image-8832\" src=\"http:\/\/semndecarte.metarsis.ro\/wp-content\/uploads\/2015\/03\/cop3.jpg\" alt=\"cop\" width=\"520\" height=\"200\" srcset=\"https:\/\/semndecarte.metarsis.ro\/wp-content\/uploads\/2015\/03\/cop3.jpg 520w, https:\/\/semndecarte.metarsis.ro\/wp-content\/uploads\/2015\/03\/cop3-160x61.jpg 160w, https:\/\/semndecarte.metarsis.ro\/wp-content\/uploads\/2015\/03\/cop3-163x62.jpg 163w\" sizes=\"(max-width: 520px) 100vw, 520px\" \/><\/a>Expo foto. Muzic\u0103 unplugged.<\/strong><\/p>\n<p style=\"text-align: justify;\">Libr\u0103ria Semn de Carte din Re\u0219i\u021ba, str.\u00a0Libert\u0103\u021bii 13, v\u0103 invit\u0103 joi, 26 martie 2015, orele 18, la vernisajul expozi\u021biei de fotografie \u00a0\u201c7 obiective \u00een Banatul Montan\u201d. Expun pe simezele Semnului de Carte: Flavian Savescu, Bujorel Purice, Vali Marin, Daniel Pu\u015fc\u0103u, Petre Dalea, Georgian Malinetescu \u0219i Dan Purice, membri ai\u00a0\u00a0Asocia\u021biei\u00a0\u201eFoto Club Banatul Montan\u201d, pasiona\u021bi de arta fotografic\u0103.\u00a0 <!--more-->Reuni\u021bi sub sloganul \u201ePasiunea aceasta ne aduce bucurie. Nu e doar un hobby, este FOTO TERAPIE!\u201d cei 7 arti\u0219ti fotografi aduc \u00een fa\u021ba re\u0219i\u021benilor portrete \u0219i peisaje de excep\u021bie surprinse de obiectivele aparatelor\u00a0\u00een acest minunat col\u021b de \u021bar\u0103- Banatul Montan.<\/p>\n<p style=\"text-align: justify;\">Seara\u00a0 va fi \u00eentregit\u0103 de recitalul unplugged al tinerilor de la SENS UNIC: Diana Z\u0103stran- voce, Oana Fara- voce, Oana Voicu- cajon \u0219i Vlad Cranganu- chitar\u0103, voce.<\/p>\n<p style=\"text-align: justify;\">Invita\u021bi speciali: Gheorghe Popovici- prof. univ. dr. UEM Re\u0219i\u021ba, Membru de Onoare al Asocia\u0163iei \u201cFoto Club Banatul Montan\u201d, Doru Dinu Gl\u0103van -jurnalist, pre\u0219edinte UZP Rom\u00e2nia, Laura Piperiu &#8211; specialist comunicare, Piperiu Arte.<\/p>\n<p>Eveniment organizat de METARSIS- activit\u0103ti \u0219i servicii de cultur\u0103 urban\u0103 \u0219i art\u0103 contemporan\u0103 prin libr\u0103ria Semn de Carte \u00een parteneriat cu\u00a0 Asocia\u021bia\u00a0\u201eFoto Club Banatul Montan\u201d.<\/p>\n","protected":false},"excerpt":{"rendered":"<p>Libr\u0103ria Semn de Carte din Re\u0219i\u021ba, str. Libert\u0103\u021bii 13, v\u0103 invit\u0103 joi, 26 martie 2015, orele 18, la vernisajul expozi\u021biei de fotografie  \u201c7 obiective \u00een Banatul Montan\u201d. Expun pe simezele Semnului de Carte: Flavian Savescu, Bujorel Purice, Vali Marin, Daniel Pu\u015fc\u0103u, Petre Dalea, Georgian Malinetescu \u0219i Dan Purice, membri ai  Asocia\u021biei \u201eFoto Club Banatul Montan\u201d, pasiona\u021bi de arta fotografic\u0103.<br \/>\nSeara  va fi \u00eentregit\u0103 de recitalul unplugged al tinerilor de la SENS UNIC: Diana Z\u0103stran- voce, Oana Fara- voce, Oana Voicu- cajon \u0219i Vlad Cranganu- chitar\u0103, voce. <\/p>\n","protected":false},"author":1,"featured_media":0,"comment_status":"open","ping_status":"open","sticky":false,"template":"","format":"standard","meta":[],"categories":[3],"tags":[234,348],"_links":{"self":[{"href":"https:\/\/semndecarte.metarsis.ro\/index.php?rest_route=\/wp\/v2\/posts\/8831"}],"collection":[{"href":"https:\/\/semndecarte.metarsis.ro\/index.php?rest_route=\/wp\/v2\/posts"}],"about":[{"href":"https:\/\/semndecarte.metarsis.ro\/index.php?rest_route=\/wp\/v2\/types\/post"}],"author":[{"embeddable":true,"href":"https:\/\/semndecarte.metarsis.ro\/index.php?rest_route=\/wp\/v2\/users\/1"}],"replies":[{"embeddable":true,"href":"https:\/\/semndecarte.metarsis.ro\/index.php?rest_route=%2Fwp%2Fv2%2Fcomments&post=8831"}],"version-history":[{"count":0,"href":"https:\/\/semndecarte.metarsis.ro\/index.php?rest_route=\/wp\/v2\/posts\/8831\/revisions"}],"wp:attachment":[{"href":"https:\/\/semndecarte.metarsis.ro\/index.php?rest_route=%2Fwp%2Fv2%2Fmedia&parent=8831"}],"wp:term":[{"taxonomy":"category","embeddable":true,"href":"https:\/\/semndecarte.metarsis.ro\/index.php?rest_route=%2Fwp%2Fv2%2Fcategories&post=8831"},{"taxonomy":"post_tag","embeddable":true,"href":"https:\/\/semndecarte.metarsis.ro\/index.php?rest_route=%2Fwp%2Fv2%2Ftags&post=8831"}],"curies":[{"name":"wp","href":"https:\/\/api.w.org\/{rel}","templated":true}]}}