{"id":8811,"date":"2015-03-07T12:13:10","date_gmt":"2015-03-07T10:13:10","guid":{"rendered":"http:\/\/semndecarte.metarsis.ro\/?p=8811"},"modified":"2015-03-07T12:13:10","modified_gmt":"2015-03-07T10:13:10","slug":"drumetind-cu-iancsi-mato","status":"publish","type":"post","link":"https:\/\/semndecarte.metarsis.ro\/?p=8811","title":{"rendered":"Drumetind cu Iancsi Mato"},"content":{"rendered":"<p style=\"text-align: justify;\"><a href=\"http:\/\/semndecarte.metarsis.ro\/wp-content\/uploads\/2015\/03\/cop1.jpg\" rel=\"lightbox[8811]\"><img loading=\"lazy\" class=\"alignleft size-full wp-image-8812\" src=\"http:\/\/semndecarte.metarsis.ro\/wp-content\/uploads\/2015\/03\/cop1.jpg\" alt=\"cop\" width=\"520\" height=\"200\" srcset=\"https:\/\/semndecarte.metarsis.ro\/wp-content\/uploads\/2015\/03\/cop1.jpg 520w, https:\/\/semndecarte.metarsis.ro\/wp-content\/uploads\/2015\/03\/cop1-160x61.jpg 160w, https:\/\/semndecarte.metarsis.ro\/wp-content\/uploads\/2015\/03\/cop1-163x62.jpg 163w\" sizes=\"(max-width: 520px) 100vw, 520px\" \/><\/a>La \u00eent\u00e2lnirea din luna martie\u00a0Ioan Mato jr., cel c\u0103ruia prietenii \u00eei spun Iancsi, ne-a purtat prin imaginile prezentate la libr\u0103ria Semn de Carte \u00een frumoase drume\u021bii de-a lungul \u0219i de-a latul Banatului Montan si nu numai.\u00a0<!--more--><span id=\"more-7606\"><\/span>Dincolo de rucsacul mult prea \u00eenc\u0103rcat pe care Iancsi Mato- jr. l-a purtat, chinuitor, \u00een spate, \u015fi pe care \u00a0l-a tot umplut, preventiv,\u00a0cu \u201cde toate\u201d- poate-\u2018or trebui- cu bucuria unui copil care pleaca pentru prima oara \u00een excursia mult visat\u0103, r\u0103m\u00e2n pozele superbe, imagini din drumetiile sale surprinse de \u201cochiul fotografului\u201d- parte talent mo\u015ftenit- parte \u015fcoala tat\u0103lui- renumitul fotograf \u00a0Ioan Mato-sr. Imagini \u00a0pe care Iancsi, cu acea\u015fi bucurie candida le-a d\u0103ruit celor prezen\u0163i, nu pu\u0163ini la num\u0103r.<\/p>\n","protected":false},"excerpt":{"rendered":"<p>La \u00eent\u00e2lnirea din luna martie Ioan Mato jr., cel c\u0103ruia prietenii \u00eei spun Iancsi, ne-a purtat prin imaginile prezentate la libr\u0103ria Semn de Carte \u00een frumoase drume\u021bii de-a lungul \u0219i de-a latul Banatului Montan si nu numai. <\/p>\n","protected":false},"author":1,"featured_media":0,"comment_status":"open","ping_status":"open","sticky":false,"template":"","format":"standard","meta":[],"categories":[7],"tags":[418,417],"_links":{"self":[{"href":"https:\/\/semndecarte.metarsis.ro\/index.php?rest_route=\/wp\/v2\/posts\/8811"}],"collection":[{"href":"https:\/\/semndecarte.metarsis.ro\/index.php?rest_route=\/wp\/v2\/posts"}],"about":[{"href":"https:\/\/semndecarte.metarsis.ro\/index.php?rest_route=\/wp\/v2\/types\/post"}],"author":[{"embeddable":true,"href":"https:\/\/semndecarte.metarsis.ro\/index.php?rest_route=\/wp\/v2\/users\/1"}],"replies":[{"embeddable":true,"href":"https:\/\/semndecarte.metarsis.ro\/index.php?rest_route=%2Fwp%2Fv2%2Fcomments&post=8811"}],"version-history":[{"count":0,"href":"https:\/\/semndecarte.metarsis.ro\/index.php?rest_route=\/wp\/v2\/posts\/8811\/revisions"}],"wp:attachment":[{"href":"https:\/\/semndecarte.metarsis.ro\/index.php?rest_route=%2Fwp%2Fv2%2Fmedia&parent=8811"}],"wp:term":[{"taxonomy":"category","embeddable":true,"href":"https:\/\/semndecarte.metarsis.ro\/index.php?rest_route=%2Fwp%2Fv2%2Fcategories&post=8811"},{"taxonomy":"post_tag","embeddable":true,"href":"https:\/\/semndecarte.metarsis.ro\/index.php?rest_route=%2Fwp%2Fv2%2Ftags&post=8811"}],"curies":[{"name":"wp","href":"https:\/\/api.w.org\/{rel}","templated":true}]}}