{"id":8807,"date":"2015-03-02T17:48:46","date_gmt":"2015-03-02T15:48:46","guid":{"rendered":"http:\/\/semndecarte.metarsis.ro\/?p=8807"},"modified":"2015-03-03T10:40:59","modified_gmt":"2015-03-03T08:40:59","slug":"primavara-colorata","status":"publish","type":"post","link":"https:\/\/semndecarte.metarsis.ro\/?p=8807","title":{"rendered":"Prim\u0103var\u0103 colorat\u0103"},"content":{"rendered":"<p style=\"text-align: justify;\"><a href=\"http:\/\/semndecarte.metarsis.ro\/wp-content\/uploads\/2015\/03\/DSC_4217.jpg\" rel=\"lightbox[8807]\"><img loading=\"lazy\" class=\"alignleft size-full wp-image-8809\" src=\"http:\/\/semndecarte.metarsis.ro\/wp-content\/uploads\/2015\/03\/DSC_4217.jpg\" alt=\"DSC_4217\" width=\"520\" height=\"200\" srcset=\"https:\/\/semndecarte.metarsis.ro\/wp-content\/uploads\/2015\/03\/DSC_4217.jpg 520w, https:\/\/semndecarte.metarsis.ro\/wp-content\/uploads\/2015\/03\/DSC_4217-160x61.jpg 160w, https:\/\/semndecarte.metarsis.ro\/wp-content\/uploads\/2015\/03\/DSC_4217-163x62.jpg 163w\" sizes=\"(max-width: 520px) 100vw, 520px\" \/><\/a>\u00a0Nik Potocean \u0219i Happy Girls<\/p>\n<p style=\"text-align: justify;\">\u00a0Miercuri, 4 martie 2014, ora 18.00, la libr\u0103ria Semn de Carte din Re\u0219i\u021ba, str. Libert\u0103\u021bii 13, va avea loc vernisajul Expozi\u0163iei de pictur\u0103 \u201eAnotimpuri\u201d. Lucr\u0103rile poart\u0103 semn\u0103tura boc\u015feanului Nicolae Potocean.<\/p>\n<p style=\"text-align: justify;\">Dupa succesul repurtat \u00een localitatea de ba\u0219tin\u0103- Boc\u0219a, Nik Potocean aduce \u00een fa\u021ba re\u0219i\u021benilor peisaje \u0219i d\u2019apres-uri, \u00eentr-o explozie de culoare.<\/p>\n<p style=\"text-align: justify;\">Moment muzical sus\u021binut de HAPPY GIRLS Re\u0219i\u021ba: \u00a0Flavia Staicu-chitar\u0103, voce \u0219i Carmen Melu\u021b-percu\u021bie.<\/p>\n<p style=\"text-align: justify;\">Invita\u021bi speciali Doina Hlinka- instructor Deutches Kunst Re\u0219i\u021ba al FDGR Cara\u0219-Severin \u0219i Gustav Hlinka- pre\u0219edinte UAP Re\u0219i\u021ba, artist plastic<!--more-->.<\/p>\n<p style=\"text-align: justify;\">V\u0103 a\u0219tept\u0103m la o sear\u0103 plin\u0103 de sunete \u0219i culori d\u0103ruite de oameni ale\u0219i vou\u0103, doamnelor \u0219i domni\u0219oarelor, la \u00eencelut de prim\u0103var\u0103.<\/p>\n<p style=\"text-align: justify;\">Eveniment organizat de Metarsis- activit\u0103\u021bi \u0219i servicii de cultur\u0103 urban\u0103 \u0219i art\u0103 contemporan\u0103 prin libr\u0103ria Semn de Carte \u0219i Biblioteca Or\u0103\u0219eneasc\u0103 Boc\u0219a.<\/p>\n","protected":false},"excerpt":{"rendered":"<p> Miercuri, 4 martie 2014, ora 18.00, la libr\u0103ria Semn de Carte din Re\u0219i\u021ba, str. Libert\u0103\u021bii 13, va avea loc vernisajul Expozi\u0163iei de pictur\u0103 \u201eAnotimpuri\u201d. Lucr\u0103rile poart\u0103 semn\u0103tura boc\u015feanului Nicolae Potocean.<\/p>\n","protected":false},"author":1,"featured_media":0,"comment_status":"open","ping_status":"open","sticky":false,"template":"","format":"standard","meta":[],"categories":[3],"tags":[234,241],"_links":{"self":[{"href":"https:\/\/semndecarte.metarsis.ro\/index.php?rest_route=\/wp\/v2\/posts\/8807"}],"collection":[{"href":"https:\/\/semndecarte.metarsis.ro\/index.php?rest_route=\/wp\/v2\/posts"}],"about":[{"href":"https:\/\/semndecarte.metarsis.ro\/index.php?rest_route=\/wp\/v2\/types\/post"}],"author":[{"embeddable":true,"href":"https:\/\/semndecarte.metarsis.ro\/index.php?rest_route=\/wp\/v2\/users\/1"}],"replies":[{"embeddable":true,"href":"https:\/\/semndecarte.metarsis.ro\/index.php?rest_route=%2Fwp%2Fv2%2Fcomments&post=8807"}],"version-history":[{"count":0,"href":"https:\/\/semndecarte.metarsis.ro\/index.php?rest_route=\/wp\/v2\/posts\/8807\/revisions"}],"wp:attachment":[{"href":"https:\/\/semndecarte.metarsis.ro\/index.php?rest_route=%2Fwp%2Fv2%2Fmedia&parent=8807"}],"wp:term":[{"taxonomy":"category","embeddable":true,"href":"https:\/\/semndecarte.metarsis.ro\/index.php?rest_route=%2Fwp%2Fv2%2Fcategories&post=8807"},{"taxonomy":"post_tag","embeddable":true,"href":"https:\/\/semndecarte.metarsis.ro\/index.php?rest_route=%2Fwp%2Fv2%2Ftags&post=8807"}],"curies":[{"name":"wp","href":"https:\/\/api.w.org\/{rel}","templated":true}]}}