{"id":8779,"date":"2015-02-08T15:43:30","date_gmt":"2015-02-08T13:43:30","guid":{"rendered":"http:\/\/semndecarte.metarsis.ro\/?p=8779"},"modified":"2015-02-08T15:44:15","modified_gmt":"2015-02-08T13:44:15","slug":"prieteni-ai-muntilor","status":"publish","type":"post","link":"https:\/\/semndecarte.metarsis.ro\/?p=8779","title":{"rendered":"Prieteni ai mun\u0163ilor"},"content":{"rendered":"<p style=\"text-align: justify;\"><a href=\"http:\/\/semndecarte.metarsis.ro\/wp-content\/uploads\/2015\/02\/cop-12-2014.jpg\" rel=\"lightbox[8779]\"><img loading=\"lazy\" class=\"alignleft size-full wp-image-8780\" src=\"http:\/\/semndecarte.metarsis.ro\/wp-content\/uploads\/2015\/02\/cop-12-2014.jpg\" alt=\"cop 12-2014\" width=\"520\" height=\"200\" srcset=\"https:\/\/semndecarte.metarsis.ro\/wp-content\/uploads\/2015\/02\/cop-12-2014.jpg 520w, https:\/\/semndecarte.metarsis.ro\/wp-content\/uploads\/2015\/02\/cop-12-2014-160x61.jpg 160w, https:\/\/semndecarte.metarsis.ro\/wp-content\/uploads\/2015\/02\/cop-12-2014-163x62.jpg 163w\" sizes=\"(max-width: 520px) 100vw, 520px\" \/><\/a>Mar\u0163i 3 februarie 2015, cu\u00eencepere de la ora 18 la libr\u0103ria \u201cSemn de Carte\u201d din Re\u015fi\u0163a, \u201cdrume\u0163ii\u201d re\u015fi\u0163eni, prieteni ai mun\u0163ilor, s-au \u00eent\u00e2lnit pentru a redeschide,\u00a0 deja tradi\u0163ionalele, seri de prezent\u0103ri\u00a0 foto video.<\/p>\n<p>\u00centr-o ambian\u0163\u0103 destins\u0103, prieteneasc\u0103,\u00a0 \u00eenc\u0103lzit\u0103 de \u0163uica fiart\u0103 \u015fi afinata de G\u0103r\u00e2na, pe care numai la libr\u0103ria\u00a0 Semn de Carte o po\u0163i g\u0103si, col.(r) Popoviciu Gheorghe a dat starul acestor \u00a0\u00a0activit\u0103\u0163i prezent\u00e2nd\u00a0 mai multe realiz\u0103ri video\u00a0 din drume\u0163iile anului \u00a02014 dintre care amintim:<!--more--><\/p>\n<p style=\"text-align: justify;\"><strong><em>*Frumuse\u0163ile Cazanelor Dun\u0103rii<\/em><\/strong>, -videoclip realizat \u00een urma unei excursii desf\u0103\u015furate la jum\u0103tatea lunii septembrie 2014\u00a0 pe\u00a0 traseul Moldova Nou\u0103, Tri Cule, Dubova, croazier\u0103 pe Dun\u0103re -golful Macronia, Dubova \u015fi pe\u015ftera Ponicova. La re\u00eentoarcere s-a vizitat m\u00e2n\u0103stirea Macronea, s-a urcat pe Ciucarul Mare de unde am admirat priveli\u015ftea \u00eenc\u00e2nt\u0103tore a \u201eCazanelor\u201d.<\/p>\n<p style=\"text-align: justify;\"><strong><em>*Kirchweih G\u0103r\u00e2na 2014-<\/em><\/strong>videoclip realizat\u00a0 \u00een 11 0ctombrie 2014 care prezint\u0103 pe l\u00e2ng\u0103 frumuse\u0163ile zonei \u015fi tradi\u0163iile \u201cpemilor\u201d din banatul de munte.<\/p>\n<p style=\"text-align: justify;\">* <strong><em>\u00cempodobirea pomului pe Ar\u015fi\u0163a<\/em><\/strong> \u2013 videoclip realizat \u00een\u00a0 duminica ce precede s\u0103rb\u0103toarea de Cr\u0103ciun pe v\u00e2rful Ar\u015fi\u0163a din apropierea Re\u015fi\u0163ei, activitate ce a devenit deja tradi\u0163ional\u0103 \u00een grup.<\/p>\n<p style=\"text-align: justify;\">*<strong><em>Ghica 2 ianuarie 2015<\/em><\/strong> -videoclip realizat la o alta activitate tradi\u0163ional\u0103 a grupului, care \u00een acest an a marcat a 30 aniversare \u015fi const\u0103 \u00een deplasarea \u00een 2 ianuarie a grupului pe v\u00e2rful Ghica\u00a0 unde, grupul marcheaz\u0103 trecerea \u00een Noul An . (col.(r) Popoviciu Gheorghe)<\/p>\n<p style=\"text-align: justify;\"><a href=\"http:\/\/semndecarte.metarsis.ro\/wp-content\/uploads\/2015\/02\/5.jpg\" rel=\"lightbox[8779]\"><img loading=\"lazy\" class=\"alignleft size-thumbnail wp-image-8785\" src=\"http:\/\/semndecarte.metarsis.ro\/wp-content\/uploads\/2015\/02\/4-95x95.jpg\" alt=\"4\" width=\"95\" height=\"95\" \/><\/a> <a href=\"http:\/\/semndecarte.metarsis.ro\/wp-content\/uploads\/2015\/02\/1.jpg\" rel=\"lightbox[8779]\"><img loading=\"lazy\" class=\"alignleft size-thumbnail wp-image-8782\" src=\"http:\/\/semndecarte.metarsis.ro\/wp-content\/uploads\/2015\/02\/1-95x95.jpg\" alt=\"1\" width=\"95\" height=\"95\" \/><img loading=\"lazy\" class=\"alignleft size-thumbnail wp-image-8781\" src=\"http:\/\/semndecarte.metarsis.ro\/wp-content\/uploads\/2015\/02\/5-95x95.jpg\" alt=\"5\" width=\"95\" height=\"95\" \/><\/a> <a href=\"http:\/\/semndecarte.metarsis.ro\/wp-content\/uploads\/2015\/02\/2.jpg\" rel=\"lightbox[8779]\"><img loading=\"lazy\" class=\"alignleft size-thumbnail wp-image-8783\" src=\"http:\/\/semndecarte.metarsis.ro\/wp-content\/uploads\/2015\/02\/2-95x95.jpg\" alt=\"2\" width=\"95\" height=\"95\" \/><\/a> <a href=\"http:\/\/semndecarte.metarsis.ro\/wp-content\/uploads\/2015\/02\/3.jpg\" rel=\"lightbox[8779]\"><img loading=\"lazy\" class=\"alignleft size-thumbnail wp-image-8784\" src=\"http:\/\/semndecarte.metarsis.ro\/wp-content\/uploads\/2015\/02\/3-95x95.jpg\" alt=\"3\" width=\"95\" height=\"95\" \/><\/a><\/p>\n<p>&nbsp;<\/p>\n","protected":false},"excerpt":{"rendered":"<p>Mar\u0163i 3 februarie 2015, cu\u00eencepere de la ora 18 la libr\u0103ria \u201cSemn de Carte\u201d din Re\u015fi\u0163a, \u201cdrume\u0163ii\u201d re\u015fi\u0163eni, prieteni ai mun\u0163ilor, s-au \u00eent\u00e2lnit pentru a redeschide,  deja tradi\u0163ionalele, seri de prezent\u0103ri  foto video.<\/p>\n","protected":false},"author":1,"featured_media":0,"comment_status":"open","ping_status":"open","sticky":false,"template":"","format":"standard","meta":[],"categories":[6,7],"tags":[319],"_links":{"self":[{"href":"https:\/\/semndecarte.metarsis.ro\/index.php?rest_route=\/wp\/v2\/posts\/8779"}],"collection":[{"href":"https:\/\/semndecarte.metarsis.ro\/index.php?rest_route=\/wp\/v2\/posts"}],"about":[{"href":"https:\/\/semndecarte.metarsis.ro\/index.php?rest_route=\/wp\/v2\/types\/post"}],"author":[{"embeddable":true,"href":"https:\/\/semndecarte.metarsis.ro\/index.php?rest_route=\/wp\/v2\/users\/1"}],"replies":[{"embeddable":true,"href":"https:\/\/semndecarte.metarsis.ro\/index.php?rest_route=%2Fwp%2Fv2%2Fcomments&post=8779"}],"version-history":[{"count":0,"href":"https:\/\/semndecarte.metarsis.ro\/index.php?rest_route=\/wp\/v2\/posts\/8779\/revisions"}],"wp:attachment":[{"href":"https:\/\/semndecarte.metarsis.ro\/index.php?rest_route=%2Fwp%2Fv2%2Fmedia&parent=8779"}],"wp:term":[{"taxonomy":"category","embeddable":true,"href":"https:\/\/semndecarte.metarsis.ro\/index.php?rest_route=%2Fwp%2Fv2%2Fcategories&post=8779"},{"taxonomy":"post_tag","embeddable":true,"href":"https:\/\/semndecarte.metarsis.ro\/index.php?rest_route=%2Fwp%2Fv2%2Ftags&post=8779"}],"curies":[{"name":"wp","href":"https:\/\/api.w.org\/{rel}","templated":true}]}}