{"id":8764,"date":"2015-02-01T13:51:25","date_gmt":"2015-02-01T11:51:25","guid":{"rendered":"http:\/\/semndecarte.metarsis.ro\/?p=8764"},"modified":"2015-02-01T13:51:25","modified_gmt":"2015-02-01T11:51:25","slug":"hora-unirii","status":"publish","type":"post","link":"https:\/\/semndecarte.metarsis.ro\/?p=8764","title":{"rendered":"Hora Unirii"},"content":{"rendered":"<p style=\"text-align: justify;\"><a href=\"http:\/\/semndecarte.metarsis.ro\/wp-content\/uploads\/2015\/02\/cop1.jpg\" rel=\"lightbox[8764]\"><img loading=\"lazy\" class=\"alignleft size-full wp-image-8765\" src=\"http:\/\/semndecarte.metarsis.ro\/wp-content\/uploads\/2015\/02\/cop1.jpg\" alt=\"Clasa a IV-a B de la \u015ecoala Gimnazial\u0103 Nr. 2 Re\u015fi\u0163a\" width=\"520\" height=\"266\" srcset=\"https:\/\/semndecarte.metarsis.ro\/wp-content\/uploads\/2015\/02\/cop1.jpg 520w, https:\/\/semndecarte.metarsis.ro\/wp-content\/uploads\/2015\/02\/cop1-160x81.jpg 160w, https:\/\/semndecarte.metarsis.ro\/wp-content\/uploads\/2015\/02\/cop1-163x83.jpg 163w\" sizes=\"(max-width: 520px) 100vw, 520px\" \/><\/a>Vineri, 23 ianuarie 2015, elevii clasei a IV-a B de la \u015ecoala Gimnazial\u0103 Nr. 2 Re\u015fi\u0163a au s\u0103rb\u0103torit 156 de ani de la Unirea Principatelor Rom\u00e2ne printr-o activitate intitulat\u0103 \u201eHai s\u0103 d\u0103m m\u00e2n\u0103 cu m\u00e2n\u0103!\u201d.<\/p>\n<p style=\"text-align: justify;\">Activitatea propus\u0103 de prof. \u00eenv. primar Ozana Dr\u0103gil\u0103 a debutat la \u015fcoal\u0103, unde elevii au aflat informa\u0163ii despre evenimentul unirii de la prof. Caius S\u0103c\u0103rin \u2013 muzeograf al Muzeului Banatului Montan Re\u015fi\u0163a, al\u0103turi de care au \u00eencins \u00een sala de clas\u0103 o \u201eHor\u0103 a Unirii\u201d.<!--more--><\/p>\n<p style=\"text-align: justify;\">Mai apoi, elevii s-au deplasat \u00eempreun\u0103 cu d-na \u00eenv\u0103\u0163\u0103toare la libr\u0103ria \u201eSemn de carte\u201d din Re\u015fi\u0163a \u2013 partenerul nostru. Aici, copiii au participat la un concurs de cuno\u015ftin\u0163e despre unire, verific\u00e2ndu-\u015fi \u00a0astfel achizi\u0163iile legate de evenimentul Unirii de la 24 Ianuarie 1859. Concursul a cuprins la final \u015fi o prob\u0103 de crea\u0163ie artistico-plastic\u0103, const\u00e2nd \u00een redarea unor momente sau simboluri ale unirii.<\/p>\n<p style=\"text-align: justify;\">Pentru toate activit\u0103\u0163ile la care au participat activ, elevii au fost recompensa\u0163i cu diplome \u015fi cu bomboane \u2013 \u201eron\u0163i-bombon\u0163i\u201d de la gazda noastr\u0103 \u2013 ARIcel ISTE\u0162. (prof. \u00eenv. primar Ozana Dr\u0103gil\u0103)<\/p>\n<p><a href=\"http:\/\/semndecarte.metarsis.ro\/wp-content\/uploads\/2015\/02\/Unirea-principatelor-002.jpg\" rel=\"lightbox[8764]\"><img loading=\"lazy\" class=\"alignleft wp-image-8772 size-thumbnail\" src=\"http:\/\/semndecarte.metarsis.ro\/wp-content\/uploads\/2015\/02\/Unirea-principatelor-002-95x95.jpg\" alt=\"Unirea principatelor 002\" width=\"95\" height=\"95\" \/><img loading=\"lazy\" class=\"alignleft wp-image-8773 size-thumbnail\" src=\"http:\/\/semndecarte.metarsis.ro\/wp-content\/uploads\/2015\/02\/Unirea-principatelor-003-95x95.jpg\" alt=\"Unirea principatelor 003\" width=\"95\" height=\"95\" \/><\/a><a href=\"http:\/\/semndecarte.metarsis.ro\/wp-content\/uploads\/2015\/02\/Unirea-principatelor-009.jpg\" rel=\"lightbox[8764]\"><img loading=\"lazy\" class=\"alignleft wp-image-8769 size-thumbnail\" src=\"http:\/\/semndecarte.metarsis.ro\/wp-content\/uploads\/2015\/02\/Unirea-principatelor-017-95x95.jpg\" alt=\"Unirea principatelor 017\" width=\"95\" height=\"95\" \/><img loading=\"lazy\" class=\"alignleft wp-image-8778 size-thumbnail\" src=\"http:\/\/semndecarte.metarsis.ro\/wp-content\/uploads\/2015\/02\/Unirea-principatelor-014-95x95.jpg\" alt=\"Unirea principatelor 014\" width=\"95\" height=\"95\" \/><img loading=\"lazy\" class=\"alignleft wp-image-8774 size-thumbnail\" src=\"http:\/\/semndecarte.metarsis.ro\/wp-content\/uploads\/2015\/02\/Unirea-principatelor-009-95x95.jpg\" alt=\"Unirea principatelor 009\" width=\"95\" height=\"95\" \/><\/a> <a href=\"http:\/\/semndecarte.metarsis.ro\/wp-content\/uploads\/2015\/02\/Unirea-principatelor-010.jpg\" rel=\"lightbox[8764]\"><img loading=\"lazy\" class=\"alignleft wp-image-8770 size-thumbnail\" src=\"http:\/\/semndecarte.metarsis.ro\/wp-content\/uploads\/2015\/02\/Unirea-principatelor-018-95x95.jpg\" alt=\"Unirea principatelor 018\" width=\"95\" height=\"95\" \/><img loading=\"lazy\" class=\"alignleft wp-image-8775 size-thumbnail\" src=\"http:\/\/semndecarte.metarsis.ro\/wp-content\/uploads\/2015\/02\/Unirea-principatelor-010-95x95.jpg\" alt=\"Unirea principatelor 010\" width=\"95\" height=\"95\" \/><\/a> <a href=\"http:\/\/semndecarte.metarsis.ro\/wp-content\/uploads\/2015\/02\/Unirea-principatelor-011.jpg\" rel=\"lightbox[8764]\"><img loading=\"lazy\" class=\"alignleft wp-image-8776 size-thumbnail\" src=\"http:\/\/semndecarte.metarsis.ro\/wp-content\/uploads\/2015\/02\/Unirea-principatelor-011-95x95.jpg\" alt=\"Unirea principatelor 011\" width=\"95\" height=\"95\" \/><\/a> <a href=\"http:\/\/semndecarte.metarsis.ro\/wp-content\/uploads\/2015\/02\/Unirea-principatelor-019.jpg\" rel=\"lightbox[8764]\"><img loading=\"lazy\" class=\"alignleft wp-image-8777 size-thumbnail\" src=\"http:\/\/semndecarte.metarsis.ro\/wp-content\/uploads\/2015\/02\/Unirea-principatelor-012-95x95.jpg\" alt=\"Unirea principatelor 012\" width=\"95\" height=\"95\" \/><img loading=\"lazy\" class=\"alignleft wp-image-8771 size-thumbnail\" src=\"http:\/\/semndecarte.metarsis.ro\/wp-content\/uploads\/2015\/02\/Unirea-principatelor-019-95x95.jpg\" alt=\"Unirea principatelor 019\" width=\"95\" height=\"95\" \/><\/a><\/p>\n<p>&nbsp;<\/p>\n","protected":false},"excerpt":{"rendered":"<p>Vineri, 23 ianuarie 2015, elevii clasei a IV-a B de la \u015ecoala Gimnazial\u0103 Nr. 2 Re\u015fi\u0163a au s\u0103rb\u0103torit 156 de ani de la Unirea Principatelor Rom\u00e2ne printr-o activitate intitulat\u0103 \u201eHai s\u0103 d\u0103m m\u00e2n\u0103 cu m\u00e2n\u0103!\u201d.<\/p>\n","protected":false},"author":1,"featured_media":0,"comment_status":"open","ping_status":"open","sticky":false,"template":"","format":"standard","meta":[],"categories":[7],"tags":[413],"_links":{"self":[{"href":"https:\/\/semndecarte.metarsis.ro\/index.php?rest_route=\/wp\/v2\/posts\/8764"}],"collection":[{"href":"https:\/\/semndecarte.metarsis.ro\/index.php?rest_route=\/wp\/v2\/posts"}],"about":[{"href":"https:\/\/semndecarte.metarsis.ro\/index.php?rest_route=\/wp\/v2\/types\/post"}],"author":[{"embeddable":true,"href":"https:\/\/semndecarte.metarsis.ro\/index.php?rest_route=\/wp\/v2\/users\/1"}],"replies":[{"embeddable":true,"href":"https:\/\/semndecarte.metarsis.ro\/index.php?rest_route=%2Fwp%2Fv2%2Fcomments&post=8764"}],"version-history":[{"count":0,"href":"https:\/\/semndecarte.metarsis.ro\/index.php?rest_route=\/wp\/v2\/posts\/8764\/revisions"}],"wp:attachment":[{"href":"https:\/\/semndecarte.metarsis.ro\/index.php?rest_route=%2Fwp%2Fv2%2Fmedia&parent=8764"}],"wp:term":[{"taxonomy":"category","embeddable":true,"href":"https:\/\/semndecarte.metarsis.ro\/index.php?rest_route=%2Fwp%2Fv2%2Fcategories&post=8764"},{"taxonomy":"post_tag","embeddable":true,"href":"https:\/\/semndecarte.metarsis.ro\/index.php?rest_route=%2Fwp%2Fv2%2Ftags&post=8764"}],"curies":[{"name":"wp","href":"https:\/\/api.w.org\/{rel}","templated":true}]}}